{"id":5023,"date":"2026-03-09T10:01:04","date_gmt":"2026-03-09T13:01:04","guid":{"rendered":"https:\/\/elfaroonline.com.ar\/?p=5023"},"modified":"2026-03-11T08:59:58","modified_gmt":"2026-03-11T11:59:58","slug":"artesanos-catamarquenos-participaron-en-importantes-ferias-nacionales","status":"publish","type":"post","link":"https:\/\/elfaroonline.com.ar\/index.php\/2026\/03\/09\/artesanos-catamarquenos-participaron-en-importantes-ferias-nacionales\/","title":{"rendered":"Artesanos catamarque\u00f1os participaron en importantes ferias nacionales"},"content":{"rendered":"<p style=\"font-weight: 400; text-align: justify;\">Artesanos catamarque\u00f1os participaron recientemente en destacados encuentros nacionales del sector con el acompa\u00f1amiento de la Direcci\u00f3n de Artesan\u00edas, Dise\u00f1o y F\u00e1brica de Alfombras de la provincia, fortaleciendo la difusi\u00f3n del trabajo artesanal local.<\/p>\n<p style=\"font-weight: 400; text-align: justify;\">Del\u00a0<strong>12 al 16 de febrero<\/strong>, en la ciudad de\u00a0<strong>Col\u00f3n, Entre R\u00edos<\/strong>, se realiz\u00f3 la\u00a0<strong>41\u00b0 Fiesta Nacional de la Artesan\u00eda<\/strong>, uno de los eventos m\u00e1s importantes del pa\u00eds en su rubro. En representaci\u00f3n de Catamarca participaron\u00a0<strong>Sergio Cano<\/strong>, en el rubro madera, y\u00a0<strong>Germ\u00e1n Ares<\/strong>, quien trabaja combinando madera y cuero.<\/p>\n<p style=\"font-weight: 400; text-align: justify;\">Asimismo, los d\u00edas\u00a0<strong>5, 6 y 7 de marzo<\/strong>\u00a0se desarroll\u00f3 el\u00a0<strong>Encuentro Nacional de Artesanos Cahuan\u00e9<\/strong>\u00a0en\u00a0<strong>Capit\u00e1n Sarmiento<\/strong>, provincia de Buenos Aires, donde participaron las artesanas textiles\u00a0<strong>Guillermina Z\u00e1rate<\/strong>\u00a0y\u00a0<strong>M\u00f3nica Aguilar.<\/strong><\/p>\n<p style=\"font-weight: 400; text-align: justify;\">En este evento, adem\u00e1s de formar parte de la feria, ambas artesanas fueron seleccionadas para integrar la muestra institucional dedicada este a\u00f1o a\u00a0<strong>Prendas Textiles<\/strong>, un espacio que re\u00fane piezas de excelencia de todo el pa\u00eds. Entre las obras elegidas se encuentran un\u00a0<strong>poncho de vicu\u00f1a a rayas de Guillermina Z\u00e1rate<\/strong>\u00a0y un\u00a0<strong>poncho de oveja a rayas de M\u00f3nica Aguilar<\/strong>, te\u00f1ido con tintes naturales como palta, palo de mora, eucaliptus de hojas redondas, pupo, sacanza y c\u00e1scara de algarrobo. Tambi\u00e9n se destaca un\u00a0<strong>chal te\u00f1ido con c\u00e1scara de cebolla<\/strong>, trabajado con hilos de llama mediante la t\u00e9cnica de fieltro.<\/p>\n<p style=\"font-weight: 400; text-align: justify;\">La presencia de artesanos catamarque\u00f1os en estos espacios nacionales reafirma el valor cultural, t\u00e9cnico e identitario de las producciones artesanales de la provincia.<\/p>\n","protected":false},"excerpt":{"rendered":"<p>Artesanos catamarque\u00f1os participaron recientemente en destacados encuentros nacionales del sector con el acompa\u00f1amiento de la Direcci\u00f3n de Artesan\u00edas, Dise\u00f1o y F\u00e1brica de Alfombras de la provincia, fortaleciendo la difusi\u00f3n del trabajo artesanal local. Del\u00a012 al 16 de febrero, en la ciudad de\u00a0Col\u00f3n, Entre R\u00edos, se realiz\u00f3 la\u00a041\u00b0 Fiesta Nacional de la Artesan\u00eda, uno de los [&hellip;]<\/p>\n","protected":false},"author":2,"featured_media":5024,"comment_status":"open","ping_status":"open","sticky":false,"template":"","format":"standard","meta":{"footnotes":""},"categories":[20],"tags":[],"class_list":{"0":"post-5023","1":"post","2":"type-post","3":"status-publish","4":"format-standard","5":"has-post-thumbnail","7":"category-sociedad"},"aioseo_notices":[],"_links":{"self":[{"href":"https:\/\/elfaroonline.com.ar\/index.php\/wp-json\/wp\/v2\/posts\/5023","targetHints":{"allow":["GET"]}}],"collection":[{"href":"https:\/\/elfaroonline.com.ar\/index.php\/wp-json\/wp\/v2\/posts"}],"about":[{"href":"https:\/\/elfaroonline.com.ar\/index.php\/wp-json\/wp\/v2\/types\/post"}],"author":[{"embeddable":true,"href":"https:\/\/elfaroonline.com.ar\/index.php\/wp-json\/wp\/v2\/users\/2"}],"replies":[{"embeddable":true,"href":"https:\/\/elfaroonline.com.ar\/index.php\/wp-json\/wp\/v2\/comments?post=5023"}],"version-history":[{"count":1,"href":"https:\/\/elfaroonline.com.ar\/index.php\/wp-json\/wp\/v2\/posts\/5023\/revisions"}],"predecessor-version":[{"id":5025,"href":"https:\/\/elfaroonline.com.ar\/index.php\/wp-json\/wp\/v2\/posts\/5023\/revisions\/5025"}],"wp:featuredmedia":[{"embeddable":true,"href":"https:\/\/elfaroonline.com.ar\/index.php\/wp-json\/wp\/v2\/media\/5024"}],"wp:attachment":[{"href":"https:\/\/elfaroonline.com.ar\/index.php\/wp-json\/wp\/v2\/media?parent=5023"}],"wp:term":[{"taxonomy":"category","embeddable":true,"href":"https:\/\/elfaroonline.com.ar\/index.php\/wp-json\/wp\/v2\/categories?post=5023"},{"taxonomy":"post_tag","embeddable":true,"href":"https:\/\/elfaroonline.com.ar\/index.php\/wp-json\/wp\/v2\/tags?post=5023"}],"curies":[{"name":"wp","href":"https:\/\/api.w.org\/{rel}","templated":true}]}}