{"id":5026,"date":"2026-03-09T10:06:30","date_gmt":"2026-03-09T13:06:30","guid":{"rendered":"https:\/\/elfaroonline.com.ar\/?p=5026"},"modified":"2026-03-09T10:06:30","modified_gmt":"2026-03-09T13:06:30","slug":"oficializaron-la-designacion-de-sebastian-amerio-como-procurador-del-tesoro-de-la-nacion","status":"publish","type":"post","link":"https:\/\/elfaroonline.com.ar\/index.php\/2026\/03\/09\/oficializaron-la-designacion-de-sebastian-amerio-como-procurador-del-tesoro-de-la-nacion\/","title":{"rendered":"Oficializaron la designaci\u00f3n de Sebasti\u00e1n Amerio como procurador del Tesoro de la Naci\u00f3n"},"content":{"rendered":"<p style=\"text-align: justify;\">En el marco de los cambios en el\u00a0<b>Gabinete<\/b>\u00a0luego del nombramiento de\u00a0<b>Juan Bautista Mahiques<\/b> como ministro de Justicia, el Gobierno nacional oficializ\u00f3 la desginaci\u00f3n de<b>\u00a0Sebasti\u00e1n Amerio<\/b>, como nuevo titular de la\u00a0<b>Procuraci\u00f3n del Tesoro<\/b>, organismo a cargo de la representaci\u00f3n legal del Estado.<\/p>\n<p class=\"paragraph\" style=\"text-align: justify;\" data-mrf-recirculation=\"Links inline\">El nombramiento se oficializ\u00f3 mediante la publicaci\u00f3n en el Bolet\u00edn Oficial de una serie de normativas. Se trata de los decretos 141\/2026, 142\/2026 y 143\/2026, a trav\u00e9s de los cuales se acepta la renuncia de Amerio como secretario de Justicia del Ministerio y como representante del Poder Ejecutivo ante el Consejo de la Magistratura para ser designado como nuevo procurador. Como nuevo n\u00famero 2 en la cartera, fue desginado<b>\u00a0Santiago Viola<\/b>, apoderado de<b>\u00a0La Libertad Avanza<\/b>\u00a0a nivel nacional y que responde a la secretaria general de la Presidencia,<b>\u00a0Karina Milei<\/b>.<\/p>\n<div class=\"inline ad-wrapper\" style=\"text-align: justify;\">\n<div class=\"dfpAd ad-inline\"><\/div>\n<\/div>\n<p class=\"paragraph\" style=\"text-align: justify;\" data-mrf-recirculation=\"Links inline\">Para eso, tambi\u00e9n fue necesario aceptar la dimisi\u00f3n de<b>\u00a0Santigo Mar\u00eda Castro Videla\u00a0<\/b>al cargo. \u201cAgrad\u00e9cense al funcionario renunciante los servicios prestados en el desempe\u00f1o de dicho cargo\u201d, establecieron. De acuerdo con lo dispuesto, Amerio comenz\u00f3 su gesti\u00f3n a partir del 6 de marzo.<\/p>\n<p style=\"text-align: justify;\" data-mrf-recirculation=\"Links inline\">Sin embargo, este \u00faltimo no abandonar\u00e1 la gesti\u00f3n, puesto que crearon un tercer cargo de subprocurador, que ser\u00e1 ocupado por Castro Videla.<\/p>\n<p style=\"text-align: justify;\" data-mrf-recirculation=\"Links inline\">Seg\u00fan indicaron, la decisi\u00f3n la tom\u00f3 el mandatario nacional, luego de una reuni\u00f3n que mantuvo en la Quinta de Olivos con su asesor, Santiago Caputo. Despu\u00e9s de eso, <b>le ofreci\u00f3 ese cargo estrat\u00e9gico<\/b>.<\/p>\n<p class=\"paragraph\" style=\"text-align: justify;\" data-mrf-recirculation=\"Links inline\"><b>El funcionario en cuesti\u00f3n es uno de los dirigentes m\u00e1s cercanos del estratega libertario y tendr\u00e1 la misi\u00f3n de llevar la causa por la expropiaci\u00f3n de YPF.\u00a0<\/b>Seg\u00fan pudo confirmar este medio, el equipo de la Procuraci\u00f3n General del Tesoro seguir\u00e1 sin cambios.<\/p>\n<p class=\"paragraph\" style=\"text-align: justify;\" data-mrf-recirculation=\"Links inline\">Por la ma\u00f1ana, Milei recibi\u00f3 a Caputo en la residencia oficial para conversar sobre el nuevo esquema del\u00a0<b>Poder Ejecutivo<\/b>\u00a0tras la salida de\u00a0<b>Mariano C\u00faneo Libarona<\/b>\u00a0y la llegada de Mahiques.<\/p>\n<p class=\"paragraph\" style=\"text-align: justify;\" data-mrf-recirculation=\"Links inline\">El hasta ese momento fiscal de la\u00a0<b>Ciudad de Buenos Aires<\/b>\u00a0no era la primera opci\u00f3n del consultor, que propon\u00eda para ese lugar al legislador bonaerense\u00a0<b>Guillermo Montenegro<\/b>, ex intendente de\u00a0<b>General Pueyrred\u00f3n<\/b>, partido en el que se encuentra\u00a0<b>Mar del Plata<\/b>.<\/p>\n<p class=\"paragraph\" style=\"text-align: justify;\" data-mrf-recirculation=\"Links inline\">\u201cHasta la semana pasada, incluso le convenc\u00eda hasta al propio Presidente, porque era alguien que pasaba el filtro de todos. No s\u00e9 qu\u00e9 cambi\u00f3 en el medio\u201d, sostuvo uno de los integrantes de la mesa pol\u00edtica.<\/p>\n<p class=\"paragraph\" style=\"text-align: justify;\" data-mrf-recirculation=\"Links inline\">Por otra parte, la c\u00fapula libertaria tambi\u00e9n decidi\u00f3 desplazar a\u00a0<b>Amerio<\/b>, que era el secretario de Justicia y virtual Vice de la cartera de Justicia.<\/p>\n<p class=\"paragraph\" style=\"text-align: justify;\" data-mrf-recirculation=\"Links inline\">Mahiques conoc\u00eda a Amerio de antes e incluso ambos se encontraron recientemente. El nuevo procurador no fue a la jura en\u00a0<b>Casa Rosada<\/b>, pero lo esper\u00f3 para conversar a solas despu\u00e9s de la misma.<\/p>\n<p class=\"paragraph\" style=\"text-align: justify;\" data-mrf-recirculation=\"Links inline\">\u201cDepende del ministro rever todas las \u00e1reas y ver c\u00f3mo organiza los \u2018ravioles\u2019\u201d, explicaban cerca del mandatario, cuando todav\u00eda se estaban negociando los puestos.<\/p>\n<p class=\"paragraph\" style=\"text-align: justify;\" data-mrf-recirculation=\"Links inline\">M\u00e1s temprano, Castro Videla pas\u00f3 por el despacho del asesor en Casa Rosada y luego hicieron lo propio tanto Amerio como Viola.<\/p>\n<p class=\"paragraph\" style=\"text-align: justify;\" data-mrf-recirculation=\"Links inline\">Tal como anticip\u00f3 este medio, una de las primeras medidas que tom\u00f3 Mahiques tras asumir formalmente fue pedirles las renuncias a los titulares de el\u00a0<b>Centro Internacional para la Promoci\u00f3n de los Derechos Humanos (CIPDH)<\/b>, la\u00a0<b>Oficina Anticorrupci\u00f3n<\/b>, la\u00a0<b>Oficina de Bienes<\/b>\u00a0y la\u00a0<b>Unidad de Informaci\u00f3n Financiera (UIF)<\/b>\u00a0y la\u00a0<b>Inspecci\u00f3n General de Justicia<\/b>\u00a0(IGJ).<\/p>\n<p class=\"paragraph\" style=\"text-align: justify;\" data-mrf-recirculation=\"Links inline\">De hecho, en un principio hab\u00eda trascendido que la Procuraci\u00f3n del Tesoro iba a ser el \u00fanico organismo que no se iba a tocar, ya que se trata de un ente muy sensible y que maneja causas con gran impacto para el Gobierno, por lo que se iba a apostar a la continuidad de sus autoridades.<\/p>\n<p class=\"paragraph\" style=\"text-align: justify;\" data-mrf-recirculation=\"Links inline\">Sin embargo, a lo largo de todo el jueves se sucedieron diferentes negociaciones entre los principales integrantes del Ejecutivo que derivaron en la decisi\u00f3n de hacer modificaciones tambi\u00e9n en esa dependencia.<\/p>\n<p class=\"paragraph\" style=\"text-align: justify;\" data-mrf-recirculation=\"Links inline\">Para el resto de los organismos mencionados todav\u00eda no hay reemplazantes claros y la expectativa estaba puesta sobre todo en la\u00a0<b>IGJ<\/b>, que tiene pendiente una designaci\u00f3n de veedores en la\u00a0<b>Asociaci\u00f3n Argentina de F\u00fatbol (AFA)<\/b>.<\/p>\n<p class=\"paragraph\" style=\"text-align: justify;\" data-mrf-recirculation=\"Links inline\">Se trata de un cargo clave, que hasta ahora ten\u00eda\u00a0<b>Daniel V\u00edtolo<\/b>, ya que se da en medio de los cruces subterr\u00e1neos entre las autoridades nacionales y las de la entidad deportiva.<\/p>\n<p class=\"paragraph\" style=\"text-align: justify;\" data-mrf-recirculation=\"Links inline\">Un punto de conflicto fue la operaci\u00f3n que llev\u00f3 adelante el presidente de la AFA,\u00a0<b>Claudio \u201cChiqui\u201d Tapia<\/b>, para liberar al gendarme Nahuel Gallo, que estaba secuestrado por la dictadura venezolana.<\/p>\n<p class=\"paragraph\" style=\"text-align: justify;\" data-mrf-recirculation=\"Links inline\"><b>En este contexto, d\u00edas atr\u00e1s, la IGJ le solicit\u00f3 al Ministerio de Justicia la designaci\u00f3n de veedores en el ente futbol\u00edstico a los fines de informar sobre los estados contables y financieros del 2025.<\/b><\/p>\n<p class=\"paragraph\" style=\"text-align: justify;\" data-mrf-recirculation=\"Links inline\">El objetivo es conocer las relaciones y operaciones concertadas entre la AFA y diversas firmas nacionales y del exterior, incluidas las sociedades\u00a0<b>TourProdEnter LLC<\/b>, el\u00a0<b>Grupo Sur Finanzas<\/b>, los Sres.\u00a0<b>Javier Faroni<\/b>,\u00a0<b>Erica Gillette<\/b>,\u00a0<b>ji Ariel Vallejo<\/b>\u00a0y sobre todo lo relativo a la creaci\u00f3n de la denominada\u00a0<b>Universidad de la AFA \u201cUNAFA\u201d<\/b>.<\/p>\n","protected":false},"excerpt":{"rendered":"<p>En el marco de los cambios en el\u00a0Gabinete\u00a0luego del nombramiento de\u00a0Juan Bautista Mahiques como ministro de Justicia, el Gobierno nacional oficializ\u00f3 la desginaci\u00f3n de\u00a0Sebasti\u00e1n Amerio, como nuevo titular de la\u00a0Procuraci\u00f3n del Tesoro, organismo a cargo de la representaci\u00f3n legal del Estado. El nombramiento se oficializ\u00f3 mediante la publicaci\u00f3n en el Bolet\u00edn Oficial de una serie [&hellip;]<\/p>\n","protected":false},"author":2,"featured_media":5027,"comment_status":"open","ping_status":"open","sticky":false,"template":"","format":"standard","meta":{"footnotes":""},"categories":[21],"tags":[118],"class_list":{"0":"post-5026","1":"post","2":"type-post","3":"status-publish","4":"format-standard","5":"has-post-thumbnail","7":"category-politica","8":"tag-sebastian-amerio"},"aioseo_notices":[],"_links":{"self":[{"href":"https:\/\/elfaroonline.com.ar\/index.php\/wp-json\/wp\/v2\/posts\/5026","targetHints":{"allow":["GET"]}}],"collection":[{"href":"https:\/\/elfaroonline.com.ar\/index.php\/wp-json\/wp\/v2\/posts"}],"about":[{"href":"https:\/\/elfaroonline.com.ar\/index.php\/wp-json\/wp\/v2\/types\/post"}],"author":[{"embeddable":true,"href":"https:\/\/elfaroonline.com.ar\/index.php\/wp-json\/wp\/v2\/users\/2"}],"replies":[{"embeddable":true,"href":"https:\/\/elfaroonline.com.ar\/index.php\/wp-json\/wp\/v2\/comments?post=5026"}],"version-history":[{"count":1,"href":"https:\/\/elfaroonline.com.ar\/index.php\/wp-json\/wp\/v2\/posts\/5026\/revisions"}],"predecessor-version":[{"id":5028,"href":"https:\/\/elfaroonline.com.ar\/index.php\/wp-json\/wp\/v2\/posts\/5026\/revisions\/5028"}],"wp:featuredmedia":[{"embeddable":true,"href":"https:\/\/elfaroonline.com.ar\/index.php\/wp-json\/wp\/v2\/media\/5027"}],"wp:attachment":[{"href":"https:\/\/elfaroonline.com.ar\/index.php\/wp-json\/wp\/v2\/media?parent=5026"}],"wp:term":[{"taxonomy":"category","embeddable":true,"href":"https:\/\/elfaroonline.com.ar\/index.php\/wp-json\/wp\/v2\/categories?post=5026"},{"taxonomy":"post_tag","embeddable":true,"href":"https:\/\/elfaroonline.com.ar\/index.php\/wp-json\/wp\/v2\/tags?post=5026"}],"curies":[{"name":"wp","href":"https:\/\/api.w.org\/{rel}","templated":true}]}}