{"id":504,"date":"2024-05-07T20:30:23","date_gmt":"2024-05-07T23:30:23","guid":{"rendered":"https:\/\/elfaroonline.com.ar\/?p=504"},"modified":"2024-05-07T20:30:23","modified_gmt":"2024-05-07T23:30:23","slug":"osep-actualiza-su-ley-de-creacion-y-amplia-el-fondo-de-trasplante","status":"publish","type":"post","link":"https:\/\/elfaroonline.com.ar\/index.php\/2024\/05\/07\/osep-actualiza-su-ley-de-creacion-y-amplia-el-fondo-de-trasplante\/","title":{"rendered":"OSEP actualiza su ley de creaci\u00f3n y ampl\u00eda el Fondo de Trasplante"},"content":{"rendered":"<p class=\"v1MsoNormal\"><i>Seg\u00fan adelant\u00f3 el Gobernador ante la Asamblea Legislativa, la Obra Social avanza en la digitalizaci\u00f3n de la atenci\u00f3n ambulatoria y confirm\u00f3 la extensi\u00f3n de la afiliaci\u00f3n a hijos de afiliados titulares hasta los 30 a\u00f1os. Tambi\u00e9n se incorpora al Fondo de Trasplante la cobertura de tratamientos oncol\u00f3gicos.<\/i><\/p>\n<p class=\"v1MsoNormal\">A trav\u00e9s del decreto acuerdo N\u00b0 398\/24 el Poder Ejecutivo modific\u00f3 parcialmente la Ley N\u00b0 3509 de creaci\u00f3n de la Obra Social de los Empleados P\u00fablicos (OSEP) y la Ley N\u00b0 5116 del Fondo Especial para Trasplante. Esto representa, en el primer caso, una actualizaci\u00f3n de la normativa que fue sancionada en 1979 y que ya se encontraba obsoleta en su aplicaci\u00f3n. La modificaci\u00f3n va de la mano con la digitalizaci\u00f3n de la atenci\u00f3n ambulatoria a trav\u00e9s de la app OSEP M\u00f3vil Catamarca que anunci\u00f3 el gobernador Ra\u00fal Jalil el pasado 1\u00b0 de mayo, ante la Asamblea Legislativa, en el inicio de un nuevo periodo de sesiones ordinarias. Todo ello como parte del proceso de modernizaci\u00f3n que lleva adelante la Obra Social.<\/p>\n<p class=\"v1MsoNormal\">En cuanto a las principales modificaciones que establece el decreto acuerdo, se detallan las siguientes:<\/p>\n<p class=\"v1MsoNormal\">\u25cf\u00a0\u00a0\u00a0\u00a0 <u>Afiliados voluntarios<\/u>: a) Podr\u00e1n ser beneficiarios voluntarios aquellos hijos e hijas mayores de 21 a\u00f1os que cursen estudios en establecimientos oficiales o privados hasta los 30 a\u00f1os cumplidos.<\/p>\n<p class=\"v1MsoNormal\">b) A tono con el C\u00f3digo Civil y Comercial, se agrega la figura de uni\u00f3n convivencial como prueba suficiente para acreditar la convivencia entre el afiliado voluntario y el afiliado titular. Al mismo tiempo, se mantendr\u00e1n vigentes los requisitos actuales para los casos no inscriptos en el Registro de Uniones Convivenciales.<\/p>\n<p class=\"v1MsoNormal\">\u25cf\u00a0\u00a0\u00a0\u00a0 <u>Fondos de la Obra Social<\/u>: a) Se elimina el \u00edtem conocido como &#8220;Aporte Solidario&#8221; y se lo incluye en el descuento obligatorio del 4,5% del salario total del afiliado titular, que estar\u00e1 conformado por los haberes remunerativos y no remunerativos menos el salario familiar.<\/p>\n<p class=\"v1MsoNormal\">b) Se retendr\u00e1 el 4,5% sobre el total de las prestaciones complementarias a los beneficiarios de la Administraci\u00f3n General de Asuntos Previsionales (AGAP), m\u00e1s el 9% que estar\u00e1 a cargo del Poder Ejecutivo.<\/p>\n<p class=\"v1MsoNormal\">Cabe se\u00f1alar que el decreto acuerdo busca adecuar la realidad de la Obra Social en el marco de la situaci\u00f3n econ\u00f3mica y social actual, para asegurar una correcta y eficiente prestaci\u00f3n de los servicios a todos sus afiliados.<\/p>\n<p class=\"v1MsoNormal\"><b>Ampliaci\u00f3n de la Ley de Fondo Especial para Trasplante<\/b><\/p>\n<p class=\"v1MsoNormal\">Por otra parte, tambi\u00e9n se modific\u00f3 la Ley N\u00b0 5116 m\u00e1s conocida como Fondo Especial para Trasplante, que pasar\u00e1 a denominarse &#8220;Fondo Especial para Trasplante y Tratamientos Oncol\u00f3gicos&#8221;, a trav\u00e9s del decreto N\u00b0 395\/24.<\/p>\n<p class=\"v1MsoNormal\">Este fondo ya no solo estar\u00e1 destinado a financiar exclusivamente las prestaciones de trasplantes, sino tambi\u00e9n a la cobertura y provisiones de tratamientos oncol\u00f3gicos, lo que incluye medicamentos de alto costo, quimioterapia, radioterapia y derivaciones.<\/p>\n<p class=\"v1MsoNormal\">El fondo para trasplantes y tratamientos oncol\u00f3gicos se integrar\u00e1 con el aporte del 0,5% del sueldo total del afiliado titular, excluido el salario familiar. En tanto, para los afiliados voluntarios, particulares y adheridos por convenio el aporte ser\u00e1 del 0,5% del salario m\u00ednimo, vital y m\u00f3vil. Es importante resaltar que antes de la modificatoria, dicho grupo de beneficiarios aportaba solamente la suma irrisoria de 4 pesos fijos.<\/p>\n<p class=\"v1MsoNormal\">Finalmente, el fondo se segmentar\u00e1 en un 50% para la cobertura de todas las prestaciones que un trasplante implica y el otro 50% para cubrir las prestaciones, provisiones y coberturas referidas a tratamientos oncol\u00f3gicos.<\/p>\n","protected":false},"excerpt":{"rendered":"<p>Seg\u00fan adelant\u00f3 el Gobernador ante la Asamblea Legislativa, la Obra Social avanza en la digitalizaci\u00f3n de la atenci\u00f3n ambulatoria y confirm\u00f3 la extensi\u00f3n de la afiliaci\u00f3n a hijos de afiliados titulares hasta los 30 a\u00f1os. Tambi\u00e9n se incorpora al Fondo de Trasplante la cobertura de tratamientos oncol\u00f3gicos. A trav\u00e9s del decreto acuerdo N\u00b0 398\/24 el [&hellip;]<\/p>\n","protected":false},"author":2,"featured_media":505,"comment_status":"open","ping_status":"open","sticky":false,"template":"","format":"standard","meta":{"footnotes":""},"categories":[23,20],"tags":[],"class_list":{"0":"post-504","1":"post","2":"type-post","3":"status-publish","4":"format-standard","5":"has-post-thumbnail","7":"category-destacados","8":"category-sociedad"},"aioseo_notices":[],"_links":{"self":[{"href":"https:\/\/elfaroonline.com.ar\/index.php\/wp-json\/wp\/v2\/posts\/504","targetHints":{"allow":["GET"]}}],"collection":[{"href":"https:\/\/elfaroonline.com.ar\/index.php\/wp-json\/wp\/v2\/posts"}],"about":[{"href":"https:\/\/elfaroonline.com.ar\/index.php\/wp-json\/wp\/v2\/types\/post"}],"author":[{"embeddable":true,"href":"https:\/\/elfaroonline.com.ar\/index.php\/wp-json\/wp\/v2\/users\/2"}],"replies":[{"embeddable":true,"href":"https:\/\/elfaroonline.com.ar\/index.php\/wp-json\/wp\/v2\/comments?post=504"}],"version-history":[{"count":1,"href":"https:\/\/elfaroonline.com.ar\/index.php\/wp-json\/wp\/v2\/posts\/504\/revisions"}],"predecessor-version":[{"id":506,"href":"https:\/\/elfaroonline.com.ar\/index.php\/wp-json\/wp\/v2\/posts\/504\/revisions\/506"}],"wp:featuredmedia":[{"embeddable":true,"href":"https:\/\/elfaroonline.com.ar\/index.php\/wp-json\/wp\/v2\/media\/505"}],"wp:attachment":[{"href":"https:\/\/elfaroonline.com.ar\/index.php\/wp-json\/wp\/v2\/media?parent=504"}],"wp:term":[{"taxonomy":"category","embeddable":true,"href":"https:\/\/elfaroonline.com.ar\/index.php\/wp-json\/wp\/v2\/categories?post=504"},{"taxonomy":"post_tag","embeddable":true,"href":"https:\/\/elfaroonline.com.ar\/index.php\/wp-json\/wp\/v2\/tags?post=504"}],"curies":[{"name":"wp","href":"https:\/\/api.w.org\/{rel}","templated":true}]}}