{"id":5042,"date":"2026-03-11T08:45:41","date_gmt":"2026-03-11T11:45:41","guid":{"rendered":"https:\/\/elfaroonline.com.ar\/?p=5042"},"modified":"2026-03-12T09:43:50","modified_gmt":"2026-03-12T12:43:50","slug":"iniciaron-las-capacitaciones-en-ley-micaela","status":"publish","type":"post","link":"https:\/\/elfaroonline.com.ar\/index.php\/2026\/03\/11\/iniciaron-las-capacitaciones-en-ley-micaela\/","title":{"rendered":"Iniciaron las capacitaciones en Ley Micaela"},"content":{"rendered":"<p style=\"font-weight: 400; text-align: justify;\">En el marco del 8M Marzo, mes de las Mujeres, se dio inicio al Ciclo de Capacitaciones en Ley Micaela, destinado a todas las personas que se desempe\u00f1an en la funci\u00f3n p\u00fablica, seg\u00fan lo establece la Ley 27.499.<\/p>\n<p style=\"font-weight: 400; text-align: justify;\">En esta ocasi\u00f3n, el personal del Cine Teatro Valle Viejo fue capacitado por las Lic. Maria Luisa Moreno, Rita Herrara y Roxana Donato -de la direcci\u00f3n Provincial de Mujeres G\u00e9nero y Diversidad, dependiente del Ministerio de Gobierno, Seguridad y Justicia- para identificar y romper desigualdades estructurales, prevenir y erradicar la violencia de g\u00e9nero.<\/p>\n<p style=\"font-weight: 400; text-align: justify;\">\u201cAprender juntos sobre perspectiva de g\u00e9nero es un acto de compromiso, nos ayuda a dejar atr\u00e1s viejas costumbres da\u00f1inas y a entender que cada peque\u00f1a acci\u00f3n cuenta para proteger a quienes lo necesitan. Es el camino para que nuestras instituciones se conviertan en espacios m\u00e1s emp\u00e1ticos, seguros y verdaderamente justos para todas y todos. Gracias a la Direcci\u00f3n Provincial de Mujeres, G\u00e9nero y Diversidad por mostrar y demostrar que el respeto y la igualdad no son s\u00f3lo normas sino bases para construir algo mejor\u201d, destac\u00f3 Lucas Salas, director del Cine Teatro, al finalizar la segunda cohorte.<\/p>\n<p style=\"font-weight: 400; text-align: justify;\">El ciclo continuar\u00e1 este mes en Londres, Bel\u00e9n y Fray Mamerto Esqui\u00fa.<\/p>\n<p style=\"font-weight: 400; text-align: justify;\">Si te interesa obtener m\u00e1s informaci\u00f3n de esta u otra capacitaci\u00f3n escribinos al siguiente mail:<\/p>\n<p style=\"font-weight: 400; text-align: justify;\"><a href=\"mailto:Unidadcapacitacionyformacion@gmail.com\">Unidadcapacitacionyformacion@gmail.com<\/a><\/p>\n","protected":false},"excerpt":{"rendered":"<p>En el marco del 8M Marzo, mes de las Mujeres, se dio inicio al Ciclo de Capacitaciones en Ley Micaela, destinado a todas las personas que se desempe\u00f1an en la funci\u00f3n p\u00fablica, seg\u00fan lo establece la Ley 27.499. En esta ocasi\u00f3n, el personal del Cine Teatro Valle Viejo fue capacitado por las Lic. Maria Luisa [&hellip;]<\/p>\n","protected":false},"author":2,"featured_media":5043,"comment_status":"open","ping_status":"open","sticky":false,"template":"","format":"standard","meta":{"footnotes":""},"categories":[21],"tags":[121],"class_list":{"0":"post-5042","1":"post","2":"type-post","3":"status-publish","4":"format-standard","5":"has-post-thumbnail","7":"category-politica","8":"tag-ley-micaela"},"aioseo_notices":[],"_links":{"self":[{"href":"https:\/\/elfaroonline.com.ar\/index.php\/wp-json\/wp\/v2\/posts\/5042","targetHints":{"allow":["GET"]}}],"collection":[{"href":"https:\/\/elfaroonline.com.ar\/index.php\/wp-json\/wp\/v2\/posts"}],"about":[{"href":"https:\/\/elfaroonline.com.ar\/index.php\/wp-json\/wp\/v2\/types\/post"}],"author":[{"embeddable":true,"href":"https:\/\/elfaroonline.com.ar\/index.php\/wp-json\/wp\/v2\/users\/2"}],"replies":[{"embeddable":true,"href":"https:\/\/elfaroonline.com.ar\/index.php\/wp-json\/wp\/v2\/comments?post=5042"}],"version-history":[{"count":1,"href":"https:\/\/elfaroonline.com.ar\/index.php\/wp-json\/wp\/v2\/posts\/5042\/revisions"}],"predecessor-version":[{"id":5044,"href":"https:\/\/elfaroonline.com.ar\/index.php\/wp-json\/wp\/v2\/posts\/5042\/revisions\/5044"}],"wp:featuredmedia":[{"embeddable":true,"href":"https:\/\/elfaroonline.com.ar\/index.php\/wp-json\/wp\/v2\/media\/5043"}],"wp:attachment":[{"href":"https:\/\/elfaroonline.com.ar\/index.php\/wp-json\/wp\/v2\/media?parent=5042"}],"wp:term":[{"taxonomy":"category","embeddable":true,"href":"https:\/\/elfaroonline.com.ar\/index.php\/wp-json\/wp\/v2\/categories?post=5042"},{"taxonomy":"post_tag","embeddable":true,"href":"https:\/\/elfaroonline.com.ar\/index.php\/wp-json\/wp\/v2\/tags?post=5042"}],"curies":[{"name":"wp","href":"https:\/\/api.w.org\/{rel}","templated":true}]}}