{"id":5048,"date":"2026-03-11T09:04:11","date_gmt":"2026-03-11T12:04:11","guid":{"rendered":"https:\/\/elfaroonline.com.ar\/?p=5048"},"modified":"2026-03-11T09:04:11","modified_gmt":"2026-03-11T12:04:11","slug":"durante-la-primera-jornada-del-argentina-week-el-gobierno-defendio-su-plan-de-ajuste-para-atraer-inversiones-privadas","status":"publish","type":"post","link":"https:\/\/elfaroonline.com.ar\/index.php\/2026\/03\/11\/durante-la-primera-jornada-del-argentina-week-el-gobierno-defendio-su-plan-de-ajuste-para-atraer-inversiones-privadas\/","title":{"rendered":"Durante la primera jornada del Argentina Week, el gobierno defendi\u00f3 su plan de ajuste para atraer inversiones privadas"},"content":{"rendered":"<p style=\"text-align: justify;\">En el piso 15 del impactante edificio del JPMorgan,\u00a0<b>Javier Milei y su gabinete defendieron el plan de ajuste econ\u00f3mico que baj\u00f3 la inflaci\u00f3n,<\/b>\u00a0redujo el d\u00e9ficit fiscal y achic\u00f3 a\u00a0<b>niveles hist\u00f3ricos<\/b>\u00a0de emisi\u00f3n monetaria.<\/p>\n<div class=\"news-module\" style=\"text-align: justify;\" data-mrf-recirculation=\"IL_2_GB_9O-QPaEgG0T7rEvhQ\" data-testid=\"text-html\" data-mrf-experience=\"IL_2_GB_9O-QPaEgG0T7rEvhQ\">\n<div class=\"recommended-card__info\"><span class=\"recommended-card__info-interest-you\">Te puede interesar:<\/span><span class=\"recommended-card__info-title\">Los gestos que marcan el nuevo armado anti Milei: el pedido de CFK y el acto de dos ex Juntos por el Cambio<\/span><\/p>\n<div class=\"recommended-card__info-button recommended-card__info-button--deportes\"><\/div>\n<\/div>\n<\/div>\n<p class=\"paragraph\" style=\"text-align: justify;\" data-mrf-recirculation=\"Links inline\">El presidente ayer<b>\u00a0disert\u00f3 por una hora<\/b>\u00a0e insisti\u00f3 con su postura\u00a0<b>acerca de la vinculaci\u00f3n intr\u00ednseca entre pol\u00edtica y moral.<\/b>\u00a0Milei repiti\u00f3 los conceptos que\u00a0<b>ya hab\u00eda utilizado en el Foro de Davos,<\/b>\u00a0pero en esta ocasi\u00f3n\u00a0<b>ratific\u00f3 sus diferencias<\/b>\u00a0con la industria nacional.<\/p>\n<p style=\"text-align: justify;\" data-mrf-recirculation=\"Links inline\">En este sentido, Milei sostuvo que \u201c(Paolo)\u00a0<b>Rocca y (Javier) Madanes en connivencia con pol\u00edticos ladrones\u00a0<\/b>atacaron a los argentinos, pero se termin\u00f3 la Argentina corrupta\u201d.<\/p>\n<p style=\"text-align: justify;\" data-mrf-recirculation=\"Links inline\">A continuaci\u00f3n, el presidente se\u00f1al\u00f3 que \u201cpor suerte nosotros\u00a0<b>nos estamos sacando de encima a los que usan el nacionalismo berreta de pacotilla\u00a0<\/b>para defender el robo de pol\u00edticos y empresarios prebendarios\u201d.<\/p>\n<p style=\"text-align: justify;\" data-mrf-recirculation=\"Links inline\">Y concluy\u00f3: \u201cSi la cuenta muestra que la eficiencia es que est\u00e9n bien 48 millones de argentinos,\u00a0<b>entonces la pregunta es por qu\u00e9 un pol\u00edtico sigue sosteniendo este sistema. Es obvio: es corrupci\u00f3n\u201d.<\/b><\/p>\n<p class=\"paragraph\" style=\"text-align: justify;\" data-mrf-recirculation=\"Links inline\">La iron\u00eda de Milei apuntaba a demostrar que, a diferencia de otros jefes de Estado,\u00a0<b>no aceptar\u00e1 cuestiones de privilegio comercial\u00a0<\/b>baj\u00f3 la tutela del apoyo a la industria nacional.<\/p>\n<p class=\"paragraph\" style=\"text-align: justify;\" data-mrf-recirculation=\"Links inline\">Tras la disertaci\u00f3n del Presidente,\u00a0<b>Pablo Quirno ocup\u00f3 el centro del escenario\u00a0<\/b>para describir hacia adelante que est\u00e1n esperando en la Casa Rosada.<\/p>\n<p class=\"paragraph\" style=\"text-align: justify;\" data-mrf-recirculation=\"Links inline\"><i>\u201cTenemos muchas propuestas en los pr\u00f3ximos 2 a\u00f1os.\u00a0<\/i><i><b>Todas van en la misma direcci\u00f3n: crear condiciones de inversi\u00f3n.\u00a0<\/b><\/i><i>Podemos crear las condiciones para cambiar a la Argentina por d\u00e9cadas al pasar estas leyes. Esa es la raz\u00f3n de por la que estamos ac\u00e1.\u00a0<\/i><i><b>Decirles que estamos haciendo para que se sientan c\u00f3modos de invertir, contratar empleo y hacer con sus ganancias lo que deseen\u201d<\/b><\/i><i>.<\/i><\/p>\n<p class=\"paragraph\" style=\"text-align: justify;\" data-mrf-recirculation=\"Links inline\"><b>El embajador ante la Casa Blanca, Alec Oxenford, tambi\u00e9n describi\u00f3\u00a0<\/b>los beneficios actuales del plan econ\u00f3mico y<b>\u00a0rescat\u00f3\u00a0<\/b>de la historia argentina\u00a0<b>el dilema pol\u00edtico\u00a0<\/b>entre\u00a0<b>Braden o Per\u00f3n para compararlo con la<\/b>\u00a0<b>actual relaci\u00f3n diplom\u00e1tica<\/b>\u00a0entre Milei y Trump.<\/p>\n<p class=\"paragraph\" style=\"text-align: justify;\" data-mrf-recirculation=\"Links inline\"><b>Hoy es la \u00faltima jornada de Argentina Week<\/b>, y suceder\u00e1 en el\u00a0<b>Bank of America (Bofa)<\/b>\u00a0cerca de Bryan Park. Est\u00e1 previsto que\u00a0<b>Luis Caputo<\/b>\u00a0-ministro de Econom\u00eda- se presente por la ma\u00f1ana para<b>\u00a0disertar<\/b>\u00a0acerca del programa de ajuste.<\/p>\n<p class=\"paragraph\" style=\"text-align: justify;\" data-mrf-recirculation=\"Links inline\">Ser\u00e1 importante la presentaci\u00f3n de Caputo: hay una guerra en Medio Oriente,\u00a0<b>que est\u00e1 trastocando\u00a0<\/b>la situaci\u00f3n global de las finanzas y la econom\u00eda.<\/p>\n<p class=\"paragraph\" style=\"text-align: justify;\" data-mrf-recirculation=\"Links inline\">Los banqueros, consultores e inversores<b>\u00a0aguardan con inter\u00e9s la exposici\u00f3n\u00a0<\/b>del ministro de Econom\u00eda. A\u00fan recuerdan\u00a0<b>los efectos comerciales\u00a0<\/b>del conflicto entre Ucrania y Rusia, que a\u00fan no concluy\u00f3.<\/p>\n","protected":false},"excerpt":{"rendered":"<p>En el piso 15 del impactante edificio del JPMorgan,\u00a0Javier Milei y su gabinete defendieron el plan de ajuste econ\u00f3mico que baj\u00f3 la inflaci\u00f3n,\u00a0redujo el d\u00e9ficit fiscal y achic\u00f3 a\u00a0niveles hist\u00f3ricos\u00a0de emisi\u00f3n monetaria. Te puede interesar:Los gestos que marcan el nuevo armado anti Milei: el pedido de CFK y el acto de dos ex Juntos por [&hellip;]<\/p>\n","protected":false},"author":2,"featured_media":5049,"comment_status":"open","ping_status":"open","sticky":false,"template":"","format":"standard","meta":{"footnotes":""},"categories":[21],"tags":[122],"class_list":{"0":"post-5048","1":"post","2":"type-post","3":"status-publish","4":"format-standard","5":"has-post-thumbnail","7":"category-politica","8":"tag-argentina-week"},"aioseo_notices":[],"_links":{"self":[{"href":"https:\/\/elfaroonline.com.ar\/index.php\/wp-json\/wp\/v2\/posts\/5048","targetHints":{"allow":["GET"]}}],"collection":[{"href":"https:\/\/elfaroonline.com.ar\/index.php\/wp-json\/wp\/v2\/posts"}],"about":[{"href":"https:\/\/elfaroonline.com.ar\/index.php\/wp-json\/wp\/v2\/types\/post"}],"author":[{"embeddable":true,"href":"https:\/\/elfaroonline.com.ar\/index.php\/wp-json\/wp\/v2\/users\/2"}],"replies":[{"embeddable":true,"href":"https:\/\/elfaroonline.com.ar\/index.php\/wp-json\/wp\/v2\/comments?post=5048"}],"version-history":[{"count":1,"href":"https:\/\/elfaroonline.com.ar\/index.php\/wp-json\/wp\/v2\/posts\/5048\/revisions"}],"predecessor-version":[{"id":5050,"href":"https:\/\/elfaroonline.com.ar\/index.php\/wp-json\/wp\/v2\/posts\/5048\/revisions\/5050"}],"wp:featuredmedia":[{"embeddable":true,"href":"https:\/\/elfaroonline.com.ar\/index.php\/wp-json\/wp\/v2\/media\/5049"}],"wp:attachment":[{"href":"https:\/\/elfaroonline.com.ar\/index.php\/wp-json\/wp\/v2\/media?parent=5048"}],"wp:term":[{"taxonomy":"category","embeddable":true,"href":"https:\/\/elfaroonline.com.ar\/index.php\/wp-json\/wp\/v2\/categories?post=5048"},{"taxonomy":"post_tag","embeddable":true,"href":"https:\/\/elfaroonline.com.ar\/index.php\/wp-json\/wp\/v2\/tags?post=5048"}],"curies":[{"name":"wp","href":"https:\/\/api.w.org\/{rel}","templated":true}]}}