{"id":5058,"date":"2026-03-11T11:18:10","date_gmt":"2026-03-11T14:18:10","guid":{"rendered":"https:\/\/elfaroonline.com.ar\/?p=5058"},"modified":"2026-03-11T11:18:10","modified_gmt":"2026-03-11T14:18:10","slug":"manuel-adorni-justifico-el-viaje-de-su-esposa-en-el-avion-presidencial-vengo-a-deslomarme-a-nueva-york","status":"publish","type":"post","link":"https:\/\/elfaroonline.com.ar\/index.php\/2026\/03\/11\/manuel-adorni-justifico-el-viaje-de-su-esposa-en-el-avion-presidencial-vengo-a-deslomarme-a-nueva-york\/","title":{"rendered":"Manuel Adorni justific\u00f3 el viaje de su esposa en el avi\u00f3n presidencial: \u201cVengo a deslomarme a Nueva York\u201d"},"content":{"rendered":"<p class=\"paragraph font__body-regular\" style=\"text-align: justify;\">En medio de las cr\u00edticas que recibi\u00f3 por<b>\u00a0el viaje de su esposa en el avi\u00f3n presidencial,<\/b>\u00a0el jefe de Gabinete,\u00a0Manuel Adorni,\u00a0explic\u00f3 los motivos por los que se sum\u00f3 al vuelo:<b>\u00a0\u201cVengo una semana a deslomarme a Nueva York, quer\u00eda que me acompa\u00f1e\u201d.<\/b><\/p>\n<p class=\"paragraph font__body-regular\" style=\"text-align: justify;\">La pol\u00e9mica comenz\u00f3 luego de que el diputado del Partido Socialista (PS) Esteban Paul\u00f3n elevara un pedido para saber si la mujer de Adorni Bettina Angeletti \u201cvol\u00f3 en el avi\u00f3n oficial, qui\u00e9n pag\u00f3 ese viaje, qu\u00e9 rol cumple y si fueron evaluadas posibles incompatibilidades y conflictos de intereses\u201d.<\/p>\n<p class=\"paragraph font__body-regular\" style=\"text-align: justify;\">Poco despu\u00e9s, durante las primeras actividades de\u00a0Javier Milei en la \u201cArgentina Week\u201d\u00a0de Nueva York, se conoci\u00f3 una foto de la esposa de Adorni junto a la comitiva presidencial en la tumba del rabino Menachem Mendel Schneerson, en Queens. Ante esta situaci\u00f3n, el funcionario brind\u00f3 una entrevista y explic\u00f3 por qu\u00e9 viaj\u00f3 con ellos.<\/p>\n<p class=\"paragraph font__body-regular\" style=\"text-align: justify;\">\u201cMi mujer iba a viajar a Nueva York. De hecho, ya ten\u00eda pasaje comprado para el 26 de febrero por US$5348, pero despu\u00e9s hubo un cambio en el viaje: de Nueva York yo pasaba por Miami y quer\u00eda que me acompa\u00f1ara\u201d, dijo en di\u00e1logo con\u00a0<i>A24<\/i>.<\/p>\n<p class=\"paragraph font__body-regular\" style=\"text-align: justify;\">Es por eso que, seg\u00fan aclar\u00f3, desde Presidencia la invitaron para que se suba al ARG-01 \u201cporque no hab\u00eda otra forma\u201d.\u00a0<b>\u201cSon trabajos muy sacrificados y era mi deseo que mi mujer me acompa\u00f1e\u201d,<\/b>\u00a0insisti\u00f3 y sum\u00f3: \u201cDe hecho me iba a acompa\u00f1ar con el pasaje pago\u201d.<\/p>\n<p class=\"paragraph font__body-regular\" style=\"text-align: justify;\">De igual manera, el jefe de Gabinete asegur\u00f3 que el viaje de su esposa\u00a0<b>\u201cno tiene un gasto adicional\u201d\u00a0<\/b>y que sus gastos \u201cse los paga ella\u201d. \u201cEl vuelo se lo pag\u00f3 ella originalmente, la vuelta tambi\u00e9n, los vi\u00e1ticos se los paga ella. Y mis vi\u00e1ticos, mi comida y mi movilidad me los pago yo. Ni siquiera la m\u00eda la paga el Estado.<b>\u00a0No le sacamos un peso al Estado\u201d,<\/b>\u00a0insisti\u00f3.<\/p>\n<p style=\"text-align: justify;\"><b>\u201cVengo una semana a deslomarme a Nueva York, quer\u00eda que me acompa\u00f1e\u201d,\u00a0<\/b>remarc\u00f3 Adorni y complet\u00f3 con una respuesta acerca del pedido de informaci\u00f3n que se present\u00f3 en el Congreso: \u201cQue haga lo que quiera la oposici\u00f3n. Sobre mi vida privada yo no hablo. Siempre son los mismos los denunciadores seriales. Si es algo de mi vida privada que no amerita explicar, no lo voy a explicar\u201d.<\/p>\n","protected":false},"excerpt":{"rendered":"<p>En medio de las cr\u00edticas que recibi\u00f3 por\u00a0el viaje de su esposa en el avi\u00f3n presidencial,\u00a0el jefe de Gabinete,\u00a0Manuel Adorni,\u00a0explic\u00f3 los motivos por los que se sum\u00f3 al vuelo:\u00a0\u201cVengo una semana a deslomarme a Nueva York, quer\u00eda que me acompa\u00f1e\u201d. La pol\u00e9mica comenz\u00f3 luego de que el diputado del Partido Socialista (PS) Esteban Paul\u00f3n elevara [&hellip;]<\/p>\n","protected":false},"author":2,"featured_media":5059,"comment_status":"open","ping_status":"open","sticky":false,"template":"","format":"standard","meta":{"footnotes":""},"categories":[22],"tags":[127],"class_list":{"0":"post-5058","1":"post","2":"type-post","3":"status-publish","4":"format-standard","5":"has-post-thumbnail","7":"category-nacionales","8":"tag-adorni"},"aioseo_notices":[],"_links":{"self":[{"href":"https:\/\/elfaroonline.com.ar\/index.php\/wp-json\/wp\/v2\/posts\/5058","targetHints":{"allow":["GET"]}}],"collection":[{"href":"https:\/\/elfaroonline.com.ar\/index.php\/wp-json\/wp\/v2\/posts"}],"about":[{"href":"https:\/\/elfaroonline.com.ar\/index.php\/wp-json\/wp\/v2\/types\/post"}],"author":[{"embeddable":true,"href":"https:\/\/elfaroonline.com.ar\/index.php\/wp-json\/wp\/v2\/users\/2"}],"replies":[{"embeddable":true,"href":"https:\/\/elfaroonline.com.ar\/index.php\/wp-json\/wp\/v2\/comments?post=5058"}],"version-history":[{"count":1,"href":"https:\/\/elfaroonline.com.ar\/index.php\/wp-json\/wp\/v2\/posts\/5058\/revisions"}],"predecessor-version":[{"id":5060,"href":"https:\/\/elfaroonline.com.ar\/index.php\/wp-json\/wp\/v2\/posts\/5058\/revisions\/5060"}],"wp:featuredmedia":[{"embeddable":true,"href":"https:\/\/elfaroonline.com.ar\/index.php\/wp-json\/wp\/v2\/media\/5059"}],"wp:attachment":[{"href":"https:\/\/elfaroonline.com.ar\/index.php\/wp-json\/wp\/v2\/media?parent=5058"}],"wp:term":[{"taxonomy":"category","embeddable":true,"href":"https:\/\/elfaroonline.com.ar\/index.php\/wp-json\/wp\/v2\/categories?post=5058"},{"taxonomy":"post_tag","embeddable":true,"href":"https:\/\/elfaroonline.com.ar\/index.php\/wp-json\/wp\/v2\/tags?post=5058"}],"curies":[{"name":"wp","href":"https:\/\/api.w.org\/{rel}","templated":true}]}}