{"id":507,"date":"2024-05-07T20:33:13","date_gmt":"2024-05-07T23:33:13","guid":{"rendered":"https:\/\/elfaroonline.com.ar\/?p=507"},"modified":"2024-05-07T20:33:13","modified_gmt":"2024-05-07T23:33:13","slug":"dengue-actualizacion-epidemiologica-semanal-2","status":"publish","type":"post","link":"https:\/\/elfaroonline.com.ar\/index.php\/2024\/05\/07\/dengue-actualizacion-epidemiologica-semanal-2\/","title":{"rendered":"Dengue: actualizaci\u00f3n epidemiol\u00f3gica semanal"},"content":{"rendered":"<p class=\"v1MsoNormal\">El Ministerio de Salud informa que durante la Semana Epidemiol\u00f3gica 18, del 29 de abril al 05 de mayo de 2024, se registraron 276 nuevos casos de Dengue.<\/p>\n<p class=\"v1MsoNormal\">El total acumulado de casos en el a\u00f1o 2024 es de 10.856, de los cuales corresponden 31 al departamento Ambato, 36 a Ancasti, 135 a Andalgal\u00e1, 63 a Bel\u00e9n, 419 a Capay\u00e1n, 7.816 a Capital, 6 a El Alto, 181 a Fray Mamerto Esqui\u00fa, 541 a La Paz, 36 a Pacl\u00edn, 249 a Pom\u00e1n, 1 a Santa Mar\u00eda, 417 a Santa Rosa, 89 a Tinogasta, 721 a Valle Viejo y 115 en investigaci\u00f3n. Sobre el total de casos, 7.473 se consideran aut\u00f3ctonos, 70 importados y 3.313 en investigaci\u00f3n.<\/p>\n<p class=\"v1MsoNormal\">En la \u00faltima Semana Epidemiol\u00f3gica no se notificaron fallecidos por Dengue.<\/p>\n<p class=\"v1MsoNormal\">Se ruega a la comunidad mantener e intensificar las medidas de prevenci\u00f3n, eliminando todos los recipientes que puedan acumular agua y generar criaderos del mosquito, as\u00ed como evitar las picaduras de mosquitos a trav\u00e9s del uso de repelentes corporales y ambientales.<\/p>\n","protected":false},"excerpt":{"rendered":"<p>El Ministerio de Salud informa que durante la Semana Epidemiol\u00f3gica 18, del 29 de abril al 05 de mayo de 2024, se registraron 276 nuevos casos de Dengue. El total acumulado de casos en el a\u00f1o 2024 es de 10.856, de los cuales corresponden 31 al departamento Ambato, 36 a Ancasti, 135 a Andalgal\u00e1, 63 [&hellip;]<\/p>\n","protected":false},"author":2,"featured_media":508,"comment_status":"open","ping_status":"open","sticky":false,"template":"","format":"standard","meta":{"footnotes":""},"categories":[23,20],"tags":[],"class_list":{"0":"post-507","1":"post","2":"type-post","3":"status-publish","4":"format-standard","5":"has-post-thumbnail","7":"category-destacados","8":"category-sociedad"},"aioseo_notices":[],"_links":{"self":[{"href":"https:\/\/elfaroonline.com.ar\/index.php\/wp-json\/wp\/v2\/posts\/507","targetHints":{"allow":["GET"]}}],"collection":[{"href":"https:\/\/elfaroonline.com.ar\/index.php\/wp-json\/wp\/v2\/posts"}],"about":[{"href":"https:\/\/elfaroonline.com.ar\/index.php\/wp-json\/wp\/v2\/types\/post"}],"author":[{"embeddable":true,"href":"https:\/\/elfaroonline.com.ar\/index.php\/wp-json\/wp\/v2\/users\/2"}],"replies":[{"embeddable":true,"href":"https:\/\/elfaroonline.com.ar\/index.php\/wp-json\/wp\/v2\/comments?post=507"}],"version-history":[{"count":1,"href":"https:\/\/elfaroonline.com.ar\/index.php\/wp-json\/wp\/v2\/posts\/507\/revisions"}],"predecessor-version":[{"id":509,"href":"https:\/\/elfaroonline.com.ar\/index.php\/wp-json\/wp\/v2\/posts\/507\/revisions\/509"}],"wp:featuredmedia":[{"embeddable":true,"href":"https:\/\/elfaroonline.com.ar\/index.php\/wp-json\/wp\/v2\/media\/508"}],"wp:attachment":[{"href":"https:\/\/elfaroonline.com.ar\/index.php\/wp-json\/wp\/v2\/media?parent=507"}],"wp:term":[{"taxonomy":"category","embeddable":true,"href":"https:\/\/elfaroonline.com.ar\/index.php\/wp-json\/wp\/v2\/categories?post=507"},{"taxonomy":"post_tag","embeddable":true,"href":"https:\/\/elfaroonline.com.ar\/index.php\/wp-json\/wp\/v2\/tags?post=507"}],"curies":[{"name":"wp","href":"https:\/\/api.w.org\/{rel}","templated":true}]}}