{"id":5071,"date":"2026-03-12T09:42:51","date_gmt":"2026-03-12T12:42:51","guid":{"rendered":"https:\/\/elfaroonline.com.ar\/?p=5071"},"modified":"2026-03-13T10:35:08","modified_gmt":"2026-03-13T13:35:08","slug":"se-prepara-la-feria-artesanal-y-productiva-la-chimpiada-en-laguna-blanca","status":"publish","type":"post","link":"https:\/\/elfaroonline.com.ar\/index.php\/2026\/03\/12\/se-prepara-la-feria-artesanal-y-productiva-la-chimpiada-en-laguna-blanca\/","title":{"rendered":"Se prepara la feria artesanal y productiva La Chimpiada, en Laguna Blanca"},"content":{"rendered":"<p style=\"text-align: justify;\">El ministro de Desarrollo Productivo, Leonardo Zeballos, mantuvo una reuni\u00f3n de trabajo con el intendente de Villa Vil, Ram\u00f3n Guti\u00e9rrez, para analizar aspectos de la organizaci\u00f3n de la Feria Ganadera \u201cLa Chimpiada\u201d, que se llevar\u00e1 a cabo entre el 12 y el 14 de marzo en la Reserva de la Biosfera de Laguna Blanca, en el norte del departamento Bel\u00e9n.<\/p>\n<p style=\"text-align: justify;\">La feria contar\u00e1 con aportes del Consejo Federal de Inversiones (CFI).<\/p>\n<p style=\"text-align: justify;\">Durante el encuentro, los funcionarios repasaron el cronograma de actividades que se desarrollar\u00e1 durante las tres jornadas. La feria, que celebra el trabajo y las tradiciones de las comunidades pune\u00f1as, iniciar\u00e1 este jueves 12 con la admisi\u00f3n de cam\u00e9lidos y ovinos, adem\u00e1s de charlas t\u00e9cnicas destinadas a fortalecer la producci\u00f3n local.<\/p>\n<p style=\"text-align: justify;\">El ministro Zeballos destac\u00f3 la importancia de este evento para la econom\u00eda regional y comprometi\u00f3 toda la asistencia de la cartera que tiene a su cargo, para aspectos t\u00e9cnicos y log\u00edsticos. \u201cAs\u00ed como desarrollamos ardua tarea en la pasa Feria de la Puna, en Antofagasta de la Sierra, ahora vamos a esmerarnos para que esta celebraci\u00f3n de la producci\u00f3n y la cultura, como es La Chimpiada, tenga todo el brillo que merecen todos los actores que concurren a ese especial lugar que es Laguna Blanca\u201d, se\u00f1al\u00f3 el ministro Zeballos.<\/p>\n<p style=\"text-align: justify;\">A su vez, el intendente Guti\u00e9rrez agradeci\u00f3 el apoyo del Gobierno provincial a trav\u00e9s del Ministerio de Desarrollo Productivo, y sostuvo que \u201cpara nuestros productores y criadores de ganado, es muy importante este evento a partir de que vamos a ofrecer distintas actividades para nutrir de conocimiento y mejoramientos de la actividad productiva\u201d.<\/p>\n<p style=\"text-align: justify;\">Este jueves, las actividades comenzar\u00e1n con la admisi\u00f3n de ejemplares cam\u00e9lidos y ovinos, a la vez que habr\u00e1 capacitaciones para productores; el viernes ser\u00e1 el acto formal de apertura de la Feria Artesanal y Productiva, juzgamiento de ejemplares y exposici\u00f3n de campeones, adem\u00e1s de charlas y capacitaciones.<\/p>\n<p style=\"text-align: justify;\">El s\u00e1bado ser\u00e1 el cierre de La Chimpiada, con premiaci\u00f3n de campeones y un cierre comunitario, con almuerzo y actividades culturales.<\/p>\n","protected":false},"excerpt":{"rendered":"<p>El ministro de Desarrollo Productivo, Leonardo Zeballos, mantuvo una reuni\u00f3n de trabajo con el intendente de Villa Vil, Ram\u00f3n Guti\u00e9rrez, para analizar aspectos de la organizaci\u00f3n de la Feria Ganadera \u201cLa Chimpiada\u201d, que se llevar\u00e1 a cabo entre el 12 y el 14 de marzo en la Reserva de la Biosfera de Laguna Blanca, en [&hellip;]<\/p>\n","protected":false},"author":2,"featured_media":5072,"comment_status":"open","ping_status":"open","sticky":false,"template":"","format":"standard","meta":{"footnotes":""},"categories":[20],"tags":[131,132],"class_list":{"0":"post-5071","1":"post","2":"type-post","3":"status-publish","4":"format-standard","5":"has-post-thumbnail","7":"category-sociedad","8":"tag-feria-artesanal","9":"tag-laguna-blanca"},"aioseo_notices":[],"_links":{"self":[{"href":"https:\/\/elfaroonline.com.ar\/index.php\/wp-json\/wp\/v2\/posts\/5071","targetHints":{"allow":["GET"]}}],"collection":[{"href":"https:\/\/elfaroonline.com.ar\/index.php\/wp-json\/wp\/v2\/posts"}],"about":[{"href":"https:\/\/elfaroonline.com.ar\/index.php\/wp-json\/wp\/v2\/types\/post"}],"author":[{"embeddable":true,"href":"https:\/\/elfaroonline.com.ar\/index.php\/wp-json\/wp\/v2\/users\/2"}],"replies":[{"embeddable":true,"href":"https:\/\/elfaroonline.com.ar\/index.php\/wp-json\/wp\/v2\/comments?post=5071"}],"version-history":[{"count":1,"href":"https:\/\/elfaroonline.com.ar\/index.php\/wp-json\/wp\/v2\/posts\/5071\/revisions"}],"predecessor-version":[{"id":5073,"href":"https:\/\/elfaroonline.com.ar\/index.php\/wp-json\/wp\/v2\/posts\/5071\/revisions\/5073"}],"wp:featuredmedia":[{"embeddable":true,"href":"https:\/\/elfaroonline.com.ar\/index.php\/wp-json\/wp\/v2\/media\/5072"}],"wp:attachment":[{"href":"https:\/\/elfaroonline.com.ar\/index.php\/wp-json\/wp\/v2\/media?parent=5071"}],"wp:term":[{"taxonomy":"category","embeddable":true,"href":"https:\/\/elfaroonline.com.ar\/index.php\/wp-json\/wp\/v2\/categories?post=5071"},{"taxonomy":"post_tag","embeddable":true,"href":"https:\/\/elfaroonline.com.ar\/index.php\/wp-json\/wp\/v2\/tags?post=5071"}],"curies":[{"name":"wp","href":"https:\/\/api.w.org\/{rel}","templated":true}]}}