{"id":5074,"date":"2026-03-12T10:40:49","date_gmt":"2026-03-12T13:40:49","guid":{"rendered":"https:\/\/elfaroonline.com.ar\/?p=5074"},"modified":"2026-03-16T10:36:23","modified_gmt":"2026-03-16T13:36:23","slug":"cine-por-la-memoria-en-catamarca","status":"publish","type":"post","link":"https:\/\/elfaroonline.com.ar\/index.php\/2026\/03\/12\/cine-por-la-memoria-en-catamarca\/","title":{"rendered":"Cine por la Memoria en Catamarca"},"content":{"rendered":"<p style=\"font-weight: 400; text-align: justify;\">Este mes de marzo, en el marco del Mes de la Memoria, y a 50 a\u00f1os del \u00faltimo Golpe de Estado C\u00edvico Militar, el Ministerio de Cultura, Turismo y Deporte junto al Ministerio de Gobierno, Seguridad y Justicia, a trav\u00e9s de la Direcci\u00f3n de Derechos Humanos, organizan el ciclo \u201cCine por la Memoria\u201d.<\/p>\n<p style=\"font-weight: 400; text-align: justify;\">Este espacio contar\u00e1 en una primera instancia con un ciclo de cortos y documentales audiovisuales denominados\u00a0<strong>La Fe Perseguida<\/strong>, a realizarse el\u00a0<strong>lunes 16 de marzo<\/strong>\u00a0desde las 20 horas en CATA, Rep\u00fablica y Sarmiento.<\/p>\n<p style=\"font-weight: 400; text-align: justify;\">En este primer encuentro se proyectar\u00e1n los cap\u00edtulos, \u201cLos Curas de Chamical\u201d y \u201cWenceslao Pedernera\u201d, cuyas producciones corresponden a la Secretar\u00eda de Derechos Humanos de la Provincia de La Rioja, y adem\u00e1s se proyectar\u00e1 la pel\u00edcula \u201cPadre Angelelli el Obispo del Pueblo\u201d, cuya producci\u00f3n la realiz\u00f3 el Ministerio de Cultura de la Naci\u00f3n en el a\u00f1o 2020.<\/p>\n<p style=\"font-weight: 400; text-align: justify;\">Esa proyecci\u00f3n contar\u00e1 con la presencia de Delfor &#8220;Pocho&#8221; Brizuela, secretario de Derechos Humanos de La Rioja y Carlos Ferreyra, cantor, poeta y defensor de DD.HH. de La Rioja, quienes disertar\u00e1n sobre la vida de Angelelli y la experiencia de lucha junto a \u00e9l.<\/p>\n<p style=\"font-weight: 400; text-align: justify;\">Adem\u00e1s, el\u00a0<strong>mi\u00e9rcoles 25 de marzo<\/strong>, desde las 20 horas, en el Cine Teatro Catamarca, se proyectar\u00e1 la pel\u00edcula\u00a0<strong>1985<\/strong>, un aclamado drama hist\u00f3rico dirigido por Santiago Mitre y protagonizado por Ricardo Dar\u00edn y Peter Lanzani. La pel\u00edcula sigue a los fiscales Julio Strassera y Luis Moreno Ocampo en su valiente lucha por enjuiciar a los l\u00edderes de la sangrienta dictadura militar argentina.<\/p>\n","protected":false},"excerpt":{"rendered":"<p>Este mes de marzo, en el marco del Mes de la Memoria, y a 50 a\u00f1os del \u00faltimo Golpe de Estado C\u00edvico Militar, el Ministerio de Cultura, Turismo y Deporte junto al Ministerio de Gobierno, Seguridad y Justicia, a trav\u00e9s de la Direcci\u00f3n de Derechos Humanos, organizan el ciclo \u201cCine por la Memoria\u201d. Este espacio [&hellip;]<\/p>\n","protected":false},"author":2,"featured_media":5075,"comment_status":"open","ping_status":"open","sticky":false,"template":"","format":"standard","meta":{"footnotes":""},"categories":[20],"tags":[40,134,133],"class_list":{"0":"post-5074","1":"post","2":"type-post","3":"status-publish","4":"format-standard","5":"has-post-thumbnail","7":"category-sociedad","8":"tag-catamarca","9":"tag-cine","10":"tag-mes-de-la-memoria"},"aioseo_notices":[],"_links":{"self":[{"href":"https:\/\/elfaroonline.com.ar\/index.php\/wp-json\/wp\/v2\/posts\/5074","targetHints":{"allow":["GET"]}}],"collection":[{"href":"https:\/\/elfaroonline.com.ar\/index.php\/wp-json\/wp\/v2\/posts"}],"about":[{"href":"https:\/\/elfaroonline.com.ar\/index.php\/wp-json\/wp\/v2\/types\/post"}],"author":[{"embeddable":true,"href":"https:\/\/elfaroonline.com.ar\/index.php\/wp-json\/wp\/v2\/users\/2"}],"replies":[{"embeddable":true,"href":"https:\/\/elfaroonline.com.ar\/index.php\/wp-json\/wp\/v2\/comments?post=5074"}],"version-history":[{"count":2,"href":"https:\/\/elfaroonline.com.ar\/index.php\/wp-json\/wp\/v2\/posts\/5074\/revisions"}],"predecessor-version":[{"id":5077,"href":"https:\/\/elfaroonline.com.ar\/index.php\/wp-json\/wp\/v2\/posts\/5074\/revisions\/5077"}],"wp:featuredmedia":[{"embeddable":true,"href":"https:\/\/elfaroonline.com.ar\/index.php\/wp-json\/wp\/v2\/media\/5075"}],"wp:attachment":[{"href":"https:\/\/elfaroonline.com.ar\/index.php\/wp-json\/wp\/v2\/media?parent=5074"}],"wp:term":[{"taxonomy":"category","embeddable":true,"href":"https:\/\/elfaroonline.com.ar\/index.php\/wp-json\/wp\/v2\/categories?post=5074"},{"taxonomy":"post_tag","embeddable":true,"href":"https:\/\/elfaroonline.com.ar\/index.php\/wp-json\/wp\/v2\/tags?post=5074"}],"curies":[{"name":"wp","href":"https:\/\/api.w.org\/{rel}","templated":true}]}}