{"id":5079,"date":"2026-03-13T08:40:11","date_gmt":"2026-03-13T11:40:11","guid":{"rendered":"https:\/\/elfaroonline.com.ar\/?p=5079"},"modified":"2026-03-16T10:36:15","modified_gmt":"2026-03-16T13:36:15","slug":"se-hizo-la-audiencia-publica-para-analizar-actualizacion-tarifaria-de-agua-y-cloacas","status":"publish","type":"post","link":"https:\/\/elfaroonline.com.ar\/index.php\/2026\/03\/13\/se-hizo-la-audiencia-publica-para-analizar-actualizacion-tarifaria-de-agua-y-cloacas\/","title":{"rendered":"Se hizo la Audiencia P\u00fablica para analizar actualizaci\u00f3n tarifaria de agua y cloacas"},"content":{"rendered":"<p style=\"font-weight: 400; text-align: justify;\">Convocada por el Ministerio de Desarrollo Productivo, mediante la resoluci\u00f3n 74\/26, se realiz\u00f3 en el Sal\u00f3n Calchaqu\u00ed del Complejo Cultural Esqui\u00fa, la audiencia p\u00fablica para tratar el pedido de actualizaci\u00f3n tarifaria solicitado por la empresa Aguas de Catamarca SAPEM, cuya apertura estuvo a cargo del titular de la cartera, Leonardo Zeballos, quien remarc\u00f3 el esp\u00edritu democr\u00e1tico de la audiencia y agradeci\u00f3 la participaci\u00f3n de los concurrentes.<\/p>\n<p style=\"font-weight: 400; text-align: justify;\">La audiencia, que tuvo como instructores a Evelin Riccheri y Pac\u00edfico Antonio Carrizo, cont\u00f3 con las exposiciones de Fernando Toledo, en representaci\u00f3n de Aguas de Catamarca SAPEM; de Germ\u00e1n Nadal, del Ministerio de Desarrollo Productivo, y de los vecinos Alfredo Marchiol y Agust\u00edn Marchetti.<\/p>\n<p style=\"font-weight: 400; text-align: justify;\">Tambi\u00e9n estuvo inscripta la Defensor\u00eda del Pueblo de la Provincia, cuyos representantes Dalmacio Mera, Federico S\u00e1nchez Ruiz y An\u00edbal Mart\u00ednez, expusieron los argumentos de parte.<\/p>\n<p style=\"font-weight: 400; text-align: justify;\">Tras las exposiciones de las partes legitimadas, el Ministerio habilit\u00f3 un espacio para que los asistentes que no se inscribieron previamente puedan expresar su punto de vista por un tiempo de 5 minutos, asegur\u00e1ndose que todas las voces sean escuchadas.<\/p>\n<p style=\"font-weight: 400; text-align: justify;\">Una vez finalizada la audiencia, toda la informaci\u00f3n recolectada, las ponencias y las sugerencias de los usuarios ser\u00e1n analizadas por el Ministerio de Desarrollo Productivo. Este organismo ser\u00e1 el encargado de emitir la resoluci\u00f3n final que determine si el pedido de la empresa prestataria se ajusta a la Ley N\u00b0 4963 y al marco normativo vigente.<\/p>\n","protected":false},"excerpt":{"rendered":"<p>Convocada por el Ministerio de Desarrollo Productivo, mediante la resoluci\u00f3n 74\/26, se realiz\u00f3 en el Sal\u00f3n Calchaqu\u00ed del Complejo Cultural Esqui\u00fa, la audiencia p\u00fablica para tratar el pedido de actualizaci\u00f3n tarifaria solicitado por la empresa Aguas de Catamarca SAPEM, cuya apertura estuvo a cargo del titular de la cartera, Leonardo Zeballos, quien remarc\u00f3 el esp\u00edritu [&hellip;]<\/p>\n","protected":false},"author":2,"featured_media":5080,"comment_status":"open","ping_status":"open","sticky":false,"template":"","format":"standard","meta":{"footnotes":""},"categories":[20],"tags":[],"class_list":{"0":"post-5079","1":"post","2":"type-post","3":"status-publish","4":"format-standard","5":"has-post-thumbnail","7":"category-sociedad"},"aioseo_notices":[],"_links":{"self":[{"href":"https:\/\/elfaroonline.com.ar\/index.php\/wp-json\/wp\/v2\/posts\/5079","targetHints":{"allow":["GET"]}}],"collection":[{"href":"https:\/\/elfaroonline.com.ar\/index.php\/wp-json\/wp\/v2\/posts"}],"about":[{"href":"https:\/\/elfaroonline.com.ar\/index.php\/wp-json\/wp\/v2\/types\/post"}],"author":[{"embeddable":true,"href":"https:\/\/elfaroonline.com.ar\/index.php\/wp-json\/wp\/v2\/users\/2"}],"replies":[{"embeddable":true,"href":"https:\/\/elfaroonline.com.ar\/index.php\/wp-json\/wp\/v2\/comments?post=5079"}],"version-history":[{"count":1,"href":"https:\/\/elfaroonline.com.ar\/index.php\/wp-json\/wp\/v2\/posts\/5079\/revisions"}],"predecessor-version":[{"id":5081,"href":"https:\/\/elfaroonline.com.ar\/index.php\/wp-json\/wp\/v2\/posts\/5079\/revisions\/5081"}],"wp:featuredmedia":[{"embeddable":true,"href":"https:\/\/elfaroonline.com.ar\/index.php\/wp-json\/wp\/v2\/media\/5080"}],"wp:attachment":[{"href":"https:\/\/elfaroonline.com.ar\/index.php\/wp-json\/wp\/v2\/media?parent=5079"}],"wp:term":[{"taxonomy":"category","embeddable":true,"href":"https:\/\/elfaroonline.com.ar\/index.php\/wp-json\/wp\/v2\/categories?post=5079"},{"taxonomy":"post_tag","embeddable":true,"href":"https:\/\/elfaroonline.com.ar\/index.php\/wp-json\/wp\/v2\/tags?post=5079"}],"curies":[{"name":"wp","href":"https:\/\/api.w.org\/{rel}","templated":true}]}}