{"id":5083,"date":"2026-03-13T09:08:26","date_gmt":"2026-03-13T12:08:26","guid":{"rendered":"https:\/\/elfaroonline.com.ar\/?p=5083"},"modified":"2026-03-16T10:36:08","modified_gmt":"2026-03-16T13:36:08","slug":"empresa-norteamericana-interesada-en-exploracion-de-minerales-criticos-en-catamarca","status":"publish","type":"post","link":"https:\/\/elfaroonline.com.ar\/index.php\/2026\/03\/13\/empresa-norteamericana-interesada-en-exploracion-de-minerales-criticos-en-catamarca\/","title":{"rendered":"Empresa norteamericana interesada en exploraci\u00f3n de minerales cr\u00edticos en Catamarca"},"content":{"rendered":"<p style=\"font-weight: 400; text-align: justify;\">El Gobierno de la Provincia de Catamarca, a trav\u00e9s del Ministerio de Miner\u00eda, junto a Catamarca Minera y Energ\u00e9tica (CAMYEN) y la compa\u00f1\u00eda estadounidense American Minerals LLC, formalizaron un Convenio Marco de cooperaci\u00f3n para la exploraci\u00f3n y desarrollo de minerales cr\u00edticos.<\/p>\n<p style=\"font-weight: 400; text-align: justify;\">El acuerdo fue rubricado por el gobernador Ra\u00fal Jalil y el CEO de American Minerals, Sergio Rotondo, en el marco de la agenda de trabajo que el mandatario provincial desarrolla en EE.UU., y se destac\u00f3 el valor de esta alianza estrat\u00e9gica que establece las bases de una valiosa colaboraci\u00f3n t\u00e9cnico-cient\u00edfica.<\/p>\n<p style=\"font-weight: 400; text-align: justify;\">Primordialmente, el convenio marco est\u00e1 orientado a identificar y evaluar el potencial de la provincia de Catamarca en tierras raras y minerales escasos en el mundo, que est\u00e1n vinculados a la investigaci\u00f3n y desarrollo de aplicaciones de tecnol\u00f3gicas avanzadas, transici\u00f3n energ\u00e9tica y defensa.<\/p>\n<p style=\"font-weight: 400; text-align: justify;\">La vinculaci\u00f3n con American Minerals LLC permitir\u00e1 a la empresa estadounidense compartir con la provincia de Catamarca la experiencia t\u00e9cnica especializada en la concreci\u00f3n de los estudios preliminares, la evaluaci\u00f3n de los minerales cr\u00edticos, la metodolog\u00eda de prospecci\u00f3n y la realizaci\u00f3n de estudios t\u00e9cnicos, muestreos y an\u00e1lisis certificados. Igualmente, American Minerals podr\u00e1 financiar los estudios preliminares que se realicen dentro de los alcances de este convenio marco.<\/p>\n<p style=\"font-weight: 400; text-align: justify;\">Por su parte, la provincia de Catamarca aportar\u00e1 la informaci\u00f3n geol\u00f3gica, los estudios de prefactibilidad, el mapeo geol\u00f3gico y otras acciones similares, en coordinaci\u00f3n con otras instituciones como el Servicio Geol\u00f3gico Minero Argentino (SEGEMAR).<\/p>\n<p style=\"font-weight: 400; text-align: justify;\">Paralelamente, se destac\u00f3 que la firma del acuerdo marco se produce bajo las posibilidades de la aplicaci\u00f3n del R\u00e9gimen de Incentivo para Grandes Inversiones (RIGI) como as\u00ed tambi\u00e9n del Memor\u00e1ndum de Entendimiento suscripto entre la Argentina y Estados Unidos en agosto de 2024 para fortalecer la cooperaci\u00f3n en minerales cr\u00edticos. Adem\u00e1s, el acuerdo incorpora cl\u00e1usulas espec\u00edficas en materia de responsabilidad social y respeto a los derechos de los pueblos originarios, como as\u00ed tambi\u00e9n la posibilidad de realizar convenios comunitarios que incluyan la generaci\u00f3n de empleo local preferente y el desarrollo de proveedores.<\/p>\n<p style=\"font-weight: 400; text-align: justify;\">El gobierno de la provincia y la empresa acordaron adem\u00e1s una agenda de trabajo para identificar \u00e1reas prioritarias, aprobar programas de estudios preliminares y evaluar la factibilidad de desarrollar convenios espec\u00edficos de exploraci\u00f3n o desarrollo de algunas \u00e1reas de inter\u00e9s mutuo.<\/p>\n","protected":false},"excerpt":{"rendered":"<p>El Gobierno de la Provincia de Catamarca, a trav\u00e9s del Ministerio de Miner\u00eda, junto a Catamarca Minera y Energ\u00e9tica (CAMYEN) y la compa\u00f1\u00eda estadounidense American Minerals LLC, formalizaron un Convenio Marco de cooperaci\u00f3n para la exploraci\u00f3n y desarrollo de minerales cr\u00edticos. El acuerdo fue rubricado por el gobernador Ra\u00fal Jalil y el CEO de American [&hellip;]<\/p>\n","protected":false},"author":2,"featured_media":5084,"comment_status":"open","ping_status":"open","sticky":false,"template":"","format":"standard","meta":{"footnotes":""},"categories":[21],"tags":[],"class_list":{"0":"post-5083","1":"post","2":"type-post","3":"status-publish","4":"format-standard","5":"has-post-thumbnail","7":"category-politica"},"aioseo_notices":[],"_links":{"self":[{"href":"https:\/\/elfaroonline.com.ar\/index.php\/wp-json\/wp\/v2\/posts\/5083","targetHints":{"allow":["GET"]}}],"collection":[{"href":"https:\/\/elfaroonline.com.ar\/index.php\/wp-json\/wp\/v2\/posts"}],"about":[{"href":"https:\/\/elfaroonline.com.ar\/index.php\/wp-json\/wp\/v2\/types\/post"}],"author":[{"embeddable":true,"href":"https:\/\/elfaroonline.com.ar\/index.php\/wp-json\/wp\/v2\/users\/2"}],"replies":[{"embeddable":true,"href":"https:\/\/elfaroonline.com.ar\/index.php\/wp-json\/wp\/v2\/comments?post=5083"}],"version-history":[{"count":1,"href":"https:\/\/elfaroonline.com.ar\/index.php\/wp-json\/wp\/v2\/posts\/5083\/revisions"}],"predecessor-version":[{"id":5085,"href":"https:\/\/elfaroonline.com.ar\/index.php\/wp-json\/wp\/v2\/posts\/5083\/revisions\/5085"}],"wp:featuredmedia":[{"embeddable":true,"href":"https:\/\/elfaroonline.com.ar\/index.php\/wp-json\/wp\/v2\/media\/5084"}],"wp:attachment":[{"href":"https:\/\/elfaroonline.com.ar\/index.php\/wp-json\/wp\/v2\/media?parent=5083"}],"wp:term":[{"taxonomy":"category","embeddable":true,"href":"https:\/\/elfaroonline.com.ar\/index.php\/wp-json\/wp\/v2\/categories?post=5083"},{"taxonomy":"post_tag","embeddable":true,"href":"https:\/\/elfaroonline.com.ar\/index.php\/wp-json\/wp\/v2\/tags?post=5083"}],"curies":[{"name":"wp","href":"https:\/\/api.w.org\/{rel}","templated":true}]}}