{"id":5091,"date":"2026-03-13T10:31:51","date_gmt":"2026-03-13T13:31:51","guid":{"rendered":"https:\/\/elfaroonline.com.ar\/?p=5091"},"modified":"2026-03-16T12:08:01","modified_gmt":"2026-03-16T15:08:01","slug":"el-gobierno-realiza-relevamiento-de-zonas-afectadas-en-el-este-catamarqueno","status":"publish","type":"post","link":"https:\/\/elfaroonline.com.ar\/index.php\/2026\/03\/13\/el-gobierno-realiza-relevamiento-de-zonas-afectadas-en-el-este-catamarqueno\/","title":{"rendered":"El Gobierno realiza relevamiento de zonas afectadas en el Este catamarque\u00f1o"},"content":{"rendered":"<p style=\"font-weight: 400; text-align: justify;\">Funcionarios del Gobierno provincial visitaron zonas afectadas en municipios del Este provincial, con el objetivo de relevar la situaci\u00f3n generada por las crecidas de los r\u00edos en las \u00faltimas horas.<\/p>\n<p style=\"font-weight: 400; text-align: justify;\">A lo largo de este jueves, el secretario de Asuntos Municipales, Nicol\u00e1s Ver\u00f3n, y parte del equipo del Ministerio de Gobierno, Seguridad y Justicia, recorrieron junto al intendente de Los Altos, Ra\u00fal Barot, distintos sectores de la jurisdicci\u00f3n de Los Altos donde las crecidas provocaron da\u00f1os en caminos y puentes, dejando incomunicadas a algunas comunidades de la zona.<\/p>\n<p style=\"font-weight: 400; text-align: justify;\">Posteriormente, la comitiva se traslad\u00f3 al municipio de Ica\u00f1o, donde fueron recibidos por el intendente Franco Carletta. All\u00ed, los funcionarios se interiorizaron sobre la situaci\u00f3n y el impacto que provocaron las inclemencias clim\u00e1ticas en la regi\u00f3n.<\/p>\n<p style=\"font-weight: 400; text-align: justify;\">Desde el Gobierno provincial se contin\u00faa trabajando de manera articulada con los municipios para relevar da\u00f1os y coordinar las acciones necesarias para asistir a las comunidades afectadas.<\/p>\n","protected":false},"excerpt":{"rendered":"<p>Funcionarios del Gobierno provincial visitaron zonas afectadas en municipios del Este provincial, con el objetivo de relevar la situaci\u00f3n generada por las crecidas de los r\u00edos en las \u00faltimas horas. A lo largo de este jueves, el secretario de Asuntos Municipales, Nicol\u00e1s Ver\u00f3n, y parte del equipo del Ministerio de Gobierno, Seguridad y Justicia, recorrieron [&hellip;]<\/p>\n","protected":false},"author":2,"featured_media":5092,"comment_status":"open","ping_status":"open","sticky":false,"template":"","format":"standard","meta":{"footnotes":""},"categories":[21],"tags":[138],"class_list":{"0":"post-5091","1":"post","2":"type-post","3":"status-publish","4":"format-standard","5":"has-post-thumbnail","7":"category-politica","8":"tag-este-catamarqueno"},"aioseo_notices":[],"_links":{"self":[{"href":"https:\/\/elfaroonline.com.ar\/index.php\/wp-json\/wp\/v2\/posts\/5091","targetHints":{"allow":["GET"]}}],"collection":[{"href":"https:\/\/elfaroonline.com.ar\/index.php\/wp-json\/wp\/v2\/posts"}],"about":[{"href":"https:\/\/elfaroonline.com.ar\/index.php\/wp-json\/wp\/v2\/types\/post"}],"author":[{"embeddable":true,"href":"https:\/\/elfaroonline.com.ar\/index.php\/wp-json\/wp\/v2\/users\/2"}],"replies":[{"embeddable":true,"href":"https:\/\/elfaroonline.com.ar\/index.php\/wp-json\/wp\/v2\/comments?post=5091"}],"version-history":[{"count":2,"href":"https:\/\/elfaroonline.com.ar\/index.php\/wp-json\/wp\/v2\/posts\/5091\/revisions"}],"predecessor-version":[{"id":5094,"href":"https:\/\/elfaroonline.com.ar\/index.php\/wp-json\/wp\/v2\/posts\/5091\/revisions\/5094"}],"wp:featuredmedia":[{"embeddable":true,"href":"https:\/\/elfaroonline.com.ar\/index.php\/wp-json\/wp\/v2\/media\/5092"}],"wp:attachment":[{"href":"https:\/\/elfaroonline.com.ar\/index.php\/wp-json\/wp\/v2\/media?parent=5091"}],"wp:term":[{"taxonomy":"category","embeddable":true,"href":"https:\/\/elfaroonline.com.ar\/index.php\/wp-json\/wp\/v2\/categories?post=5091"},{"taxonomy":"post_tag","embeddable":true,"href":"https:\/\/elfaroonline.com.ar\/index.php\/wp-json\/wp\/v2\/tags?post=5091"}],"curies":[{"name":"wp","href":"https:\/\/api.w.org\/{rel}","templated":true}]}}