{"id":5095,"date":"2026-03-13T10:37:36","date_gmt":"2026-03-13T13:37:36","guid":{"rendered":"https:\/\/elfaroonline.com.ar\/?p=5095"},"modified":"2026-03-13T10:37:36","modified_gmt":"2026-03-13T13:37:36","slug":"la-ministra-de-salud-visito-andalgala-y-mantuvo-un-encuentro-con-el-equipo-sanitario","status":"publish","type":"post","link":"https:\/\/elfaroonline.com.ar\/index.php\/2026\/03\/13\/la-ministra-de-salud-visito-andalgala-y-mantuvo-un-encuentro-con-el-equipo-sanitario\/","title":{"rendered":"La ministra de Salud visit\u00f3 Andalgal\u00e1 y mantuvo un encuentro con el equipo sanitario"},"content":{"rendered":"<p style=\"font-weight: 400; text-align: justify;\">La ministra de Salud, Johana Carrizo, junto a la secretaria de Asistencia en Salud P\u00fablica, Silvia Barrientos, visitaron el Hospital Zonal de Andalgal\u00e1, donde mantuvieron una reuni\u00f3n de trabajo con el personal de salud del establecimiento.<\/p>\n<p style=\"font-weight: 400; text-align: justify;\">Durante la jornada, las autoridades dialogaron con los equipos sanitarios para escuchar inquietudes, analizar el funcionamiento de los servicios y relevar necesidades vinculadas a la organizaci\u00f3n del trabajo, la infraestructura y el abastecimiento de insumos.<\/p>\n<p style=\"font-weight: 400; text-align: justify;\">En este marco, la ministra remarc\u00f3 la importancia de estos espacios de di\u00e1logo con los trabajadores del sistema sanitario y se\u00f1al\u00f3, \u201cm\u00e1s que nada son planteos organizativos. Creo que hace falta un poco m\u00e1s de organizaci\u00f3n y para eso hemos llegado, para generar consensos y que cada servicio pueda trabajar puertas adentro en proyectos espec\u00edficos de mejora. La idea es escuchar a los equipos, recorrer cada \u00e1rea y acompa\u00f1ar los procesos que permitan seguir fortaleciendo la atenci\u00f3n\u201d.<\/p>\n<p style=\"font-weight: 400; text-align: justify;\">Asimismo, se realiz\u00f3 un recorrido por distintos servicios del hospital,\u00a0 incluyendo el \u00e1rea de farmacia, con el objetivo de evaluar el estado de los insumos y el funcionamiento general del establecimiento.<\/p>\n<p style=\"font-weight: 400; text-align: justify;\">La visita se enmarca en una agenda de trabajo territorial que busca acompa\u00f1ar a los equipos de salud, conocer de primera mano la realidad de los establecimientos sanitarios del interior y continuar fortaleciendo el sistema p\u00fablico de salud en toda la provincia.<\/p>\n","protected":false},"excerpt":{"rendered":"<p>La ministra de Salud, Johana Carrizo, junto a la secretaria de Asistencia en Salud P\u00fablica, Silvia Barrientos, visitaron el Hospital Zonal de Andalgal\u00e1, donde mantuvieron una reuni\u00f3n de trabajo con el personal de salud del establecimiento. Durante la jornada, las autoridades dialogaron con los equipos sanitarios para escuchar inquietudes, analizar el funcionamiento de los servicios [&hellip;]<\/p>\n","protected":false},"author":2,"featured_media":5096,"comment_status":"open","ping_status":"open","sticky":false,"template":"","format":"standard","meta":{"footnotes":""},"categories":[21],"tags":[101],"class_list":{"0":"post-5095","1":"post","2":"type-post","3":"status-publish","4":"format-standard","5":"has-post-thumbnail","7":"category-politica","8":"tag-salud"},"aioseo_notices":[],"_links":{"self":[{"href":"https:\/\/elfaroonline.com.ar\/index.php\/wp-json\/wp\/v2\/posts\/5095","targetHints":{"allow":["GET"]}}],"collection":[{"href":"https:\/\/elfaroonline.com.ar\/index.php\/wp-json\/wp\/v2\/posts"}],"about":[{"href":"https:\/\/elfaroonline.com.ar\/index.php\/wp-json\/wp\/v2\/types\/post"}],"author":[{"embeddable":true,"href":"https:\/\/elfaroonline.com.ar\/index.php\/wp-json\/wp\/v2\/users\/2"}],"replies":[{"embeddable":true,"href":"https:\/\/elfaroonline.com.ar\/index.php\/wp-json\/wp\/v2\/comments?post=5095"}],"version-history":[{"count":1,"href":"https:\/\/elfaroonline.com.ar\/index.php\/wp-json\/wp\/v2\/posts\/5095\/revisions"}],"predecessor-version":[{"id":5097,"href":"https:\/\/elfaroonline.com.ar\/index.php\/wp-json\/wp\/v2\/posts\/5095\/revisions\/5097"}],"wp:featuredmedia":[{"embeddable":true,"href":"https:\/\/elfaroonline.com.ar\/index.php\/wp-json\/wp\/v2\/media\/5096"}],"wp:attachment":[{"href":"https:\/\/elfaroonline.com.ar\/index.php\/wp-json\/wp\/v2\/media?parent=5095"}],"wp:term":[{"taxonomy":"category","embeddable":true,"href":"https:\/\/elfaroonline.com.ar\/index.php\/wp-json\/wp\/v2\/categories?post=5095"},{"taxonomy":"post_tag","embeddable":true,"href":"https:\/\/elfaroonline.com.ar\/index.php\/wp-json\/wp\/v2\/tags?post=5095"}],"curies":[{"name":"wp","href":"https:\/\/api.w.org\/{rel}","templated":true}]}}