{"id":5098,"date":"2026-03-13T10:39:31","date_gmt":"2026-03-13T13:39:31","guid":{"rendered":"https:\/\/elfaroonline.com.ar\/?p=5098"},"modified":"2026-03-13T10:39:31","modified_gmt":"2026-03-13T13:39:31","slug":"mas-herramientas-para-acompanar-a-mujeres-en-situacion-de-violencia","status":"publish","type":"post","link":"https:\/\/elfaroonline.com.ar\/index.php\/2026\/03\/13\/mas-herramientas-para-acompanar-a-mujeres-en-situacion-de-violencia\/","title":{"rendered":"M\u00e1s herramientas para acompa\u00f1ar a mujeres en situaci\u00f3n de violencia"},"content":{"rendered":"<p style=\"font-weight: 400;\">El Ministerio de Gobierno, Seguridad y Justicia, a trav\u00e9s del Hogar de Protecci\u00f3n Integral Warmi, firm\u00f3 un convenio con el Ministerio de Transporte de la Provincia para ampliar los canales de asistencia ante situaciones de violencia de g\u00e9nero.<\/p>\n<p style=\"font-weight: 400;\">A partir de este acuerdo, los c\u00f3digos QR de reclamos presentes en los transportes provinciales tambi\u00e9n podr\u00e1n ser utilizados por mujeres que necesiten ayuda. Las solicitudes ser\u00e1n recepcionadas por el \u00e1rea de Transporte y derivadas autom\u00e1ticamente a la l\u00ednea de emergencia Warmi 200-144 para su atenci\u00f3n inmediata.<\/p>\n","protected":false},"excerpt":{"rendered":"<p>El Ministerio de Gobierno, Seguridad y Justicia, a trav\u00e9s del Hogar de Protecci\u00f3n Integral Warmi, firm\u00f3 un convenio con el Ministerio de Transporte de la Provincia para ampliar los canales de asistencia ante situaciones de violencia de g\u00e9nero. A partir de este acuerdo, los c\u00f3digos QR de reclamos presentes en los transportes provinciales tambi\u00e9n podr\u00e1n [&hellip;]<\/p>\n","protected":false},"author":2,"featured_media":5099,"comment_status":"open","ping_status":"open","sticky":false,"template":"","format":"standard","meta":{"footnotes":""},"categories":[20],"tags":[104,139,45],"class_list":{"0":"post-5098","1":"post","2":"type-post","3":"status-publish","4":"format-standard","5":"has-post-thumbnail","7":"category-sociedad","8":"tag-seguridad","9":"tag-violencia-de-genero","10":"tag-warmi"},"aioseo_notices":[],"_links":{"self":[{"href":"https:\/\/elfaroonline.com.ar\/index.php\/wp-json\/wp\/v2\/posts\/5098","targetHints":{"allow":["GET"]}}],"collection":[{"href":"https:\/\/elfaroonline.com.ar\/index.php\/wp-json\/wp\/v2\/posts"}],"about":[{"href":"https:\/\/elfaroonline.com.ar\/index.php\/wp-json\/wp\/v2\/types\/post"}],"author":[{"embeddable":true,"href":"https:\/\/elfaroonline.com.ar\/index.php\/wp-json\/wp\/v2\/users\/2"}],"replies":[{"embeddable":true,"href":"https:\/\/elfaroonline.com.ar\/index.php\/wp-json\/wp\/v2\/comments?post=5098"}],"version-history":[{"count":1,"href":"https:\/\/elfaroonline.com.ar\/index.php\/wp-json\/wp\/v2\/posts\/5098\/revisions"}],"predecessor-version":[{"id":5100,"href":"https:\/\/elfaroonline.com.ar\/index.php\/wp-json\/wp\/v2\/posts\/5098\/revisions\/5100"}],"wp:featuredmedia":[{"embeddable":true,"href":"https:\/\/elfaroonline.com.ar\/index.php\/wp-json\/wp\/v2\/media\/5099"}],"wp:attachment":[{"href":"https:\/\/elfaroonline.com.ar\/index.php\/wp-json\/wp\/v2\/media?parent=5098"}],"wp:term":[{"taxonomy":"category","embeddable":true,"href":"https:\/\/elfaroonline.com.ar\/index.php\/wp-json\/wp\/v2\/categories?post=5098"},{"taxonomy":"post_tag","embeddable":true,"href":"https:\/\/elfaroonline.com.ar\/index.php\/wp-json\/wp\/v2\/tags?post=5098"}],"curies":[{"name":"wp","href":"https:\/\/api.w.org\/{rel}","templated":true}]}}