{"id":5101,"date":"2026-03-13T11:16:56","date_gmt":"2026-03-13T14:16:56","guid":{"rendered":"https:\/\/elfaroonline.com.ar\/?p=5101"},"modified":"2026-03-13T11:16:56","modified_gmt":"2026-03-13T14:16:56","slug":"bibiana-reibaldi-compartio-su-testimonio-en-el-mes-de-la-memoria","status":"publish","type":"post","link":"https:\/\/elfaroonline.com.ar\/index.php\/2026\/03\/13\/bibiana-reibaldi-compartio-su-testimonio-en-el-mes-de-la-memoria\/","title":{"rendered":"Bibiana Reibaldi comparti\u00f3 su testimonio en el Mes de la Memoria"},"content":{"rendered":"<p style=\"text-align: justify;\">En el marco de las actividades por el Mes de la Memoria, se realiz\u00f3 este jueves 12 de marzo una charla a cargo de Bibiana Reibaldi, integrante del colectivo Historias Desobedientes, espacio conformado por hijas e hijos de represores de la \u00faltima dictadura que se pronuncian p\u00fablicamente a favor de la memoria, la verdad y la justicia.<\/p>\n<p style=\"text-align: justify;\">Durante el encuentro, Reibaldi comparti\u00f3 su historia personal y el proceso que la llev\u00f3 a romper con el silencio familiar para posicionarse \u00e9ticamente frente al accionar de su padre, Julio Reibaldi, quien fue militar y civil del Batall\u00f3n 601 de Inteligencia del Ej\u00e9rcito e integr\u00f3 activamente el aparato represivo durante la \u00faltima dictadura c\u00edvico militar.<\/p>\n<p style=\"text-align: justify;\">\u201cYo soy una de esas historias. Una historia que intenta poner en palabras tanto da\u00f1o y tanto desastre\u201d, expres\u00f3 al inicio de su exposici\u00f3n, en la que remarc\u00f3 la importancia de sostener estos espacios de di\u00e1logo y reflexi\u00f3n. \u201cReafirmar los valores de memoria, verdad y justicia y sostener estos espacios es una forma de mantener viva la memoria, especialmente en el marco de los 50 a\u00f1os del golpe\u201d.<\/p>\n<p style=\"text-align: justify;\">Reibaldi explic\u00f3 que el colectivo Historias Desobedientes surgi\u00f3 a partir de experiencias personales atravesadas por la verg\u00fcenza, el dolor y los mandatos de silencio dentro de las familias vinculadas al terrorismo de Estado. \u201cCada integrante tiene un recorrido de vida diferente, pero hay denominadores comunes que nos unen: la verg\u00fcenza y el pacto de silencio familiar que tuvimos que romper, nadando contra la corriente\u201d, se\u00f1al\u00f3.<\/p>\n<p style=\"text-align: justify;\">En ese sentido, defini\u00f3 al colectivo como una voz inc\u00f3moda dentro del debate p\u00fablico: \u201cSomos una voz disruptiva, una voz inc\u00f3moda. Los desobedientes decidimos tomar una decisi\u00f3n basada en la \u00e9tica y en el repudio al accionar de nuestros padres y familiares, criminales de lesa humanidad\u201d.<\/p>\n<p style=\"text-align: justify;\">Tambi\u00e9n record\u00f3 uno de los momentos que marc\u00f3 su vida y que le permiti\u00f3 dimensionar el rol que cumpl\u00eda su padre durante la dictadura. Seg\u00fan cont\u00f3, en una ocasi\u00f3n escuch\u00f3 c\u00f3mo \u00e9l mismo se defin\u00eda frente a otras personas: \u201cMe dedico a cazar subversivos\u201d, dijo en una conversaci\u00f3n en el Hospital Militar. Esa frase, fue uno de los hechos que con el tiempo la llevaron a cuestionar profundamente el lugar que ocupaba su familia dentro del terrorismo de Estado.<\/p>\n<p style=\"text-align: justify;\">La primera aparici\u00f3n p\u00fablica del grupo se produjo el 3 de junio de 2017, durante una movilizaci\u00f3n del movimiento Ni Una Menos, cuando un peque\u00f1o grupo de mujeres march\u00f3 con una bandera que gener\u00f3 sorpresa y emoci\u00f3n entre los manifestantes. \u201c\u00c9ramos seis mujeres portando la bandera. Muchos miraban y quedaban perplejos, algunos lloraban, otros nos abrazaban\u201d, record\u00f3.<\/p>\n<p style=\"text-align: justify;\">Durante la charla tambi\u00e9n abord\u00f3 las situaciones personales y familiares que implic\u00f3 ese posicionamiento. \u201cMi pap\u00e1 fue un genocida que muri\u00f3 impune en 2002\u201d, afirm\u00f3, al tiempo que reconoci\u00f3 la contradicci\u00f3n emocional que atraves\u00f3 durante a\u00f1os: \u201cYo a mi pap\u00e1 lo quer\u00eda, no lo negu\u00e9 ni lo niego, pero eso no me impide posicionarme\u00a0 desde la \u00e9tica y el repudio\u201d.<\/p>\n<p style=\"text-align: justify;\">Reibaldi relat\u00f3 adem\u00e1s que durante los \u00faltimos a\u00f1os de vida de su padre mantuvieron fuertes discusiones en las que ella le ped\u00eda que declarara y rompiera el pacto de silencio que rodea a muchos de los responsables de los cr\u00edmenes de la dictadura. \u201cFue fiel al pacto de silencio y jam\u00e1s dijo una palabra\u201d, sostuvo.<\/p>\n<p style=\"text-align: justify;\">A lo largo de su exposici\u00f3n, destac\u00f3 el valor de la palabra como herramienta para enfrentar ese silencio y aportar a los procesos de memoria colectiva. \u201cNuestra acci\u00f3n estrat\u00e9gica es la palabra. Es el recurso que tenemos para ser sinceros y para denunciar\u201d, expres\u00f3.<\/p>\n<p style=\"text-align: justify;\">Finalmente, subray\u00f3 que los testimonios de familiares que deciden romper con ese silencio tambi\u00e9n pueden tener un impacto profundo en las v\u00edctimas y sobrevivientes. En ese sentido, record\u00f3 el caso de una persona detenida ilegalmente durante la dictadura que pudo reconstruir parte de su historia gracias al testimonio de un integrante del colectivo. \u201cPara ese sobreviviente fue la primera vez que alguien confirmaba que hab\u00eda estado secuestrado. Eso le cambi\u00f3 la vida\u201d, relat\u00f3.<\/p>\n<p style=\"text-align: justify;\">La actividad form\u00f3 parte de las propuestas impulsadas en el marco del Mes de la Memoria por los Ministerio de Gobierno y Justicia, a trav\u00e9s de la Direcci\u00f3n de Derechos Humanos y el Ministerio de Cultura, Turismo y Deporte, a trav\u00e9s de la Direcci\u00f3n de Desarrollo Cultural, a 50 a\u00f1os del golpe de Estado de 1976, con el objetivo de promover la reflexi\u00f3n colectiva sobre el pasado reciente y fortalecer los valores de memoria, verdad y justicia.<\/p>\n<p style=\"text-align: justify;\">El ciclo continuar\u00e1 con una nueva charla titulada: \u201cPensar los v\u00ednculos familiares\u201d, que se realizar\u00e1 este viernes a las 18 horas en el Sal\u00f3n de Arte de CATA (Sarmiento 613), destinada especialmente a estudiantes universitarios, institutos de educaci\u00f3n superior, docentes y organizaciones sociales y pol\u00edticas, aunque tambi\u00e9n estar\u00e1 abierta al p\u00fablico en general. All\u00ed, Reibaldi profundizar\u00e1 en las reflexiones sobre los lazos familiares atravesados por la historia reciente y los desaf\u00edos que implica abordar estos temas desde la memoria y la \u00e9tica.<\/p>\n","protected":false},"excerpt":{"rendered":"<p>En el marco de las actividades por el Mes de la Memoria, se realiz\u00f3 este jueves 12 de marzo una charla a cargo de Bibiana Reibaldi, integrante del colectivo Historias Desobedientes, espacio conformado por hijas e hijos de represores de la \u00faltima dictadura que se pronuncian p\u00fablicamente a favor de la memoria, la verdad y [&hellip;]<\/p>\n","protected":false},"author":2,"featured_media":5102,"comment_status":"open","ping_status":"open","sticky":false,"template":"","format":"standard","meta":{"footnotes":""},"categories":[20],"tags":[140],"class_list":{"0":"post-5101","1":"post","2":"type-post","3":"status-publish","4":"format-standard","5":"has-post-thumbnail","7":"category-sociedad","8":"tag-bibiana-reibaldi"},"aioseo_notices":[],"_links":{"self":[{"href":"https:\/\/elfaroonline.com.ar\/index.php\/wp-json\/wp\/v2\/posts\/5101","targetHints":{"allow":["GET"]}}],"collection":[{"href":"https:\/\/elfaroonline.com.ar\/index.php\/wp-json\/wp\/v2\/posts"}],"about":[{"href":"https:\/\/elfaroonline.com.ar\/index.php\/wp-json\/wp\/v2\/types\/post"}],"author":[{"embeddable":true,"href":"https:\/\/elfaroonline.com.ar\/index.php\/wp-json\/wp\/v2\/users\/2"}],"replies":[{"embeddable":true,"href":"https:\/\/elfaroonline.com.ar\/index.php\/wp-json\/wp\/v2\/comments?post=5101"}],"version-history":[{"count":1,"href":"https:\/\/elfaroonline.com.ar\/index.php\/wp-json\/wp\/v2\/posts\/5101\/revisions"}],"predecessor-version":[{"id":5103,"href":"https:\/\/elfaroonline.com.ar\/index.php\/wp-json\/wp\/v2\/posts\/5101\/revisions\/5103"}],"wp:featuredmedia":[{"embeddable":true,"href":"https:\/\/elfaroonline.com.ar\/index.php\/wp-json\/wp\/v2\/media\/5102"}],"wp:attachment":[{"href":"https:\/\/elfaroonline.com.ar\/index.php\/wp-json\/wp\/v2\/media?parent=5101"}],"wp:term":[{"taxonomy":"category","embeddable":true,"href":"https:\/\/elfaroonline.com.ar\/index.php\/wp-json\/wp\/v2\/categories?post=5101"},{"taxonomy":"post_tag","embeddable":true,"href":"https:\/\/elfaroonline.com.ar\/index.php\/wp-json\/wp\/v2\/tags?post=5101"}],"curies":[{"name":"wp","href":"https:\/\/api.w.org\/{rel}","templated":true}]}}