{"id":5107,"date":"2026-03-13T12:16:17","date_gmt":"2026-03-13T15:16:17","guid":{"rendered":"https:\/\/elfaroonline.com.ar\/?p=5107"},"modified":"2026-03-13T12:16:17","modified_gmt":"2026-03-13T15:16:17","slug":"el-desconcierto-de-colapinto-por-su-rendimiento-en-la-clasificacion-de-la-sprint-en-china-estoy-perdido","status":"publish","type":"post","link":"https:\/\/elfaroonline.com.ar\/index.php\/2026\/03\/13\/el-desconcierto-de-colapinto-por-su-rendimiento-en-la-clasificacion-de-la-sprint-en-china-estoy-perdido\/","title":{"rendered":"El desconcierto de Colapinto por su rendimiento en la clasificaci\u00f3n de la Sprint en China: \u201cEstoy perdido\u201d"},"content":{"rendered":"<p class=\"paragraph font__body-regular\"><b>Franco Colapinto<\/b>\u00a0tuvo un mal arranque en el\u00a0<b>Gran Premio de China<\/b>. El piloto argentino de\u00a0<b>Alpine<\/b>\u00a0no pudo encontrar el ritmo y termin\u00f3 16\u00b0 en la clasificaci\u00f3n para la Sprint, lejos de su compa\u00f1ero de equipo,\u00a0<b>Pierre Gasly<\/b>.<\/p>\n<p class=\"paragraph font__body-regular\">Colapinto, de 22 a\u00f1os, lleg\u00f3 al Circuito Internacional de Shangh\u00e1i sin experiencia previa en esa pista y con apenas una hora de entrenamiento para adaptarse y trabajar en la puesta a punto del\u00a0<b>Alpine A526<\/b>. Adem\u00e1s, debi\u00f3 lidiar con la gesti\u00f3n de la energ\u00eda de la unidad de potencia, un desaf\u00edo extra en la F\u00f3rmula 1 actual.<\/p>\n<p class=\"paragraph font__body-regular\">En la pr\u00e1ctica libre, Colapinto se ubic\u00f3 15\u00b0, a menos de tres d\u00e9cimas de Gasly, que fue d\u00e9cimo, y en la clasificaci\u00f3n se ampli\u00f3 la distancia. El argentino qued\u00f3 16\u00b0 y su compa\u00f1ero ingres\u00f3 7\u00b0, con casi un segundo de ventaja (0.922).<\/p>\n<p class=\"paragraph font__body-regular\">En di\u00e1logo con\u00a0<i>ESPN<\/i>, Colapinto no ocult\u00f3 su frustraci\u00f3n: \u201c<b>Estoy un poco perdido con la clasificaci\u00f3n porque qued\u00e9 muy lejos de Pierre, que es un poco la referencia que tengo<\/b>\u201d, reconoci\u00f3.<\/p>\n<p class=\"paragraph font__body-regular\">\u201cEstaba cerca en la FP1, no conoc\u00eda la pista, ten\u00eda mucho por mejorar y trabajar, pero no hice el paso de la pr\u00e1ctica a la clasificaci\u00f3n, as\u00ed que hay que entender un poco por qu\u00e9\u201d, asumi\u00f3.<\/p>\n<p class=\"paragraph font__body-regular\">El pilarense consider\u00f3 que tendr\u00e1 \u201cmucho que trabajar\u201d por la noche en China para mejorar su rendimiento en la Sprint prevista el s\u00e1bado a la medianoche en Argentina<\/p>\n<p class=\"paragraph font__body-regular\">\u201cObviamente fue bueno conocer la pista hoy y tratar de entender un poquito m\u00e1s todo, pero bueno, me falt\u00f3 bastante rendimiento hoy en mi lado del garaje, as\u00ed que hay que entender por qu\u00e9 y volver mejor ma\u00f1ana\u201d, concluy\u00f3.<\/p>\n","protected":false},"excerpt":{"rendered":"<p>Franco Colapinto\u00a0tuvo un mal arranque en el\u00a0Gran Premio de China. El piloto argentino de\u00a0Alpine\u00a0no pudo encontrar el ritmo y termin\u00f3 16\u00b0 en la clasificaci\u00f3n para la Sprint, lejos de su compa\u00f1ero de equipo,\u00a0Pierre Gasly. Colapinto, de 22 a\u00f1os, lleg\u00f3 al Circuito Internacional de Shangh\u00e1i sin experiencia previa en esa pista y con apenas una hora [&hellip;]<\/p>\n","protected":false},"author":2,"featured_media":5108,"comment_status":"open","ping_status":"open","sticky":false,"template":"","format":"standard","meta":{"footnotes":""},"categories":[25],"tags":[111],"class_list":{"0":"post-5107","1":"post","2":"type-post","3":"status-publish","4":"format-standard","5":"has-post-thumbnail","7":"category-deportes","8":"tag-colapinto"},"aioseo_notices":[],"_links":{"self":[{"href":"https:\/\/elfaroonline.com.ar\/index.php\/wp-json\/wp\/v2\/posts\/5107","targetHints":{"allow":["GET"]}}],"collection":[{"href":"https:\/\/elfaroonline.com.ar\/index.php\/wp-json\/wp\/v2\/posts"}],"about":[{"href":"https:\/\/elfaroonline.com.ar\/index.php\/wp-json\/wp\/v2\/types\/post"}],"author":[{"embeddable":true,"href":"https:\/\/elfaroonline.com.ar\/index.php\/wp-json\/wp\/v2\/users\/2"}],"replies":[{"embeddable":true,"href":"https:\/\/elfaroonline.com.ar\/index.php\/wp-json\/wp\/v2\/comments?post=5107"}],"version-history":[{"count":1,"href":"https:\/\/elfaroonline.com.ar\/index.php\/wp-json\/wp\/v2\/posts\/5107\/revisions"}],"predecessor-version":[{"id":5109,"href":"https:\/\/elfaroonline.com.ar\/index.php\/wp-json\/wp\/v2\/posts\/5107\/revisions\/5109"}],"wp:featuredmedia":[{"embeddable":true,"href":"https:\/\/elfaroonline.com.ar\/index.php\/wp-json\/wp\/v2\/media\/5108"}],"wp:attachment":[{"href":"https:\/\/elfaroonline.com.ar\/index.php\/wp-json\/wp\/v2\/media?parent=5107"}],"wp:term":[{"taxonomy":"category","embeddable":true,"href":"https:\/\/elfaroonline.com.ar\/index.php\/wp-json\/wp\/v2\/categories?post=5107"},{"taxonomy":"post_tag","embeddable":true,"href":"https:\/\/elfaroonline.com.ar\/index.php\/wp-json\/wp\/v2\/tags?post=5107"}],"curies":[{"name":"wp","href":"https:\/\/api.w.org\/{rel}","templated":true}]}}