{"id":5110,"date":"2026-03-16T10:33:57","date_gmt":"2026-03-16T13:33:57","guid":{"rendered":"https:\/\/elfaroonline.com.ar\/?p=5110"},"modified":"2026-03-17T08:31:31","modified_gmt":"2026-03-17T11:31:31","slug":"catamarca-participara-del-1er-encuentro-norte-argentino-conecta-para-fortalecer-la-promocion-internacional","status":"publish","type":"post","link":"https:\/\/elfaroonline.com.ar\/index.php\/2026\/03\/16\/catamarca-participara-del-1er-encuentro-norte-argentino-conecta-para-fortalecer-la-promocion-internacional\/","title":{"rendered":"Catamarca participar\u00e1 del 1er Encuentro \u201cNorte Argentino Conecta\u201d para fortalecer la promoci\u00f3n internacional"},"content":{"rendered":"<p style=\"text-align: justify;\">Este jueves 19 de marzo la ciudad de Salta ser\u00e1 sede del 1er Encuentro Norte Argentino Conecta, una iniciativa impulsada por la Regi\u00f3n Norte de FAEVYT (integrada por las Asociaciones Regionales de la Federaci\u00f3n de Salta, Jujuy, La Rioja, Santiago del Estero, Catamarca y Tucum\u00e1n) que busca generar un espacio de vinculaci\u00f3n entre agencias de viajes del norte argentino y agencias que comercializan Argentina en los mercados internacionales.<\/p>\n<p style=\"text-align: justify;\">En la oportunidad, el Ministerio de Cultura, Turismo y Deporte de la provincia de Catamarca estar\u00e1 presente con un stand de promoci\u00f3n institucional y tur\u00edstica de la provincia. Tambi\u00e9n participan representantes de agencias catamarque\u00f1as.<\/p>\n<p style=\"text-align: justify;\">La iniciativa surge como respuesta a los profundos cambios en los h\u00e1bitos de viaje, en los tiempos de decisi\u00f3n y en las modalidades de consumo tur\u00edstico, tanto en el mercado nacional como internacional. Estos cambios requieren repensar las estrategias tradicionales y avanzar hacia esquemas de comercializaci\u00f3n m\u00e1s integrados, coherentes con la forma real en que hoy se planifican y se viven los viajes.<\/p>\n<p style=\"text-align: justify;\">En este contexto, se propone consolidar y potenciar las ventajas comparativas individuales de cada provincia, integr\u00e1ndolas en una propuesta regional complementaria, capaz de aportar mayor escala, continuidad territorial y diversidad de experiencias. El objetivo es transformar atributos provinciales en corredores tur\u00edsticos regionales estructurados por ejes comunes \u2014 Puna, Ruta 40, enoturismo de altura, culturas originarias, yungas, espiritualidad\u2014 definidos seg\u00fan criterios de viabilidad operativa, coherencia territorial e inter\u00e9s comprobable de los distintos nichos de demanda.<\/p>\n<p style=\"text-align: justify;\">El encuentro se realizar\u00e1 el jueves a partir de las 8.30 hs en el Centro de Convenciones de la ciudad de Salta y tendr\u00e1 como objetivo fortalecer el trabajo conjunto, generar nuevas oportunidades comerciales y potenciar la promoci\u00f3n del Norte argentino en el mundo.<\/p>\n<p style=\"text-align: justify;\">Durante la jornada se promover\u00e1n instancias de networking, intercambio de experiencias y desarrollo de estrategias de comercializaci\u00f3n internacional, con el foco puesto en consolidar al Norte argentino como un destino cada vez m\u00e1s presente en la oferta tur\u00edstica global.<\/p>\n<p style=\"text-align: justify;\">Las agencias y empresas interesadas en participar pueden inscribirse completando el formulario disponible en:\u00a0<a href=\"https:\/\/forms.gle\/N22AdLLtZyoLEiVG9\" target=\"_blank\" rel=\"noreferrer nofollow noopener\">https:\/\/forms.gle\/N22AdLLtZyoLEiVG9<\/a><\/p>\n","protected":false},"excerpt":{"rendered":"<p>Este jueves 19 de marzo la ciudad de Salta ser\u00e1 sede del 1er Encuentro Norte Argentino Conecta, una iniciativa impulsada por la Regi\u00f3n Norte de FAEVYT (integrada por las Asociaciones Regionales de la Federaci\u00f3n de Salta, Jujuy, La Rioja, Santiago del Estero, Catamarca y Tucum\u00e1n) que busca generar un espacio de vinculaci\u00f3n entre agencias de [&hellip;]<\/p>\n","protected":false},"author":2,"featured_media":5111,"comment_status":"open","ping_status":"open","sticky":false,"template":"","format":"standard","meta":{"footnotes":""},"categories":[21],"tags":[],"class_list":{"0":"post-5110","1":"post","2":"type-post","3":"status-publish","4":"format-standard","5":"has-post-thumbnail","7":"category-politica"},"aioseo_notices":[],"_links":{"self":[{"href":"https:\/\/elfaroonline.com.ar\/index.php\/wp-json\/wp\/v2\/posts\/5110","targetHints":{"allow":["GET"]}}],"collection":[{"href":"https:\/\/elfaroonline.com.ar\/index.php\/wp-json\/wp\/v2\/posts"}],"about":[{"href":"https:\/\/elfaroonline.com.ar\/index.php\/wp-json\/wp\/v2\/types\/post"}],"author":[{"embeddable":true,"href":"https:\/\/elfaroonline.com.ar\/index.php\/wp-json\/wp\/v2\/users\/2"}],"replies":[{"embeddable":true,"href":"https:\/\/elfaroonline.com.ar\/index.php\/wp-json\/wp\/v2\/comments?post=5110"}],"version-history":[{"count":2,"href":"https:\/\/elfaroonline.com.ar\/index.php\/wp-json\/wp\/v2\/posts\/5110\/revisions"}],"predecessor-version":[{"id":5113,"href":"https:\/\/elfaroonline.com.ar\/index.php\/wp-json\/wp\/v2\/posts\/5110\/revisions\/5113"}],"wp:featuredmedia":[{"embeddable":true,"href":"https:\/\/elfaroonline.com.ar\/index.php\/wp-json\/wp\/v2\/media\/5111"}],"wp:attachment":[{"href":"https:\/\/elfaroonline.com.ar\/index.php\/wp-json\/wp\/v2\/media?parent=5110"}],"wp:term":[{"taxonomy":"category","embeddable":true,"href":"https:\/\/elfaroonline.com.ar\/index.php\/wp-json\/wp\/v2\/categories?post=5110"},{"taxonomy":"post_tag","embeddable":true,"href":"https:\/\/elfaroonline.com.ar\/index.php\/wp-json\/wp\/v2\/tags?post=5110"}],"curies":[{"name":"wp","href":"https:\/\/api.w.org\/{rel}","templated":true}]}}