{"id":5114,"date":"2026-03-16T10:35:42","date_gmt":"2026-03-16T13:35:42","guid":{"rendered":"https:\/\/elfaroonline.com.ar\/?p=5114"},"modified":"2026-03-17T08:31:21","modified_gmt":"2026-03-17T11:31:21","slug":"comienza-el-ciclo-de-cine-mujeres-en-foco-en-cata","status":"publish","type":"post","link":"https:\/\/elfaroonline.com.ar\/index.php\/2026\/03\/16\/comienza-el-ciclo-de-cine-mujeres-en-foco-en-cata\/","title":{"rendered":"Comienza el ciclo de cine \u201cMujeres en Foco\u201d en CATA"},"content":{"rendered":"<p style=\"font-weight: 400; text-align: justify;\">Este viernes 20 de marzo, en el Centro de Arte y Tecnolog\u00eda Aplicada (CATA), dar\u00e1 inicio una nueva edici\u00f3n del ciclo de cine \u201cMujeres en Foco\u201d, una propuesta que pone en pantalla producciones argentinas dirigidas por mujeres y que invita a reflexionar sobre distintas experiencias y realidades femeninas.<\/p>\n<p style=\"font-weight: 400; text-align: justify;\">La primera funci\u00f3n ser\u00e1 a las 20 horas, con la proyecci\u00f3n de \u201cEntre Reinas\u201d, dirigida por Malena Fainsod y co-dirigida por Tom\u00e1s Morelli. A trav\u00e9s de testimonios \u00edntimos de amigas y familiares, la directora Malena Fainsod, reconstruye recuerdos, experiencias y preguntas sobre los mandatos que han atravesado durante generaciones los cuerpos y las vidas de las mujeres.<\/p>\n<p style=\"font-weight: 400; text-align: justify;\">El ciclo forma parte de las actividades impulsadas durante el Mes de la Mujer por la Secretar\u00eda de Gesti\u00f3n Cultural, a trav\u00e9s de la Direcci\u00f3n de Desarrollo Cultural, y busca acercar al p\u00fablico producciones contempor\u00e1neas del cine nacional que ampl\u00edan las miradas sobre temas sociales, culturales y de g\u00e9nero.<\/p>\n<p style=\"font-weight: 400; text-align: justify;\">Las proyecciones continuar\u00e1n el viernes 27 de marzo con \u201cMu\u00f1a Mu\u00f1a\u201d, dirigida por Paula Morel Kristof, funci\u00f3n que adem\u00e1s ser\u00e1 el estreno provincial de la pel\u00edcula. El film retrata la historia de Olga, una enfermera de 60 a\u00f1os que trabaja en la salita de primeros auxilios de El Mollar, un pueblo tucumano, y que atraviesa un proceso de transformaci\u00f3n personal al abrirse a la posibilidad de un nuevo amor y, sobre todo, al reencontrarse consigo misma. La proyecci\u00f3n contar\u00e1 con la presencia de sus realizadoras y protagonista.<\/p>\n<p style=\"font-weight: 400; text-align: justify;\">El ciclo concluir\u00e1 el mi\u00e9rcoles 1 de abril con la multipremiada \u201cBel\u00e9n\u201d, dirigida por Dolores Fonzi, film que explora la historia de una joven tucumana acusada de aborto ilegal y la lucha judicial que desencaden\u00f3 un movimiento social en defensa de los derechos reproductivos en el pa\u00eds.<\/p>\n<p style=\"font-weight: 400; text-align: justify;\">Todas las funciones se realizar\u00e1n a las 20 horas en CATA (Sarmiento 613) y ser\u00e1n con entrada libre y gratuita.<\/p>\n","protected":false},"excerpt":{"rendered":"<p>Este viernes 20 de marzo, en el Centro de Arte y Tecnolog\u00eda Aplicada (CATA), dar\u00e1 inicio una nueva edici\u00f3n del ciclo de cine \u201cMujeres en Foco\u201d, una propuesta que pone en pantalla producciones argentinas dirigidas por mujeres y que invita a reflexionar sobre distintas experiencias y realidades femeninas. La primera funci\u00f3n ser\u00e1 a las 20 [&hellip;]<\/p>\n","protected":false},"author":2,"featured_media":5115,"comment_status":"open","ping_status":"open","sticky":false,"template":"","format":"standard","meta":{"footnotes":""},"categories":[20],"tags":[],"class_list":{"0":"post-5114","1":"post","2":"type-post","3":"status-publish","4":"format-standard","5":"has-post-thumbnail","7":"category-sociedad"},"aioseo_notices":[],"_links":{"self":[{"href":"https:\/\/elfaroonline.com.ar\/index.php\/wp-json\/wp\/v2\/posts\/5114","targetHints":{"allow":["GET"]}}],"collection":[{"href":"https:\/\/elfaroonline.com.ar\/index.php\/wp-json\/wp\/v2\/posts"}],"about":[{"href":"https:\/\/elfaroonline.com.ar\/index.php\/wp-json\/wp\/v2\/types\/post"}],"author":[{"embeddable":true,"href":"https:\/\/elfaroonline.com.ar\/index.php\/wp-json\/wp\/v2\/users\/2"}],"replies":[{"embeddable":true,"href":"https:\/\/elfaroonline.com.ar\/index.php\/wp-json\/wp\/v2\/comments?post=5114"}],"version-history":[{"count":2,"href":"https:\/\/elfaroonline.com.ar\/index.php\/wp-json\/wp\/v2\/posts\/5114\/revisions"}],"predecessor-version":[{"id":5117,"href":"https:\/\/elfaroonline.com.ar\/index.php\/wp-json\/wp\/v2\/posts\/5114\/revisions\/5117"}],"wp:featuredmedia":[{"embeddable":true,"href":"https:\/\/elfaroonline.com.ar\/index.php\/wp-json\/wp\/v2\/media\/5115"}],"wp:attachment":[{"href":"https:\/\/elfaroonline.com.ar\/index.php\/wp-json\/wp\/v2\/media?parent=5114"}],"wp:term":[{"taxonomy":"category","embeddable":true,"href":"https:\/\/elfaroonline.com.ar\/index.php\/wp-json\/wp\/v2\/categories?post=5114"},{"taxonomy":"post_tag","embeddable":true,"href":"https:\/\/elfaroonline.com.ar\/index.php\/wp-json\/wp\/v2\/tags?post=5114"}],"curies":[{"name":"wp","href":"https:\/\/api.w.org\/{rel}","templated":true}]}}