{"id":5121,"date":"2026-03-16T11:14:51","date_gmt":"2026-03-16T14:14:51","guid":{"rendered":"https:\/\/elfaroonline.com.ar\/?p=5121"},"modified":"2026-03-16T11:15:04","modified_gmt":"2026-03-16T14:15:04","slug":"boca-empato-1-1-con-union-en-santa-fe-por-la-fecha-11-del-torneo-apertura","status":"publish","type":"post","link":"https:\/\/elfaroonline.com.ar\/index.php\/2026\/03\/16\/boca-empato-1-1-con-union-en-santa-fe-por-la-fecha-11-del-torneo-apertura\/","title":{"rendered":"Boca empat\u00f3 1-1 con Uni\u00f3n en Santa Fe por la fecha 11 del Torneo Apertura"},"content":{"rendered":"<p class=\"paragraph\" style=\"text-align: justify;\"><b>Uni\u00f3n y Boca empataron 1-1<\/b>\u00a0en el\u00a0<i>Estadio 15 de Abril<\/i>\u00a0de Santa Fe, en un encuentro correspondiente a la und\u00e9cima fecha del Torneo Apertura 2026. El equipo local abri\u00f3 el marcador cerca del final del primer tiempo por medio de\u00a0<b>Juli\u00e1n Palacios<\/b>, mientras que el Xeneize logr\u00f3 la igualdad en el complemento por intermedio de\u00a0<b>Miguel Merentiel<\/b>, en un partido intenso y con alternativas en ambos arcos.<\/p>\n<p class=\"paragraph\" style=\"text-align: justify;\">El primer tiempo mostr\u00f3 a Uni\u00f3n m\u00e1s preciso en el manejo de la pelota y generando las situaciones m\u00e1s claras. Boca intent\u00f3 imponer condiciones en el arranque, con\u00a0<b>Leandro Paredes y Santiago Ascac\u00edbar<\/b>\u00a0como eje en el mediocampo, pero le cost\u00f3 conectar con sus atacantes. La apertura del marcador lleg\u00f3 a los 42 minutos, tras una jugada por derecha que termin\u00f3 en un centro de\u00a0<b>Lautaro Vargas<\/b>\u00a0y una definici\u00f3n precisa de\u00a0<b>Juli\u00e1n Palacios<\/b>, quien coloc\u00f3 la pelota junto al palo izquierdo de\u00a0<b>Agust\u00edn Marches\u00edn<\/b>.<\/p>\n<p class=\"paragraph\" style=\"text-align: justify;\">En el complemento, Boca sali\u00f3 decidido a buscar el empate y encontr\u00f3 mayor profundidad con el ingreso de\u00a0<b>Ander Herrera<\/b>. El empate lleg\u00f3 a los 11 minutos, tras una jugada colectiva que termin\u00f3 con una chilena de\u00a0<b>Adam Bareiro<\/b>\u00a0que dio en el palo y el rebote fue capturado por\u00a0<b>Miguel Merentiel<\/b>, quien no fall\u00f3 ante\u00a0<b>Mat\u00edas Mansilla<\/b>.<\/p>\n<p class=\"paragraph\" style=\"text-align: justify;\">Ambos equipos dispusieron de oportunidades claras para ganar el partido: Boca exigi\u00f3 varias veces al arquero local, mientras que Uni\u00f3n respondi\u00f3 con remates peligrosos y oblig\u00f3 a Marches\u00edn a intervenir en momentos clave. El marcador no se movi\u00f3 y el empate dej\u00f3 a Uni\u00f3n como escolta de V\u00e9lez en la Zona A, a seis puntos, mientras que Boca extendi\u00f3 su racha invicta a siete partidos, aunque con varios empates, y se encuentra a ocho de la cima.<\/p>\n<p style=\"text-align: justify;\"><strong>Claudio \u00dabeda habl\u00f3 del empate de Boca ante Uni\u00f3n<\/strong><\/p>\n<p style=\"text-align: justify;\"><strong>Claudio \u00dabeda<\/strong>\u00a0analiz\u00f3 el\u00a0desempe\u00f1o de Boca en el empate 1-1 nate Uni\u00f3n de Santa Fe\u00a0por la fecha 11 del Torneo Apertura. Se\u00f1al\u00f3 que no se fue conforme con el resultado, pese a haber destacado la cantidad de situaciones de gol que cre\u00f3 su equipo.<\/p>\n<p style=\"text-align: justify;\">\u201cLo pudimos haber ganado, tuvimos m\u00e1s posesi\u00f3n de pelota, control de juego y muchas aproximaciones en el segundo tiempo\u201d, dijo el DT del Xeneize en conferencia de prensa.<\/p>\n<p><iframe loading=\"lazy\" title=\"BOCA TEN\u00cdA UNA NOCHE COMPLICADA PERO MERENTIEL RESCAT\u00d3 UN PUNTAZO | Uni\u00f3n 1-1 Boca | RESUMEN\" width=\"696\" height=\"392\" src=\"https:\/\/www.youtube.com\/embed\/k6U9c6UlIBg?feature=oembed\" frameborder=\"0\" allow=\"accelerometer; autoplay; clipboard-write; encrypted-media; gyroscope; picture-in-picture; web-share\" referrerpolicy=\"strict-origin-when-cross-origin\" allowfullscreen><\/iframe><\/p>\n","protected":false},"excerpt":{"rendered":"<p>Uni\u00f3n y Boca empataron 1-1\u00a0en el\u00a0Estadio 15 de Abril\u00a0de Santa Fe, en un encuentro correspondiente a la und\u00e9cima fecha del Torneo Apertura 2026. El equipo local abri\u00f3 el marcador cerca del final del primer tiempo por medio de\u00a0Juli\u00e1n Palacios, mientras que el Xeneize logr\u00f3 la igualdad en el complemento por intermedio de\u00a0Miguel Merentiel, en un [&hellip;]<\/p>\n","protected":false},"author":2,"featured_media":5122,"comment_status":"open","ping_status":"open","sticky":false,"template":"","format":"video","meta":{"footnotes":""},"categories":[25],"tags":[],"class_list":{"0":"post-5121","1":"post","2":"type-post","3":"status-publish","4":"format-video","5":"has-post-thumbnail","7":"category-deportes","8":"post_format-post-format-video"},"aioseo_notices":[],"_links":{"self":[{"href":"https:\/\/elfaroonline.com.ar\/index.php\/wp-json\/wp\/v2\/posts\/5121","targetHints":{"allow":["GET"]}}],"collection":[{"href":"https:\/\/elfaroonline.com.ar\/index.php\/wp-json\/wp\/v2\/posts"}],"about":[{"href":"https:\/\/elfaroonline.com.ar\/index.php\/wp-json\/wp\/v2\/types\/post"}],"author":[{"embeddable":true,"href":"https:\/\/elfaroonline.com.ar\/index.php\/wp-json\/wp\/v2\/users\/2"}],"replies":[{"embeddable":true,"href":"https:\/\/elfaroonline.com.ar\/index.php\/wp-json\/wp\/v2\/comments?post=5121"}],"version-history":[{"count":1,"href":"https:\/\/elfaroonline.com.ar\/index.php\/wp-json\/wp\/v2\/posts\/5121\/revisions"}],"predecessor-version":[{"id":5123,"href":"https:\/\/elfaroonline.com.ar\/index.php\/wp-json\/wp\/v2\/posts\/5121\/revisions\/5123"}],"wp:featuredmedia":[{"embeddable":true,"href":"https:\/\/elfaroonline.com.ar\/index.php\/wp-json\/wp\/v2\/media\/5122"}],"wp:attachment":[{"href":"https:\/\/elfaroonline.com.ar\/index.php\/wp-json\/wp\/v2\/media?parent=5121"}],"wp:term":[{"taxonomy":"category","embeddable":true,"href":"https:\/\/elfaroonline.com.ar\/index.php\/wp-json\/wp\/v2\/categories?post=5121"},{"taxonomy":"post_tag","embeddable":true,"href":"https:\/\/elfaroonline.com.ar\/index.php\/wp-json\/wp\/v2\/tags?post=5121"}],"curies":[{"name":"wp","href":"https:\/\/api.w.org\/{rel}","templated":true}]}}