{"id":5125,"date":"2026-03-16T11:22:00","date_gmt":"2026-03-16T14:22:00","guid":{"rendered":"https:\/\/elfaroonline.com.ar\/?p=5125"},"modified":"2026-03-16T11:22:00","modified_gmt":"2026-03-16T14:22:00","slug":"espana-apunto-contra-argentina-por-la-cancelacion-de-la-finalissima","status":"publish","type":"post","link":"https:\/\/elfaroonline.com.ar\/index.php\/2026\/03\/16\/espana-apunto-contra-argentina-por-la-cancelacion-de-la-finalissima\/","title":{"rendered":"Espa\u00f1a apunt\u00f3 contra Argentina por la cancelaci\u00f3n de la Finalissima"},"content":{"rendered":"<p class=\"paragraph font__body-regular\">La\u00a0<b>Real Federaci\u00f3n de F\u00fatbol de Espa\u00f1a (RFEF)\u00a0<\/b>public\u00f3 este domingo un duro comunicado en el que\u00a0<b>apunt\u00f3 contra Argentina<\/b>\u00a0por la\u00a0<b>cancelaci\u00f3n de la Finalissima<\/b>\u00a0que deb\u00eda disputarse el 27 de marzo. El organismo<b>\u00a0insisti\u00f3 en que ofreci\u00f3 todas las opciones para que el partido se disputara<\/b>, pero que<b>\u00a0no hubo respuestas favorables desde la AFA y la Conmebol.<\/b><\/p>\n<p class=\"paragraph font__body-regular\">\u201cDesde el primer minuto, la Federaci\u00f3n ha manifestado su absoluto inter\u00e9s en que este partido se mantenga\u201d, recalcaron desde la RFEF en un comunicado publicado en su sitio oficial. Y se\u00f1alaron:\u00a0<b>\u201cEspa\u00f1a estaba dispuesta a jugar tal y como se ha se\u00f1alado siempre. No ha puesto condiciones\u201d.<\/b><\/p>\n<p class=\"paragraph font__body-regular\">El organismo del f\u00fatbol espa\u00f1ol hizo hincapi\u00e9 en su<b>\u00a0trabajo mancomunado con la UEFA<\/b>\u00a0para lograr la realizaci\u00f3n del encuentro que enfrentar\u00eda al campe\u00f3n de la Copa Am\u00e9rica y al de la Eurocopa, el cual estaba programado originalmente en Qatar. Debido al conflicto b\u00e9lico que se desat\u00f3 en la regi\u00f3n, la sede original no pod\u00eda ser utilizada y por eso se evaluaron otras opciones, pero no hubo acuerdo.<\/p>\n<p class=\"paragraph font__body-regular\">\u201cLa Federaci\u00f3n ha iniciado las gestiones para garantizar los partidos que jugar\u00e1 en la pr\u00f3xima ventana en Espa\u00f1a\u201d, avis\u00f3, dejando en claro que\u00a0<b>la Selecci\u00f3n espa\u00f1ola programar\u00e1 amistosos ante otros rivales\u00a0<\/b>en la fecha en que debi\u00f3 enfrentarse a la Selecci\u00f3n argentina.<\/p>\n<h3 class=\"font--primary font__display\"><strong>El comunicado completo de la RFEF sobre la Finalissima<\/strong><\/h3>\n<p class=\"paragraph font__body-regular\"><i>El 16 de mayo de 2025 la RFEF se reuni\u00f3 en Paraguay con CONMENBOL, FIFA, UEFA y AFA para iniciar los tr\u00e1mites que permitieron llegar a un acuerdo para disputar la Finalissima en Qatar.<\/i><\/p>\n<p class=\"paragraph font__body-regular\"><i>El pasado 28 de febrero se desata una situaci\u00f3n b\u00e9lica que afecta a varios pa\u00edses, entre ellos Qatar. Todas las instituciones involucradas han entendido que, lamentablemente, era imposible disputar all\u00ed los partidos previstos.<\/i><\/p>\n<p class=\"paragraph font__body-regular\"><i>Desde el primer minuto, la Federaci\u00f3n ha manifestado su absoluto inter\u00e9s en que este partido se mantenga, al considerar que da prestigio y reputaci\u00f3n internacional en una ventana esencial en un a\u00f1o de Mundial. Y, adem\u00e1s, ha trabajado intensamente para ello.<\/i><\/p>\n<p class=\"paragraph font__body-regular\"><i>Espa\u00f1a estaba dispuesta a jugar tal y como se ha se\u00f1alado siempre. No ha puesto condiciones.<\/i><\/p>\n<p class=\"paragraph font__body-regular\"><i>Desde el primer momento se ha ido de la mano de UEFA para lograr un acuerdo y se han ofrecido todas las posibilidades:<\/i><\/p>\n<ul class=\"ul__list list\">\n<li class=\"list__item\"><i>Albergar el partido en nuestro pa\u00eds, dado que existe una capacidad organizativa clave que permitir\u00eda en poco espacio de tiempo celebrarlo con \u00e9xito.\u00a0<\/i><\/li>\n<li class=\"list__item\"><i>Celebrar el partido en sede neutral.<\/i><\/li>\n<li class=\"list__item\"><i>Celebrar el partido con otro formato.<\/i><\/li>\n<\/ul>\n<p class=\"paragraph font__body-regular\"><i>Espa\u00f1a ha ofrecido, de la mano de UEFA, todas las posibilidades, a pesar de lo cual, y dada la situaci\u00f3n, la Finalissima ha sido cancelada.<\/i><\/p>\n<p class=\"paragraph font__body-regular\"><i>Paralelamente y de manera responsable para los intereses de la Selecci\u00f3n espa\u00f1ola, la Federaci\u00f3n ha iniciado las gestiones para garantizar los partidos que jugar\u00e1 en la pr\u00f3xima ventana en Espa\u00f1a.<\/i><\/p>\n<p class=\"paragraph font__body-regular\"><i>La Federaci\u00f3n lamenta la cancelaci\u00f3n de este partido y, ante las circunstancias, quiere agradecer a la UEFA el esfuerzo realizado en todo momento para mantener el encuentro.<\/i><\/p>\n","protected":false},"excerpt":{"rendered":"<p>La\u00a0Real Federaci\u00f3n de F\u00fatbol de Espa\u00f1a (RFEF)\u00a0public\u00f3 este domingo un duro comunicado en el que\u00a0apunt\u00f3 contra Argentina\u00a0por la\u00a0cancelaci\u00f3n de la Finalissima\u00a0que deb\u00eda disputarse el 27 de marzo. El organismo\u00a0insisti\u00f3 en que ofreci\u00f3 todas las opciones para que el partido se disputara, pero que\u00a0no hubo respuestas favorables desde la AFA y la Conmebol. \u201cDesde el primer [&hellip;]<\/p>\n","protected":false},"author":2,"featured_media":5126,"comment_status":"open","ping_status":"open","sticky":false,"template":"","format":"standard","meta":{"footnotes":""},"categories":[25],"tags":[],"class_list":{"0":"post-5125","1":"post","2":"type-post","3":"status-publish","4":"format-standard","5":"has-post-thumbnail","7":"category-deportes"},"aioseo_notices":[],"_links":{"self":[{"href":"https:\/\/elfaroonline.com.ar\/index.php\/wp-json\/wp\/v2\/posts\/5125","targetHints":{"allow":["GET"]}}],"collection":[{"href":"https:\/\/elfaroonline.com.ar\/index.php\/wp-json\/wp\/v2\/posts"}],"about":[{"href":"https:\/\/elfaroonline.com.ar\/index.php\/wp-json\/wp\/v2\/types\/post"}],"author":[{"embeddable":true,"href":"https:\/\/elfaroonline.com.ar\/index.php\/wp-json\/wp\/v2\/users\/2"}],"replies":[{"embeddable":true,"href":"https:\/\/elfaroonline.com.ar\/index.php\/wp-json\/wp\/v2\/comments?post=5125"}],"version-history":[{"count":1,"href":"https:\/\/elfaroonline.com.ar\/index.php\/wp-json\/wp\/v2\/posts\/5125\/revisions"}],"predecessor-version":[{"id":5127,"href":"https:\/\/elfaroonline.com.ar\/index.php\/wp-json\/wp\/v2\/posts\/5125\/revisions\/5127"}],"wp:featuredmedia":[{"embeddable":true,"href":"https:\/\/elfaroonline.com.ar\/index.php\/wp-json\/wp\/v2\/media\/5126"}],"wp:attachment":[{"href":"https:\/\/elfaroonline.com.ar\/index.php\/wp-json\/wp\/v2\/media?parent=5125"}],"wp:term":[{"taxonomy":"category","embeddable":true,"href":"https:\/\/elfaroonline.com.ar\/index.php\/wp-json\/wp\/v2\/categories?post=5125"},{"taxonomy":"post_tag","embeddable":true,"href":"https:\/\/elfaroonline.com.ar\/index.php\/wp-json\/wp\/v2\/tags?post=5125"}],"curies":[{"name":"wp","href":"https:\/\/api.w.org\/{rel}","templated":true}]}}