{"id":5128,"date":"2026-03-16T11:32:18","date_gmt":"2026-03-16T14:32:18","guid":{"rendered":"https:\/\/elfaroonline.com.ar\/?p=5128"},"modified":"2026-03-16T11:32:18","modified_gmt":"2026-03-16T14:32:18","slug":"anses-calendario-de-pagos-del-martes-17-de-marzo","status":"publish","type":"post","link":"https:\/\/elfaroonline.com.ar\/index.php\/2026\/03\/16\/anses-calendario-de-pagos-del-martes-17-de-marzo\/","title":{"rendered":"ANSES: Calendario de pagos del martes 17 de marzo"},"content":{"rendered":"<p style=\"font-weight: 400; text-align: justify;\">ANSES, organismo dependiente del Ministerio de Capital Humano, informa que\u00a0<strong>ma\u00f1ana<\/strong>\u00a0contin\u00faan los pagos de jubilaciones y pensiones m\u00ednimas, Asignaci\u00f3n Universal por Hijo, Asignaci\u00f3n Familiar por Hijo, Asignaci\u00f3n por Embarazo y Asignaci\u00f3n por Prenatal. Todas las prestaciones poseen el aumento por movilidad del 2,88 por ciento.<\/p>\n<p style=\"font-weight: 400; text-align: justify;\"><strong>Jubilaciones y pensiones que no superen un haber m\u00ednimo<\/strong><\/p>\n<p style=\"font-weight: 400; text-align: justify;\">Titulares con documentos finalizados en\u00a0<strong>6\u00a0<\/strong>cobran su haber y el bono de 70 mil pesos.<\/p>\n<p style=\"font-weight: 400; text-align: justify;\"><strong>Asignaci\u00f3n Universal por Hijo y Asignaci\u00f3n Familiar por Hijo<\/strong><\/p>\n<p style=\"font-weight: 400; text-align: justify;\">Titulares con documentos terminados en\u00a0<strong>6<\/strong>.<\/p>\n<p style=\"font-weight: 400; text-align: justify;\"><strong>Asignaci\u00f3n por Embarazo<\/strong><\/p>\n<p style=\"font-weight: 400; text-align: justify;\">Titulares con documentos concluidos en\u00a0<strong>5<\/strong>.<\/p>\n<p style=\"font-weight: 400; text-align: justify;\"><strong>Asignaci\u00f3n por Prenatal<\/strong><\/p>\n<p style=\"font-weight: 400; text-align: justify;\">Titulares con documentos finalizados en\u00a0<strong>4\u00a0<\/strong>y<strong>\u00a05<\/strong>.<\/p>\n<p style=\"text-align: justify;\"><strong>\u00bfC\u00f3mo consultar fecha y medio de cobro?<\/strong><\/p>\n<ol>\n<li style=\"text-align: justify;\">Desde el sitio web de ANSES, opci\u00f3n<a href=\"https:\/\/www.anses.gob.ar\/consultas\/calendario-de-pagos\"><em>Calendario de pagos<\/em><\/a>.<\/li>\n<li style=\"text-align: justify;\">Desde<a href=\"https:\/\/servicioscorp.anses.gob.ar\/clavelogon\/logon.aspx?system=miansesv2\"><em>mi ANSES<\/em><\/a>,ingresando CUIL y Clave de la Seguridad Social. Ir a\u00a0<em>Cobros<\/em>, opci\u00f3n\u00a0<em>Consultar fecha<\/em>\u00a0<em>y medio de cobro<\/em>.<\/li>\n<li style=\"text-align: justify;\">Desde la<a href=\"https:\/\/www.anses.gob.ar\/app-mi-anses\">app mi ANSES<\/a>, ingresando CUIL y Clave de la Seguridad Social. Ir a<em>Mis datos<\/em>, opci\u00f3n\u00a0<em>Mis fechas de cobro<\/em>.<\/li>\n<li style=\"text-align: justify;\">A trav\u00e9s de la modalidad<a href=\"https:\/\/www.anses.gob.ar\/atencion-virtual\">Atenci\u00f3n Virtual<\/a>, con CUIL y Clave de la Seguridad Social. Ir a<em>Iniciar atenci\u00f3n<\/em>,\u00a0<em>Consultas r\u00e1pidas<\/em>,\u00a0<em>Cu\u00e1ndo y d\u00f3nde cobro<\/em>.<\/li>\n<\/ol>\n","protected":false},"excerpt":{"rendered":"<p>ANSES, organismo dependiente del Ministerio de Capital Humano, informa que\u00a0ma\u00f1ana\u00a0contin\u00faan los pagos de jubilaciones y pensiones m\u00ednimas, Asignaci\u00f3n Universal por Hijo, Asignaci\u00f3n Familiar por Hijo, Asignaci\u00f3n por Embarazo y Asignaci\u00f3n por Prenatal. Todas las prestaciones poseen el aumento por movilidad del 2,88 por ciento. Jubilaciones y pensiones que no superen un haber m\u00ednimo Titulares con [&hellip;]<\/p>\n","protected":false},"author":2,"featured_media":4910,"comment_status":"open","ping_status":"open","sticky":false,"template":"","format":"standard","meta":{"footnotes":""},"categories":[20],"tags":[63,141],"class_list":{"0":"post-5128","1":"post","2":"type-post","3":"status-publish","4":"format-standard","5":"has-post-thumbnail","7":"category-sociedad","8":"tag-anses","9":"tag-pagos"},"aioseo_notices":[],"_links":{"self":[{"href":"https:\/\/elfaroonline.com.ar\/index.php\/wp-json\/wp\/v2\/posts\/5128","targetHints":{"allow":["GET"]}}],"collection":[{"href":"https:\/\/elfaroonline.com.ar\/index.php\/wp-json\/wp\/v2\/posts"}],"about":[{"href":"https:\/\/elfaroonline.com.ar\/index.php\/wp-json\/wp\/v2\/types\/post"}],"author":[{"embeddable":true,"href":"https:\/\/elfaroonline.com.ar\/index.php\/wp-json\/wp\/v2\/users\/2"}],"replies":[{"embeddable":true,"href":"https:\/\/elfaroonline.com.ar\/index.php\/wp-json\/wp\/v2\/comments?post=5128"}],"version-history":[{"count":1,"href":"https:\/\/elfaroonline.com.ar\/index.php\/wp-json\/wp\/v2\/posts\/5128\/revisions"}],"predecessor-version":[{"id":5129,"href":"https:\/\/elfaroonline.com.ar\/index.php\/wp-json\/wp\/v2\/posts\/5128\/revisions\/5129"}],"wp:featuredmedia":[{"embeddable":true,"href":"https:\/\/elfaroonline.com.ar\/index.php\/wp-json\/wp\/v2\/media\/4910"}],"wp:attachment":[{"href":"https:\/\/elfaroonline.com.ar\/index.php\/wp-json\/wp\/v2\/media?parent=5128"}],"wp:term":[{"taxonomy":"category","embeddable":true,"href":"https:\/\/elfaroonline.com.ar\/index.php\/wp-json\/wp\/v2\/categories?post=5128"},{"taxonomy":"post_tag","embeddable":true,"href":"https:\/\/elfaroonline.com.ar\/index.php\/wp-json\/wp\/v2\/tags?post=5128"}],"curies":[{"name":"wp","href":"https:\/\/api.w.org\/{rel}","templated":true}]}}