{"id":5130,"date":"2026-03-16T12:07:35","date_gmt":"2026-03-16T15:07:35","guid":{"rendered":"https:\/\/elfaroonline.com.ar\/?p=5130"},"modified":"2026-03-17T08:31:11","modified_gmt":"2026-03-17T11:31:11","slug":"trabajo-conjunto-para-fortalecer-el-cooperativismo-en-toda-la-provincia","status":"publish","type":"post","link":"https:\/\/elfaroonline.com.ar\/index.php\/2026\/03\/16\/trabajo-conjunto-para-fortalecer-el-cooperativismo-en-toda-la-provincia\/","title":{"rendered":"Trabajo conjunto para fortalecer el cooperativismo en toda la provincia"},"content":{"rendered":"<p style=\"font-weight: 400; text-align: justify;\">Con el objetivo de continuar impulsando el trabajo asociativo como motor de nuestra econom\u00eda provincial, autoridades del Ministerio de Gobierno, Seguridad y Justicia y representantes de cooperativas de diversos puntos de la Catamarca mantuvieron un encuentro clave.<\/p>\n<p style=\"font-weight: 400; text-align: justify;\">En esta oportunidad, participaron de la reuni\u00f3n de trabajo, el secretario de Asuntos Institucionales, Hugo Silva; el director Provincial de Acci\u00f3n Cooperativa y Mutual, Gustavo Luis Aparicio; y cooperativas de Capital, Valle Viejo, Santa Mar\u00eda, Bel\u00e9n y Capay\u00e1n.<\/p>\n<p style=\"font-weight: 400; text-align: justify;\">La jornada se enfoc\u00f3 en cuatro ejes centrales. En primer lugar, se brindaron detalles sobre el convenio estrat\u00e9gico entre el Consejo de Ciencias Econ\u00f3micas y la Provincia, facilitando el asesoramiento t\u00e9cnico para el sector, a trav\u00e9s de la reducci\u00f3n de aranceles y honorarios.<\/p>\n<p style=\"font-weight: 400; text-align: justify;\">\u00a0Asimismo, se realiz\u00f3 un relevamiento de entidades en situaci\u00f3n compleja para articular asistencia para lograr su sostenimiento y regularidad; y se brind\u00f3 una presentaci\u00f3n de ideas innovadoras para impulsar el crecimiento local. Finalmente, se proyect\u00f3 el cronograma de capacitaciones para este a\u00f1o, reafirmando el compromiso con la formaci\u00f3n t\u00e9cnica de grupos pre-cooperativos y entidades en actividad.<\/p>\n<p style=\"font-weight: 400; text-align: justify;\">De esta manera, el fortalecimiento del cooperativismo y mutualismo se impulsa a trav\u00e9s de estrategias provinciales que consolidan el trabajo asociado como motor de desarrollo econ\u00f3mico y social, promoviendo la integraci\u00f3n con municipios para la defensa de la econom\u00eda regional.<\/p>\n","protected":false},"excerpt":{"rendered":"<p>Con el objetivo de continuar impulsando el trabajo asociativo como motor de nuestra econom\u00eda provincial, autoridades del Ministerio de Gobierno, Seguridad y Justicia y representantes de cooperativas de diversos puntos de la Catamarca mantuvieron un encuentro clave. En esta oportunidad, participaron de la reuni\u00f3n de trabajo, el secretario de Asuntos Institucionales, Hugo Silva; el director [&hellip;]<\/p>\n","protected":false},"author":2,"featured_media":5131,"comment_status":"open","ping_status":"open","sticky":false,"template":"","format":"standard","meta":{"footnotes":""},"categories":[21],"tags":[],"class_list":{"0":"post-5130","1":"post","2":"type-post","3":"status-publish","4":"format-standard","5":"has-post-thumbnail","7":"category-politica"},"aioseo_notices":[],"_links":{"self":[{"href":"https:\/\/elfaroonline.com.ar\/index.php\/wp-json\/wp\/v2\/posts\/5130","targetHints":{"allow":["GET"]}}],"collection":[{"href":"https:\/\/elfaroonline.com.ar\/index.php\/wp-json\/wp\/v2\/posts"}],"about":[{"href":"https:\/\/elfaroonline.com.ar\/index.php\/wp-json\/wp\/v2\/types\/post"}],"author":[{"embeddable":true,"href":"https:\/\/elfaroonline.com.ar\/index.php\/wp-json\/wp\/v2\/users\/2"}],"replies":[{"embeddable":true,"href":"https:\/\/elfaroonline.com.ar\/index.php\/wp-json\/wp\/v2\/comments?post=5130"}],"version-history":[{"count":2,"href":"https:\/\/elfaroonline.com.ar\/index.php\/wp-json\/wp\/v2\/posts\/5130\/revisions"}],"predecessor-version":[{"id":5133,"href":"https:\/\/elfaroonline.com.ar\/index.php\/wp-json\/wp\/v2\/posts\/5130\/revisions\/5133"}],"wp:featuredmedia":[{"embeddable":true,"href":"https:\/\/elfaroonline.com.ar\/index.php\/wp-json\/wp\/v2\/media\/5131"}],"wp:attachment":[{"href":"https:\/\/elfaroonline.com.ar\/index.php\/wp-json\/wp\/v2\/media?parent=5130"}],"wp:term":[{"taxonomy":"category","embeddable":true,"href":"https:\/\/elfaroonline.com.ar\/index.php\/wp-json\/wp\/v2\/categories?post=5130"},{"taxonomy":"post_tag","embeddable":true,"href":"https:\/\/elfaroonline.com.ar\/index.php\/wp-json\/wp\/v2\/tags?post=5130"}],"curies":[{"name":"wp","href":"https:\/\/api.w.org\/{rel}","templated":true}]}}