{"id":5135,"date":"2026-03-17T08:14:43","date_gmt":"2026-03-17T11:14:43","guid":{"rendered":"https:\/\/elfaroonline.com.ar\/?p=5135"},"modified":"2026-03-18T12:05:19","modified_gmt":"2026-03-18T15:05:19","slug":"el-gobernador-recibio-a-autoridades-de-la-camarco-para-analizar-la-situacion-del-sector","status":"publish","type":"post","link":"https:\/\/elfaroonline.com.ar\/index.php\/2026\/03\/17\/el-gobernador-recibio-a-autoridades-de-la-camarco-para-analizar-la-situacion-del-sector\/","title":{"rendered":"El Gobernador recibi\u00f3 a autoridades de la CAMARCO para analizar la situaci\u00f3n del sector"},"content":{"rendered":"<p style=\"text-align: justify;\">El gobernador Ra\u00fal Jalil recibi\u00f3 en las instalaciones de CATA a representantes de la C\u00e1mara Argentina de la Construcci\u00f3n (CAMARCO), entre ellos su presidente Gustavo Weiss, para mantener un encuentro de trabajo orientado a dialogar sobre la realidad econ\u00f3mica que atraviesa el pa\u00eds y, particularmente, sobre la situaci\u00f3n actual de la obra p\u00fablica y su impacto en las econom\u00edas provinciales.<\/p>\n<p style=\"text-align: justify;\">La reuni\u00f3n cont\u00f3 con la participaci\u00f3n del ministro de Gobierno, Seguridad y Justicia, Alberto Natella, y de representantes de la C\u00e1mara de la Construcci\u00f3n de Catamarca, entre ellos su presidenta, Anah\u00ed D\u00edaz. Tambi\u00e9n estuvieron presentes autoridades nacionales de CAMARCO: el vicepresidente Fernando Porreta; el secretario del Interior Juan Castelli y la secretaria de G\u00e9nero Laura Here\u00f1u.<\/p>\n<p style=\"text-align: justify;\">El encuentro, que se da en el marco de los 90 a\u00f1os de la c\u00e1mara, tuvo foco en el an\u00e1lisis de las dificultades que enfrenta el sector en el actual contexto econ\u00f3mico y c\u00f3mo estas condiciones repercuten en la actividad productiva y el futuro de la econom\u00eda en las provincias. En ese \u00e1mbito, se compartieron visiones sobre el escenario que atraviesa la obra p\u00fablica a nivel nacional y los desaf\u00edos que plantea para las empresas vinculadas a la construcci\u00f3n.<\/p>\n<p style=\"text-align: justify;\">En la continuidad de la agenda, este martes, a las 10:00, sesionar\u00e1 el Consejo Ejecutivo Nacional en Catamarca y, posteriormente, habr\u00e1 una reuni\u00f3n regional con empresas de Catamarca, La Rioja y Santiago del Estero con el objetivo de unificar el reclamo y buscar soluciones para reactivar el trabajo en el NOA.<\/p>\n<p style=\"text-align: justify;\">Al t\u00e9rmino de la reuni\u00f3n, la presidenta de la C\u00e1mara de la Construcci\u00f3n de Catamarca, Anah\u00ed D\u00edaz, se\u00f1al\u00f3 que \u201cel Gobernador nos brind\u00f3 consejos para que las empresas puedan sobrevivir a este tiempo dif\u00edcil que transita todo el pa\u00eds y que se repite en todas las provincias, sobre todo en relaci\u00f3n al tema de la obra p\u00fablica y la negativa de la Naci\u00f3n de afrontar ese tipo de obras\u201d.<\/p>\n<p style=\"text-align: justify;\">Asimismo, destac\u00f3 que en el marco del di\u00e1logo surgieron propuestas para afrontar el contexto actual. \u201cDesde el lado de las empresas estamos dispuestas a hacer todo lo que est\u00e9 en nuestras manos para reactivar el sector\u201d, expres\u00f3.<\/p>\n","protected":false},"excerpt":{"rendered":"<p>El gobernador Ra\u00fal Jalil recibi\u00f3 en las instalaciones de CATA a representantes de la C\u00e1mara Argentina de la Construcci\u00f3n (CAMARCO), entre ellos su presidente Gustavo Weiss, para mantener un encuentro de trabajo orientado a dialogar sobre la realidad econ\u00f3mica que atraviesa el pa\u00eds y, particularmente, sobre la situaci\u00f3n actual de la obra p\u00fablica y su [&hellip;]<\/p>\n","protected":false},"author":2,"featured_media":5136,"comment_status":"open","ping_status":"open","sticky":false,"template":"","format":"standard","meta":{"footnotes":""},"categories":[21],"tags":[148],"class_list":{"0":"post-5135","1":"post","2":"type-post","3":"status-publish","4":"format-standard","5":"has-post-thumbnail","7":"category-politica","8":"tag-camarco"},"aioseo_notices":[],"_links":{"self":[{"href":"https:\/\/elfaroonline.com.ar\/index.php\/wp-json\/wp\/v2\/posts\/5135","targetHints":{"allow":["GET"]}}],"collection":[{"href":"https:\/\/elfaroonline.com.ar\/index.php\/wp-json\/wp\/v2\/posts"}],"about":[{"href":"https:\/\/elfaroonline.com.ar\/index.php\/wp-json\/wp\/v2\/types\/post"}],"author":[{"embeddable":true,"href":"https:\/\/elfaroonline.com.ar\/index.php\/wp-json\/wp\/v2\/users\/2"}],"replies":[{"embeddable":true,"href":"https:\/\/elfaroonline.com.ar\/index.php\/wp-json\/wp\/v2\/comments?post=5135"}],"version-history":[{"count":1,"href":"https:\/\/elfaroonline.com.ar\/index.php\/wp-json\/wp\/v2\/posts\/5135\/revisions"}],"predecessor-version":[{"id":5137,"href":"https:\/\/elfaroonline.com.ar\/index.php\/wp-json\/wp\/v2\/posts\/5135\/revisions\/5137"}],"wp:featuredmedia":[{"embeddable":true,"href":"https:\/\/elfaroonline.com.ar\/index.php\/wp-json\/wp\/v2\/media\/5136"}],"wp:attachment":[{"href":"https:\/\/elfaroonline.com.ar\/index.php\/wp-json\/wp\/v2\/media?parent=5135"}],"wp:term":[{"taxonomy":"category","embeddable":true,"href":"https:\/\/elfaroonline.com.ar\/index.php\/wp-json\/wp\/v2\/categories?post=5135"},{"taxonomy":"post_tag","embeddable":true,"href":"https:\/\/elfaroonline.com.ar\/index.php\/wp-json\/wp\/v2\/tags?post=5135"}],"curies":[{"name":"wp","href":"https:\/\/api.w.org\/{rel}","templated":true}]}}