{"id":514,"date":"2024-05-09T18:54:27","date_gmt":"2024-05-09T21:54:27","guid":{"rendered":"https:\/\/elfaroonline.com.ar\/?p=514"},"modified":"2024-05-09T18:54:27","modified_gmt":"2024-05-09T21:54:27","slug":"embajadora-cultural-zulema-gutierrez-de-laguna-blanca-a-palma-de-mallorca","status":"publish","type":"post","link":"https:\/\/elfaroonline.com.ar\/index.php\/2024\/05\/09\/embajadora-cultural-zulema-gutierrez-de-laguna-blanca-a-palma-de-mallorca\/","title":{"rendered":"Embajadora Cultural: Zulema Guti\u00e9rrez, de Laguna Blanca a Palma de Mallorca"},"content":{"rendered":"<p class=\"v1MsoNormal\"><span lang=\"ES-MX\">La artesana textil Zulema Guti\u00e9rrez comenz\u00f3 este jueves su participaci\u00f3n en la Feria Xtant Ra\u00edces 2024, en Palma de Mallorca, Espa\u00f1a.<\/span><\/p>\n<p class=\"v1MsoNormal\"><span lang=\"ES-MX\">El evento, que re\u00fane a las m\u00e1s delicadas artesan\u00edas del mundo y que convoca a entusiastas, especialistas, dise\u00f1adores, coleccionistas y hacedores de textiles, comenz\u00f3 este jueves en el Palacio Can Vivot con la presencia de muchas autoridades y personalidades del mundo del dise\u00f1o.<\/span><\/p>\n<p class=\"v1MsoNormal\"><span lang=\"ES-MX\">Zulema, integrante de la cooperativa Mesa Local de Laguna Blanca, pudo desplegar las prendas tejidas en fibra de vicu\u00f1a, que generaron gran inter\u00e9s entre los visitantes de la feria. Y, en el primer d\u00eda, ya logr\u00f3 vender la primera prenda, que fue adquirida por una ciudadana estadounidense.<\/span><\/p>\n<p class=\"v1MsoNormal\"><span lang=\"ES-MX\">Es la primera vez que Argentina, representada por Catamarca, participa en este evento que se realiza en edificios patrimoniales del mundo y que convoca a los actores m\u00e1s destacados del<\/span> universo textil, de arte, moda y dise\u00f1o internacional.<\/p>\n<p class=\"v1MsoNormal\">Zulema asisti\u00f3 acompa\u00f1ada por el director de Artesan\u00edas de la Provincia, Gonzalo Cancino y tendr\u00e1 participaci\u00f3n hasta el 13 en este evento internacional que permitir\u00e1 mostrar la calidad del arte textil catamarque\u00f1o, particularmente el de la fibra de vicu\u00f1a, ante actores estrat\u00e9gicos del mercado internacional.<\/p>\n<p class=\"v1MsoNormal\">Adem\u00e1s de exponer sus tejidos, Zulema ser\u00e1 parte de un conversatorio denominado &#8220;Arraigados en la fibra&#8221; junto a artesanos de otros pa\u00edses en una de las actividades programadas para el s\u00e1bado 11 de mayo.<\/p>\n<p class=\"v1MsoNormal\">Unos 60 maestros artesanos, artistas y expertos de diferentes partes del mundo exponen en la Feria Xtant toda su riqueza t\u00e9cnica, sus tejidos, bordados, telares, tintes naturales y fibras vegetales.<\/p>\n<p class=\"v1MsoNormal\">Guti\u00e9rrez, premiada en el a\u00f1o 2015 y en el a\u00f1o 2018 con la distinci\u00f3n &#8220;Poncho Adquisici\u00f3n&#8221;, premio mayor que se otorga al mejor poncho en el Festival Nacional e Internacional del Poncho, esta vez comparte escena con maestros artesanos, dise\u00f1adores y j\u00f3venes promesas del mundo entero, en lo que representa una enorme oportunidad para ella y su comunidad.<\/p>\n","protected":false},"excerpt":{"rendered":"<p>La artesana textil Zulema Guti\u00e9rrez comenz\u00f3 este jueves su participaci\u00f3n en la Feria Xtant Ra\u00edces 2024, en Palma de Mallorca, Espa\u00f1a. El evento, que re\u00fane a las m\u00e1s delicadas artesan\u00edas del mundo y que convoca a entusiastas, especialistas, dise\u00f1adores, coleccionistas y hacedores de textiles, comenz\u00f3 este jueves en el Palacio Can Vivot con la presencia [&hellip;]<\/p>\n","protected":false},"author":2,"featured_media":515,"comment_status":"open","ping_status":"open","sticky":false,"template":"","format":"standard","meta":{"footnotes":""},"categories":[23,20],"tags":[],"class_list":{"0":"post-514","1":"post","2":"type-post","3":"status-publish","4":"format-standard","5":"has-post-thumbnail","7":"category-destacados","8":"category-sociedad"},"aioseo_notices":[],"_links":{"self":[{"href":"https:\/\/elfaroonline.com.ar\/index.php\/wp-json\/wp\/v2\/posts\/514","targetHints":{"allow":["GET"]}}],"collection":[{"href":"https:\/\/elfaroonline.com.ar\/index.php\/wp-json\/wp\/v2\/posts"}],"about":[{"href":"https:\/\/elfaroonline.com.ar\/index.php\/wp-json\/wp\/v2\/types\/post"}],"author":[{"embeddable":true,"href":"https:\/\/elfaroonline.com.ar\/index.php\/wp-json\/wp\/v2\/users\/2"}],"replies":[{"embeddable":true,"href":"https:\/\/elfaroonline.com.ar\/index.php\/wp-json\/wp\/v2\/comments?post=514"}],"version-history":[{"count":1,"href":"https:\/\/elfaroonline.com.ar\/index.php\/wp-json\/wp\/v2\/posts\/514\/revisions"}],"predecessor-version":[{"id":516,"href":"https:\/\/elfaroonline.com.ar\/index.php\/wp-json\/wp\/v2\/posts\/514\/revisions\/516"}],"wp:featuredmedia":[{"embeddable":true,"href":"https:\/\/elfaroonline.com.ar\/index.php\/wp-json\/wp\/v2\/media\/515"}],"wp:attachment":[{"href":"https:\/\/elfaroonline.com.ar\/index.php\/wp-json\/wp\/v2\/media?parent=514"}],"wp:term":[{"taxonomy":"category","embeddable":true,"href":"https:\/\/elfaroonline.com.ar\/index.php\/wp-json\/wp\/v2\/categories?post=514"},{"taxonomy":"post_tag","embeddable":true,"href":"https:\/\/elfaroonline.com.ar\/index.php\/wp-json\/wp\/v2\/tags?post=514"}],"curies":[{"name":"wp","href":"https:\/\/api.w.org\/{rel}","templated":true}]}}