{"id":5143,"date":"2026-03-17T08:30:05","date_gmt":"2026-03-17T11:30:05","guid":{"rendered":"https:\/\/elfaroonline.com.ar\/?p=5143"},"modified":"2026-03-17T12:10:56","modified_gmt":"2026-03-17T15:10:56","slug":"saujil-cuenta-con-una-oficina-de-defensa-del-consumidor","status":"publish","type":"post","link":"https:\/\/elfaroonline.com.ar\/index.php\/2026\/03\/17\/saujil-cuenta-con-una-oficina-de-defensa-del-consumidor\/","title":{"rendered":"Saujil cuenta con una oficina de Defensa del Consumidor"},"content":{"rendered":"<p style=\"font-weight: 400; text-align: justify;\">Se inaugur\u00f3 una oficina de Defensa del Consumidor en Saujil, distrito del departamento Pom\u00e1n, con cuya actividad se inici\u00f3 la Semana Provincial del Consumidor, organizada por este organismo que depende del Ministerio de Desarrollo Productivo.<\/p>\n<p style=\"font-weight: 400; text-align: justify;\">La oficina en la que de ahora en m\u00e1s la comunidad de Saujil y alrededores podr\u00e1 dirigirse para consultas, reclamos y denuncias, funciona luego del acto inaugural del que tomaron parte el ministro de Desarrollo Productivo, Leonardo Zeballos; el intendente de Saujil, Enzo Carrizo, y el director provincial de Defensa del Consumidor, Sergio Paredes Correa, adem\u00e1s de otros funcionarios provinciales y municipales.<\/p>\n<p style=\"font-weight: 400; text-align: justify;\">Las autoridades se encargaron de destacar la importancia de la nueva oficina. En ese sentido, el ministro Zeballos apunt\u00f3 que \u201ca partir de su funcionamiento, los saujilistas y vecinos de otros distritos de Pom\u00e1n, evitar\u00e1n tener que viajar a la Capital para efectuar tr\u00e1mites, o consultas que son muy esclarecedoras a la hora de conocer sus derechos como consumidores\u201d.<\/p>\n<p style=\"font-weight: 400; text-align: justify;\">La apertura de la oficina de Defensa del Consumidor fue abierta a trav\u00e9s de un convenio que rubric\u00f3 el ministro Zeballos, con el intendente Carrizo y el director Paredes Correa.<\/p>\n<p style=\"font-weight: 400; text-align: justify;\">Tambi\u00e9n se destac\u00f3 que experimentados inspectores y agentes de la Direcci\u00f3n de Defensa del Consumidor provincial, brindaron capacitaciones al personal de la oficina Saujil.<\/p>\n<p style=\"font-weight: 400; text-align: justify;\"><strong>Asesoramientos gratuitos en la Semana<\/strong><\/p>\n<p style=\"font-weight: 400; text-align: justify;\">Con esta importante actividad, la Direcci\u00f3n de Defensa del Consumidor inici\u00f3 la Semana Provincial del Consumidor, la que a\u00f1o a a\u00f1o se programa en coincidencia con la celebraci\u00f3n del D\u00eda Mundial de los Derechos del Consumidor, que es el 15 de marzo.<\/p>\n<p style=\"font-weight: 400; text-align: justify;\">El organismo organiz\u00f3 mesas de consultas y otras actividades tendientes a difundir los derechos y las posibilidades con que cuentan los vecinos a trav\u00e9s de la Direcci\u00f3n.<\/p>\n<p style=\"font-weight: 400; text-align: justify;\">Este martes, habr\u00e1 una mesa de atenci\u00f3n en la Plaza 25 de Mayo, entre las 9 y las 12.30, donde los agentes asesorar\u00e1n sobre temas como Sistema de Reclamo Digital, uso de c\u00f3digo QR para tr\u00e1mites y asesoramiento general para consumidores.<\/p>\n<p style=\"font-weight: 400; text-align: justify;\">Por su parte, el jueves 19 de marzo, los agentes se instalar\u00e1n en la plaza<\/p>\n<p style=\"font-weight: 400; text-align: justify;\">El Aborigen, en Valle Viejo, tambi\u00e9n entre las 9 y las 12.30 con los mismos fines descriptos, mientras que el viernes 20 de marzo, Defensa del Consumidor se trasladar\u00e1 hasta la plaza del barrio Valle Chico, esta vez a la tarde ya que atender\u00e1 entre las 18.30 y 21.30.<\/p>\n<p style=\"font-weight: 400; text-align: justify;\">Se aclara a los vecinos que el asesoramiento es totalmente gratuito y se se\u00f1ala que toda consulta ser\u00e1 bienvenida porque \u201cel organismo tiene como principal objetivo ayudar a los vecinos consumidores\u201d.<\/p>\n","protected":false},"excerpt":{"rendered":"<p>Se inaugur\u00f3 una oficina de Defensa del Consumidor en Saujil, distrito del departamento Pom\u00e1n, con cuya actividad se inici\u00f3 la Semana Provincial del Consumidor, organizada por este organismo que depende del Ministerio de Desarrollo Productivo. La oficina en la que de ahora en m\u00e1s la comunidad de Saujil y alrededores podr\u00e1 dirigirse para consultas, reclamos [&hellip;]<\/p>\n","protected":false},"author":2,"featured_media":5144,"comment_status":"open","ping_status":"open","sticky":false,"template":"","format":"standard","meta":{"footnotes":""},"categories":[21],"tags":[151],"class_list":{"0":"post-5143","1":"post","2":"type-post","3":"status-publish","4":"format-standard","5":"has-post-thumbnail","7":"category-politica","8":"tag-defensa-del-consumidor"},"aioseo_notices":[],"_links":{"self":[{"href":"https:\/\/elfaroonline.com.ar\/index.php\/wp-json\/wp\/v2\/posts\/5143","targetHints":{"allow":["GET"]}}],"collection":[{"href":"https:\/\/elfaroonline.com.ar\/index.php\/wp-json\/wp\/v2\/posts"}],"about":[{"href":"https:\/\/elfaroonline.com.ar\/index.php\/wp-json\/wp\/v2\/types\/post"}],"author":[{"embeddable":true,"href":"https:\/\/elfaroonline.com.ar\/index.php\/wp-json\/wp\/v2\/users\/2"}],"replies":[{"embeddable":true,"href":"https:\/\/elfaroonline.com.ar\/index.php\/wp-json\/wp\/v2\/comments?post=5143"}],"version-history":[{"count":1,"href":"https:\/\/elfaroonline.com.ar\/index.php\/wp-json\/wp\/v2\/posts\/5143\/revisions"}],"predecessor-version":[{"id":5145,"href":"https:\/\/elfaroonline.com.ar\/index.php\/wp-json\/wp\/v2\/posts\/5143\/revisions\/5145"}],"wp:featuredmedia":[{"embeddable":true,"href":"https:\/\/elfaroonline.com.ar\/index.php\/wp-json\/wp\/v2\/media\/5144"}],"wp:attachment":[{"href":"https:\/\/elfaroonline.com.ar\/index.php\/wp-json\/wp\/v2\/media?parent=5143"}],"wp:term":[{"taxonomy":"category","embeddable":true,"href":"https:\/\/elfaroonline.com.ar\/index.php\/wp-json\/wp\/v2\/categories?post=5143"},{"taxonomy":"post_tag","embeddable":true,"href":"https:\/\/elfaroonline.com.ar\/index.php\/wp-json\/wp\/v2\/tags?post=5143"}],"curies":[{"name":"wp","href":"https:\/\/api.w.org\/{rel}","templated":true}]}}