{"id":5146,"date":"2026-03-17T08:36:32","date_gmt":"2026-03-17T11:36:32","guid":{"rendered":"https:\/\/elfaroonline.com.ar\/?p=5146"},"modified":"2026-03-17T08:41:20","modified_gmt":"2026-03-17T11:41:20","slug":"advierten-que-los-aumentos-en-la-tarifa-electrica-responden-a-la-quita-de-subsidios-nacionales","status":"publish","type":"post","link":"https:\/\/elfaroonline.com.ar\/index.php\/2026\/03\/17\/advierten-que-los-aumentos-en-la-tarifa-electrica-responden-a-la-quita-de-subsidios-nacionales\/","title":{"rendered":"Advierten que los aumentos en la tarifa el\u00e9ctrica responden a la quita de subsidios nacionales"},"content":{"rendered":"<p style=\"font-weight: 400; text-align: justify;\">Los incrementos en las facturas de electricidad que comenzar\u00e1n a reflejarse en los hogares de Catamarca responden principalmente a la reducci\u00f3n de subsidios y al aumento del precio mayorista de la energ\u00eda dispuesto por el Gobierno nacional.<\/p>\n<p style=\"font-weight: 400; text-align: justify;\">Gran parte del costo de la energ\u00eda no es definido por la provincia, sino por el sistema mayorista administrado por CAMMESA. En ese esquema, el precio de generaci\u00f3n y transporte se fija a nivel nacional, mientras que la distribuci\u00f3n local representa una porci\u00f3n menor del monto total de la factura.<\/p>\n<p style=\"font-weight: 400; text-align: justify;\">Desde marzo, el Estado nacional subsidia \u00fanicamente los primeros 150 kilovatios hora (kWh) de consumo. Esto implica que el resto de la energ\u00eda debe abonarse a tarifa plena, cuyo valor est\u00e1 dolarizado y se determina en el mercado mayorista.<\/p>\n<p style=\"font-weight: 400; text-align: justify;\">En este contexto, se estima que en algunas zonas de la provincia el impacto podr\u00eda generar subas de hasta un 60% en las facturas, especialmente en regiones donde el consumo energ\u00e9tico es m\u00e1s elevado debido a las condiciones clim\u00e1ticas.<\/p>\n<p style=\"font-weight: 400; text-align: justify;\">En contraste, la actualizaci\u00f3n del Valor Agregado de Distribuci\u00f3n (VAD), que corresponde al servicio que presta EC SAPEM en la provincia, tiene una incidencia limitada en la boleta final. Seg\u00fan se explic\u00f3, de cada diez pesos que paga un usuario, solo dos corresponden a la distribuci\u00f3n local, mientras que el resto est\u00e1 vinculado al costo mayorista de la energ\u00eda, el transporte y los impuestos.<\/p>\n<p style=\"font-weight: 400; text-align: justify;\">El impacto podr\u00eda sentirse con mayor intensidad en distintos departamentos del interior, como Bel\u00e9n, Tinogasta, Pom\u00e1n, Santa Mar\u00eda y Fiambal\u00e1, donde la energ\u00eda el\u00e9ctrica suele utilizarse tanto para refrigeraci\u00f3n en verano como para calefacci\u00f3n en invierno.<\/p>\n<p style=\"font-weight: 400; text-align: justify;\">Actualmente, EC SAPEM mantiene operativo el sistema el\u00e9ctrico en todo el territorio provincial, con m\u00e1s de 5.500 kil\u00f3metros de redes, sin deudas con CAMMESA y sin recibir subsidios operativos para su funcionamiento.<\/p>\n<p style=\"font-weight: 400; text-align: justify;\">En este escenario, remarcaron la importancia de explicar a los usuarios c\u00f3mo se compone la tarifa el\u00e9ctrica y de qu\u00e9 manera impactan los cambios en la pol\u00edtica energ\u00e9tica nacional en el costo final del servicio.<\/p>\n","protected":false},"excerpt":{"rendered":"<p>Los incrementos en las facturas de electricidad que comenzar\u00e1n a reflejarse en los hogares de Catamarca responden principalmente a la reducci\u00f3n de subsidios y al aumento del precio mayorista de la energ\u00eda dispuesto por el Gobierno nacional. Gran parte del costo de la energ\u00eda no es definido por la provincia, sino por el sistema mayorista [&hellip;]<\/p>\n","protected":false},"author":2,"featured_media":5147,"comment_status":"open","ping_status":"open","sticky":false,"template":"","format":"standard","meta":{"footnotes":""},"categories":[21],"tags":[],"class_list":{"0":"post-5146","1":"post","2":"type-post","3":"status-publish","4":"format-standard","5":"has-post-thumbnail","7":"category-politica"},"aioseo_notices":[],"_links":{"self":[{"href":"https:\/\/elfaroonline.com.ar\/index.php\/wp-json\/wp\/v2\/posts\/5146","targetHints":{"allow":["GET"]}}],"collection":[{"href":"https:\/\/elfaroonline.com.ar\/index.php\/wp-json\/wp\/v2\/posts"}],"about":[{"href":"https:\/\/elfaroonline.com.ar\/index.php\/wp-json\/wp\/v2\/types\/post"}],"author":[{"embeddable":true,"href":"https:\/\/elfaroonline.com.ar\/index.php\/wp-json\/wp\/v2\/users\/2"}],"replies":[{"embeddable":true,"href":"https:\/\/elfaroonline.com.ar\/index.php\/wp-json\/wp\/v2\/comments?post=5146"}],"version-history":[{"count":1,"href":"https:\/\/elfaroonline.com.ar\/index.php\/wp-json\/wp\/v2\/posts\/5146\/revisions"}],"predecessor-version":[{"id":5148,"href":"https:\/\/elfaroonline.com.ar\/index.php\/wp-json\/wp\/v2\/posts\/5146\/revisions\/5148"}],"wp:featuredmedia":[{"embeddable":true,"href":"https:\/\/elfaroonline.com.ar\/index.php\/wp-json\/wp\/v2\/media\/5147"}],"wp:attachment":[{"href":"https:\/\/elfaroonline.com.ar\/index.php\/wp-json\/wp\/v2\/media?parent=5146"}],"wp:term":[{"taxonomy":"category","embeddable":true,"href":"https:\/\/elfaroonline.com.ar\/index.php\/wp-json\/wp\/v2\/categories?post=5146"},{"taxonomy":"post_tag","embeddable":true,"href":"https:\/\/elfaroonline.com.ar\/index.php\/wp-json\/wp\/v2\/tags?post=5146"}],"curies":[{"name":"wp","href":"https:\/\/api.w.org\/{rel}","templated":true}]}}