{"id":5149,"date":"2026-03-17T08:47:30","date_gmt":"2026-03-17T11:47:30","guid":{"rendered":"https:\/\/elfaroonline.com.ar\/?p=5149"},"modified":"2026-03-17T08:47:30","modified_gmt":"2026-03-17T11:47:30","slug":"cristina-kirchner-declarara-hoy-de-forma-presencial-en-el-juicio-por-la-causa-cuadernos","status":"publish","type":"post","link":"https:\/\/elfaroonline.com.ar\/index.php\/2026\/03\/17\/cristina-kirchner-declarara-hoy-de-forma-presencial-en-el-juicio-por-la-causa-cuadernos\/","title":{"rendered":"Cristina Kirchner declarar\u00e1 hoy de forma presencial en el juicio por la causa Cuadernos"},"content":{"rendered":"<p class=\"paragraph font__body-regular\" style=\"text-align: justify;\">La<b>\u00a0causa Cuadernos\u00a0<\/b>entr\u00f3 esta semana en una nueva etapa con el inicio de las indagatorias presenciales en el Tribunal Oral Federal 7. La primera citada ser\u00e1\u00a0<b>Cristina Kirchner<\/b><b>,<\/b>\u00a0que\u00a0<b>deber\u00e1 presentarse el martes a las 9 en los tribunales de Comodoro Py.<\/b><\/p>\n<p class=\"paragraph font__body-regular\" style=\"text-align: justify;\">La expresidenta est\u00e1 en prisi\u00f3n domiciliaria en su casa de San Jos\u00e9 1111 cumpliendo condena por la causa Vialidad y ser\u00e1 escoltada hasta los tribunales en Retiro por su propia custodia. El Servicio Penitenciario Federal monitorear\u00e1 el recorrido por medio de su\u00a0<b>tobillera electr\u00f3nica.<\/b><\/p>\n<p class=\"paragraph font__body-regular\" style=\"text-align: justify;\">Desde las 7, La C\u00e1mpora concentrar\u00e1 en la casa de la expresidenta, pero no acompa\u00f1ar\u00e1 en caravana. S\u00ed se quedar\u00e1n hasta que regrese. En la puerta del tribunal habr\u00e1 diputados y senadores para recibirla cuando llegue y antes de entrar. A\u00fan no se sabe qu\u00e9 har\u00e1 su hijo, M\u00e1ximo Kirchner.<\/p>\n<p class=\"paragraph font__body-regular\" style=\"text-align: justify;\">Esta ser\u00e1 la segunda vez que Cristina Kirchner salga de su casa desde que cumple arresto domiciliario. En diciembre tuvo que ser internada\u00a0<b>de urgencia por peritonitis y volvi\u00f3 a su casa en enero.<\/b><\/p>\n<p class=\"paragraph font__body-regular\" style=\"text-align: justify;\">Unas horas antes, durante la tarde del lunes, la expresidenta se volc\u00f3 a su cuenta de X para mostrar su malestar por la situaci\u00f3n.<\/p>\n<p class=\"paragraph font__body-regular\" style=\"text-align: justify;\">\u201cCuando el Poder Ejecutivo no le da pan y trabajo al pueblo, el Partido Judicial y los medios hegem\u00f3nicos le dan circo. No falla<b>. El Tribunal Oral 7 en la farsa procesal titulada Cuadernos,<\/b>\u00a0que se viene tramitando v\u00eda Zoom, acat\u00f3 la exigencia medi\u00e1tica de presencialidad\u201d, comenz\u00f3 la exmandataria su largo descargo en X.<\/p>\n<p class=\"paragraph font__body-regular\" style=\"text-align: justify;\">\u201cLa foto que se puede capturar desde la pantalla del canal de YouTube con caras en cuadraditos no da para tapa de diario ni vide\u00edtos en la tele. Y como ya se sabe, el show debe continuar\u201d, agreg\u00f3.<\/p>\n<p class=\"paragraph font__body-regular\" style=\"text-align: justify;\">Luego tild\u00f3 al gobierno de Javier Milei de \u201ccastatr\u00f3fico\u201d. \u201cF\u00e1bricas cerradas o tomadas y obreros despedidos; locales sin alquilar y negocios vac\u00edos; inflaci\u00f3n superior a los dos puntos desde hace meses (pese a transitar desde hace m\u00e1s de dos a\u00f1os el ajuste econ\u00f3mico m\u00e1s brutal que se recuerde); salarios en ca\u00edda libre; familias endeudadas y moras bancarias que no se ve\u00edan desde el final de la convertibilidad; comer carne\u2026 un lujo y cada vez m\u00e1s gente en situaci\u00f3n de calle\u201d, asegur\u00f3.<\/p>\n<h3 class=\"font--primary font__display\" style=\"text-align: justify;\"><strong>C\u00f3mo ser\u00e1n las indagatorias que comenzar\u00e1n en Comodoro Py<\/strong><\/h3>\n<p class=\"paragraph font__body-regular\" style=\"text-align: justify;\">El TOF7 dispuso que las declaraciones se realicen de manera presencial en la Sala AMIA de los tribunales federales, un espacio que fue reacondicionado recientemente para audiencias con gran cantidad de imputados.<\/p>\n<p class=\"paragraph font__body-regular\" style=\"text-align: justify;\">Para la primera jornada fueron citados, adem\u00e1s de Cristina Kirchner, el exministro de Planificaci\u00f3n\u00a0<b>Julio De Vido;<\/b>\u00a0su exn\u00famero dos\u00a0<b>Roberto Baratta y Nelson Lazarte, Rafael Llorens, Jos\u00e9 Mar\u00eda Olazagasti y Rudy Ulloa.<\/b><\/p>\n<p class=\"paragraph font__body-regular\" style=\"text-align: justify;\">Ante la cantidad de acusados que forman parte del proceso, el tribunal pidi\u00f3 a las defensas que informen con anticipaci\u00f3n si sus representados responder\u00e1n preguntas durante las indagatorias. Los jueces resolvieron que solo est\u00e9n presentes en la sala los imputados convocados en cada jornada y los magistrados, mientras que el resto seguir\u00e1 el proceso de manera remota.<\/p>\n<p class=\"paragraph font__body-regular\" style=\"text-align: justify;\">La causa lleg\u00f3 a esta instancia luego de que<b>\u00a0el tribunal rechazara distintos planteos de nulidad presentados por las defensas<\/b>. En ese contexto, la fiscal Fabiana Le\u00f3n advirti\u00f3 durante una audiencia que las objeciones podr\u00edan derivar en demoras que pongan en riesgo la prescripci\u00f3n de algunos delitos.<\/p>\n","protected":false},"excerpt":{"rendered":"<p>La\u00a0causa Cuadernos\u00a0entr\u00f3 esta semana en una nueva etapa con el inicio de las indagatorias presenciales en el Tribunal Oral Federal 7. La primera citada ser\u00e1\u00a0Cristina Kirchner,\u00a0que\u00a0deber\u00e1 presentarse el martes a las 9 en los tribunales de Comodoro Py. La expresidenta est\u00e1 en prisi\u00f3n domiciliaria en su casa de San Jos\u00e9 1111 cumpliendo condena por la [&hellip;]<\/p>\n","protected":false},"author":2,"featured_media":5150,"comment_status":"open","ping_status":"open","sticky":false,"template":"","format":"standard","meta":{"footnotes":""},"categories":[22],"tags":[],"class_list":{"0":"post-5149","1":"post","2":"type-post","3":"status-publish","4":"format-standard","5":"has-post-thumbnail","7":"category-nacionales"},"aioseo_notices":[],"_links":{"self":[{"href":"https:\/\/elfaroonline.com.ar\/index.php\/wp-json\/wp\/v2\/posts\/5149","targetHints":{"allow":["GET"]}}],"collection":[{"href":"https:\/\/elfaroonline.com.ar\/index.php\/wp-json\/wp\/v2\/posts"}],"about":[{"href":"https:\/\/elfaroonline.com.ar\/index.php\/wp-json\/wp\/v2\/types\/post"}],"author":[{"embeddable":true,"href":"https:\/\/elfaroonline.com.ar\/index.php\/wp-json\/wp\/v2\/users\/2"}],"replies":[{"embeddable":true,"href":"https:\/\/elfaroonline.com.ar\/index.php\/wp-json\/wp\/v2\/comments?post=5149"}],"version-history":[{"count":1,"href":"https:\/\/elfaroonline.com.ar\/index.php\/wp-json\/wp\/v2\/posts\/5149\/revisions"}],"predecessor-version":[{"id":5151,"href":"https:\/\/elfaroonline.com.ar\/index.php\/wp-json\/wp\/v2\/posts\/5149\/revisions\/5151"}],"wp:featuredmedia":[{"embeddable":true,"href":"https:\/\/elfaroonline.com.ar\/index.php\/wp-json\/wp\/v2\/media\/5150"}],"wp:attachment":[{"href":"https:\/\/elfaroonline.com.ar\/index.php\/wp-json\/wp\/v2\/media?parent=5149"}],"wp:term":[{"taxonomy":"category","embeddable":true,"href":"https:\/\/elfaroonline.com.ar\/index.php\/wp-json\/wp\/v2\/categories?post=5149"},{"taxonomy":"post_tag","embeddable":true,"href":"https:\/\/elfaroonline.com.ar\/index.php\/wp-json\/wp\/v2\/tags?post=5149"}],"curies":[{"name":"wp","href":"https:\/\/api.w.org\/{rel}","templated":true}]}}