{"id":5152,"date":"2026-03-17T09:00:39","date_gmt":"2026-03-17T12:00:39","guid":{"rendered":"https:\/\/elfaroonline.com.ar\/?p=5152"},"modified":"2026-03-17T09:00:39","modified_gmt":"2026-03-17T12:00:39","slug":"la-argentina-formalizo-su-salida-de-la-organizacion-mundial-de-la-salud","status":"publish","type":"post","link":"https:\/\/elfaroonline.com.ar\/index.php\/2026\/03\/17\/la-argentina-formalizo-su-salida-de-la-organizacion-mundial-de-la-salud\/","title":{"rendered":"La Argentina formaliz\u00f3 su salida de la Organizaci\u00f3n Mundial de la Salud"},"content":{"rendered":"<p class=\"paragraph font__body-regular\" style=\"text-align: justify;\">El canciller Pablo Quirno confirm\u00f3 la salida de la Argentina de la Organizaci\u00f3n Mundial de la Salud.<\/p>\n<p class=\"paragraph font__body-regular\" style=\"text-align: justify;\">La noticia fue confirmada a trav\u00e9s de un comunicado en sus redes. \u201cHoy se hace efectivo el retiro de la Argentina de la Organizaci\u00f3n Mundial de la Salud (OMS), al cumplirse un a\u00f1o de la notificaci\u00f3n formal realizada por nuestro pa\u00eds\u201d, expres\u00f3 en el posteo.<\/p>\n<p class=\"paragraph font__body-regular\" style=\"text-align: justify;\">Al mismo tiempo, record\u00f3 que el gobierno argentino comunic\u00f3 esta decisi\u00f3n mediante una nota dirigida al Secretario General de la Organizaci\u00f3n de las Naciones Unidas el 17 de marzo de 2025. \u201cDe conformidad con lo establecido en la Convenci\u00f3n de Viena sobre el Derecho de los Tratados, el retiro se produce un a\u00f1o despu\u00e9s de realizada esa notificaci\u00f3n\u201d, agreg\u00f3.<\/p>\n<p class=\"paragraph font__body-regular\" style=\"text-align: justify;\">Sobre el final, Quirno aclar\u00f3: \u201cNuestro pa\u00eds continuar\u00e1 promoviendo la cooperaci\u00f3n internacional en salud a trav\u00e9s de acuerdos bilaterales y \u00e1mbitos regionales, resguardando plenamente su soberan\u00eda y su capacidad de decisi\u00f3n en materia de pol\u00edticas sanitarias\u201d.<\/p>\n","protected":false},"excerpt":{"rendered":"<p>El canciller Pablo Quirno confirm\u00f3 la salida de la Argentina de la Organizaci\u00f3n Mundial de la Salud. La noticia fue confirmada a trav\u00e9s de un comunicado en sus redes. \u201cHoy se hace efectivo el retiro de la Argentina de la Organizaci\u00f3n Mundial de la Salud (OMS), al cumplirse un a\u00f1o de la notificaci\u00f3n formal realizada [&hellip;]<\/p>\n","protected":false},"author":2,"featured_media":5153,"comment_status":"open","ping_status":"open","sticky":false,"template":"","format":"standard","meta":{"footnotes":""},"categories":[22],"tags":[154,153],"class_list":{"0":"post-5152","1":"post","2":"type-post","3":"status-publish","4":"format-standard","5":"has-post-thumbnail","7":"category-nacionales","8":"tag-argentina","9":"tag-oms"},"aioseo_notices":[],"_links":{"self":[{"href":"https:\/\/elfaroonline.com.ar\/index.php\/wp-json\/wp\/v2\/posts\/5152","targetHints":{"allow":["GET"]}}],"collection":[{"href":"https:\/\/elfaroonline.com.ar\/index.php\/wp-json\/wp\/v2\/posts"}],"about":[{"href":"https:\/\/elfaroonline.com.ar\/index.php\/wp-json\/wp\/v2\/types\/post"}],"author":[{"embeddable":true,"href":"https:\/\/elfaroonline.com.ar\/index.php\/wp-json\/wp\/v2\/users\/2"}],"replies":[{"embeddable":true,"href":"https:\/\/elfaroonline.com.ar\/index.php\/wp-json\/wp\/v2\/comments?post=5152"}],"version-history":[{"count":1,"href":"https:\/\/elfaroonline.com.ar\/index.php\/wp-json\/wp\/v2\/posts\/5152\/revisions"}],"predecessor-version":[{"id":5154,"href":"https:\/\/elfaroonline.com.ar\/index.php\/wp-json\/wp\/v2\/posts\/5152\/revisions\/5154"}],"wp:featuredmedia":[{"embeddable":true,"href":"https:\/\/elfaroonline.com.ar\/index.php\/wp-json\/wp\/v2\/media\/5153"}],"wp:attachment":[{"href":"https:\/\/elfaroonline.com.ar\/index.php\/wp-json\/wp\/v2\/media?parent=5152"}],"wp:term":[{"taxonomy":"category","embeddable":true,"href":"https:\/\/elfaroonline.com.ar\/index.php\/wp-json\/wp\/v2\/categories?post=5152"},{"taxonomy":"post_tag","embeddable":true,"href":"https:\/\/elfaroonline.com.ar\/index.php\/wp-json\/wp\/v2\/tags?post=5152"}],"curies":[{"name":"wp","href":"https:\/\/api.w.org\/{rel}","templated":true}]}}