{"id":5158,"date":"2026-03-17T10:53:50","date_gmt":"2026-03-17T13:53:50","guid":{"rendered":"https:\/\/elfaroonline.com.ar\/?p=5158"},"modified":"2026-03-17T10:53:50","modified_gmt":"2026-03-17T13:53:50","slug":"jornada-por-el-dia-internacional-del-artesano-en-cata","status":"publish","type":"post","link":"https:\/\/elfaroonline.com.ar\/index.php\/2026\/03\/17\/jornada-por-el-dia-internacional-del-artesano-en-cata\/","title":{"rendered":"Jornada por el D\u00eda Internacional del Artesano en CATA"},"content":{"rendered":"<p style=\"font-weight: 400; text-align: justify;\">En el marco del D\u00eda Internacional del Artesano, el Ministerio de Cultura, Turismo y Deporte de Catamarca, a trav\u00e9s de la Direcci\u00f3n de Artesan\u00edas, organiza una jornada especial en el Centro de Arte y Tecnolog\u00eda Aplicada (CATA), ubicado en Sarmiento 613. La actividad se desarrollar\u00e1 durante el jueves 19 de marzo, de 9 a 14 y de 15 a 20 horas, con entrada libre y gratuita.<\/p>\n<p style=\"font-weight: 400; text-align: justify;\">Uno de los ejes de la jornada ser\u00e1 la feria artesanal, que se instalar\u00e1 en las galer\u00edas del segundo patio de CATA y reunir\u00e1 a alrededor de 14 artesanos y artesanas de distintos rubros, entre ellos madera, textil, cer\u00e1mica, cuchiller\u00eda, fibra vegetal, joyer\u00eda y productos regionales. La propuesta busca visibilizar el trabajo de los creadores locales, poner en valor sus saberes y acercar al p\u00fablico a las distintas expresiones de la artesan\u00eda catamarque\u00f1a.<\/p>\n<p style=\"font-weight: 400; text-align: justify;\">Adem\u00e1s, a partir de las 9 horas, la artesana Estela Moreno dictar\u00e1 un taller de modelado en arcilla roja en el CATA Lab. Los participantes trabajar\u00e1n a partir de una consigna sencilla: modelar un mate o peque\u00f1o recipiente incorporando un rostro en relieve como primera aproximaci\u00f3n al trabajo escult\u00f3rico. La actividad est\u00e1 pensada para quienes quieran tener un primer acercamiento a la cer\u00e1mica, explorando t\u00e9cnicas b\u00e1sicas de modelado, forma y volumen. Las inscripciones se realizan por WhatsApp al +54 9 3834 99-2825.<\/p>\n<p style=\"font-weight: 400; text-align: justify;\"><strong>Demostraciones en vivo<\/strong><\/p>\n<p style=\"font-weight: 400; text-align: justify;\">A lo largo de toda la jornada, el p\u00fablico podr\u00e1 presenciar demostraciones de tres oficios artesanales. Por la ma\u00f1ana, de 9 a 14 horas, en el centro del segundo patio, el artesano Gerardo Quijano mostrar\u00e1 el trabajo en madera: la elaboraci\u00f3n de bateas, cucharas y piezas utilitarias mediante t\u00e9cnicas tradicionales de carpinter\u00eda artesanal. Con m\u00e1s de 20 a\u00f1os de trayectoria, Quijano es referente en muebles de campo de estilo r\u00fastico vinculados al \u00e1mbito rural.<\/p>\n<p style=\"font-weight: 400; text-align: justify;\">Por la tarde, de 15 a 20 horas, en el mismo espacio, el artesano Solano Condori realizar\u00e1 una demostraci\u00f3n de cester\u00eda en simbol, compartiendo el proceso de preparaci\u00f3n de la fibra y las t\u00e9cnicas de tejido para la elaboraci\u00f3n de canastos y piezas tradicionales. En simult\u00e1neo, en el CATA Lab, la artesana textil Fernanda Di Natale trabajar\u00e1 en telar en vivo, mostrando el proceso de tejido y explicando c\u00f3mo se construyen las distintas guardas y dise\u00f1os de la tradici\u00f3n textil.<\/p>\n","protected":false},"excerpt":{"rendered":"<p>En el marco del D\u00eda Internacional del Artesano, el Ministerio de Cultura, Turismo y Deporte de Catamarca, a trav\u00e9s de la Direcci\u00f3n de Artesan\u00edas, organiza una jornada especial en el Centro de Arte y Tecnolog\u00eda Aplicada (CATA), ubicado en Sarmiento 613. La actividad se desarrollar\u00e1 durante el jueves 19 de marzo, de 9 a 14 [&hellip;]<\/p>\n","protected":false},"author":2,"featured_media":5159,"comment_status":"open","ping_status":"open","sticky":false,"template":"","format":"standard","meta":{"footnotes":""},"categories":[20],"tags":[],"class_list":{"0":"post-5158","1":"post","2":"type-post","3":"status-publish","4":"format-standard","5":"has-post-thumbnail","7":"category-sociedad"},"aioseo_notices":[],"_links":{"self":[{"href":"https:\/\/elfaroonline.com.ar\/index.php\/wp-json\/wp\/v2\/posts\/5158","targetHints":{"allow":["GET"]}}],"collection":[{"href":"https:\/\/elfaroonline.com.ar\/index.php\/wp-json\/wp\/v2\/posts"}],"about":[{"href":"https:\/\/elfaroonline.com.ar\/index.php\/wp-json\/wp\/v2\/types\/post"}],"author":[{"embeddable":true,"href":"https:\/\/elfaroonline.com.ar\/index.php\/wp-json\/wp\/v2\/users\/2"}],"replies":[{"embeddable":true,"href":"https:\/\/elfaroonline.com.ar\/index.php\/wp-json\/wp\/v2\/comments?post=5158"}],"version-history":[{"count":2,"href":"https:\/\/elfaroonline.com.ar\/index.php\/wp-json\/wp\/v2\/posts\/5158\/revisions"}],"predecessor-version":[{"id":5161,"href":"https:\/\/elfaroonline.com.ar\/index.php\/wp-json\/wp\/v2\/posts\/5158\/revisions\/5161"}],"wp:featuredmedia":[{"embeddable":true,"href":"https:\/\/elfaroonline.com.ar\/index.php\/wp-json\/wp\/v2\/media\/5159"}],"wp:attachment":[{"href":"https:\/\/elfaroonline.com.ar\/index.php\/wp-json\/wp\/v2\/media?parent=5158"}],"wp:term":[{"taxonomy":"category","embeddable":true,"href":"https:\/\/elfaroonline.com.ar\/index.php\/wp-json\/wp\/v2\/categories?post=5158"},{"taxonomy":"post_tag","embeddable":true,"href":"https:\/\/elfaroonline.com.ar\/index.php\/wp-json\/wp\/v2\/tags?post=5158"}],"curies":[{"name":"wp","href":"https:\/\/api.w.org\/{rel}","templated":true}]}}