{"id":517,"date":"2024-05-09T18:56:42","date_gmt":"2024-05-09T21:56:42","guid":{"rendered":"https:\/\/elfaroonline.com.ar\/?p=517"},"modified":"2024-05-09T18:56:42","modified_gmt":"2024-05-09T21:56:42","slug":"recreo-celebro-su-149-aniversario","status":"publish","type":"post","link":"https:\/\/elfaroonline.com.ar\/index.php\/2024\/05\/09\/recreo-celebro-su-149-aniversario\/","title":{"rendered":"Recreo celebr\u00f3 su 149\u00b0 Aniversario"},"content":{"rendered":"<p>Recreo celebr\u00f3 hoy su aniversario 149\u00ba y cont\u00f3 con la presencia del vicegobernador Rub\u00e9n Dusso, a cargo del Poder Ejecutivo, quien acompa\u00f1\u00f3 al intendente Luis Polti en las actividades programadas por el municipio para conmemorar la fecha. La celebraci\u00f3n fue tambi\u00e9n propicia para recorrer obras y poner en marcha un nuevo centro de atenci\u00f3n en salud.<\/p>\n<p>Acompa\u00f1aron durante el acto al vicegobernador; el senador departamental P\u00edo Carletta; el secretario de Coordinaci\u00f3n Territorial del Ministerio de Infraestructura y Obras Civiles, Alejandro D\u00edaz Mart\u00ednez, y el subsecretario de Coordinaci\u00f3n y T\u00e9cnica de la Vicegobernaci\u00f3n, Julio Macedo.<\/p>\n<p>Los festejos contaron con el tradicional desfile C\u00edvico militar donde participaron junto a las fuerzas de seguridad las instituciones y organizaciones sociales destacadas de la comunidad, as\u00ed como tambi\u00e9n con la entrega de la Declaraci\u00f3n de Inter\u00e9s Cultural, Tur\u00edstico, Social y Legislativo con que la C\u00e1mara de Senadores de la Provincia honr\u00f3 este nuevo aniversario de la localidad este\u00f1a.<\/p>\n<p>Entre las obras que pudieron apreciarse durante el festejo, se encontraron los 2Km de luminaria led para los barrios 30 y 36 viviendas, el inicio de obra del barrio 56 viviendas; la refacci\u00f3n y ampliaci\u00f3n en el Polideportivo Municipal de Recreo, el Cine Municipal, lo que ser\u00e1 la nueva Oficina de Turismo, el nuevo Edificio Escuela de Educaci\u00f3n Especial Fray Mamerto Esqui\u00fa.<\/p>\n<p>Tambi\u00e9n se realiz\u00f3 la puesta en marcha del centro de salud que funcionar\u00e1 dentro del espacio destinado a adultos mayores &#8220;Hogar de D\u00eda Jes\u00fas del Tr\u00e1nsito L\u00f3pez&#8221;, para atenci\u00f3n primaria de salud a las personas de la tercera edad, adem\u00e1s de la entrega de una nueva ambulancia para la localidad.<\/p>\n<p>A la hora de hacer el uso de la palabra, el Vicegobernador salud\u00f3 al intendente y destac\u00f3 el progreso de la localidad que conduce, &#8220;permitiendo la permanente inauguraci\u00f3n de obras para el beneficio de la comunidad&#8221;, a quienes felicit\u00f3 tambi\u00e9n en su d\u00eda.<\/p>\n","protected":false},"excerpt":{"rendered":"<p>Recreo celebr\u00f3 hoy su aniversario 149\u00ba y cont\u00f3 con la presencia del vicegobernador Rub\u00e9n Dusso, a cargo del Poder Ejecutivo, quien acompa\u00f1\u00f3 al intendente Luis Polti en las actividades programadas por el municipio para conmemorar la fecha. La celebraci\u00f3n fue tambi\u00e9n propicia para recorrer obras y poner en marcha un nuevo centro de atenci\u00f3n en [&hellip;]<\/p>\n","protected":false},"author":2,"featured_media":518,"comment_status":"open","ping_status":"open","sticky":false,"template":"","format":"standard","meta":{"footnotes":""},"categories":[23,21],"tags":[],"class_list":{"0":"post-517","1":"post","2":"type-post","3":"status-publish","4":"format-standard","5":"has-post-thumbnail","7":"category-destacados","8":"category-politica"},"aioseo_notices":[],"_links":{"self":[{"href":"https:\/\/elfaroonline.com.ar\/index.php\/wp-json\/wp\/v2\/posts\/517","targetHints":{"allow":["GET"]}}],"collection":[{"href":"https:\/\/elfaroonline.com.ar\/index.php\/wp-json\/wp\/v2\/posts"}],"about":[{"href":"https:\/\/elfaroonline.com.ar\/index.php\/wp-json\/wp\/v2\/types\/post"}],"author":[{"embeddable":true,"href":"https:\/\/elfaroonline.com.ar\/index.php\/wp-json\/wp\/v2\/users\/2"}],"replies":[{"embeddable":true,"href":"https:\/\/elfaroonline.com.ar\/index.php\/wp-json\/wp\/v2\/comments?post=517"}],"version-history":[{"count":1,"href":"https:\/\/elfaroonline.com.ar\/index.php\/wp-json\/wp\/v2\/posts\/517\/revisions"}],"predecessor-version":[{"id":519,"href":"https:\/\/elfaroonline.com.ar\/index.php\/wp-json\/wp\/v2\/posts\/517\/revisions\/519"}],"wp:featuredmedia":[{"embeddable":true,"href":"https:\/\/elfaroonline.com.ar\/index.php\/wp-json\/wp\/v2\/media\/518"}],"wp:attachment":[{"href":"https:\/\/elfaroonline.com.ar\/index.php\/wp-json\/wp\/v2\/media?parent=517"}],"wp:term":[{"taxonomy":"category","embeddable":true,"href":"https:\/\/elfaroonline.com.ar\/index.php\/wp-json\/wp\/v2\/categories?post=517"},{"taxonomy":"post_tag","embeddable":true,"href":"https:\/\/elfaroonline.com.ar\/index.php\/wp-json\/wp\/v2\/tags?post=517"}],"curies":[{"name":"wp","href":"https:\/\/api.w.org\/{rel}","templated":true}]}}