{"id":520,"date":"2024-05-09T18:58:53","date_gmt":"2024-05-09T21:58:53","guid":{"rendered":"https:\/\/elfaroonline.com.ar\/?p=520"},"modified":"2024-05-09T18:58:53","modified_gmt":"2024-05-09T21:58:53","slug":"en-su-primer-ano-valle-chico-realizo-casi-200-mil-atenciones-medicas","status":"publish","type":"post","link":"https:\/\/elfaroonline.com.ar\/index.php\/2024\/05\/09\/en-su-primer-ano-valle-chico-realizo-casi-200-mil-atenciones-medicas\/","title":{"rendered":"En su primer a\u00f1o, Valle Chico realiz\u00f3 casi 200 mil atenciones m\u00e9dicas"},"content":{"rendered":"<p class=\"v1MsoNormal\">A poco m\u00e1s de un a\u00f1o de su inauguraci\u00f3n, el Centro Sanitario Valle Chico realiz\u00f3 194,154 atenciones de diferentes especialidades, que van desde Cl\u00ednica M\u00e9dica hasta Servicio de Rayos X. En 13 meses, se logr\u00f3 la ampliaci\u00f3n del horario de atenci\u00f3n pedi\u00e1trica de lunes a viernes, ma\u00f1ana y tarde. Tambi\u00e9n se extendi\u00f3 el horario de atenci\u00f3n de la Farmacia y se agregaron guardias los fines de semana y feriados en los servicios de Rayos X, Laboratorio y Farmacia.<\/p>\n<p class=\"v1MsoNormal\">Respecto al recurso humano y equipamiento, se incorporaron dos odont\u00f3logas para prestar servicio en el turno tarde, y se instal\u00f3 el nuevo equipo de Rayos X, lo que permite mejorar la calidad del servicio brindado a los pacientes. Adem\u00e1s, el Centro Sanitario Valle Chico es sede formadora en pr\u00e1cticas profesionales de la Tecnicatura Superior en Radiolog\u00eda, perteneciente al I.E.S. Gobernador Jos\u00e9 Cubas, y recibe a alumnos de la carrera de Enfermer\u00eda del mismo instituto.<\/p>\n<p class=\"v1MsoNormal\"><b>N\u00fameros<\/b><\/p>\n<p class=\"v1MsoNormal\">Desde abril a diciembre del a\u00f1o 2023, el Centro Sanitario Valle Chico brind\u00f3 138,158 prestaciones: 4,851 de cl\u00ednica m\u00e9dica y 978 de pediatr\u00eda. En cuanto a las especialidades, se atendieron 419 de endocrinolog\u00eda, 696 ginecol\u00f3gicas, 1,005 cardiol\u00f3gicas, 799 de psicolog\u00eda y 890 de kinesiolog\u00eda; asimismo, 325 consultas de nutrici\u00f3n, 339 obst\u00e9tricas, 291 de trabajo social, 1,801 odontol\u00f3gicas y 108,632 de enfermer\u00eda. Se realizaron 2,145 pr\u00e1cticas de laboratorio, se colocaron 3,720 vacunas, 9,764 atenciones durante las guardias m\u00e9dicas y 1,503 Rayos X.<\/p>\n<p class=\"v1MsoNormal\">En los primeros 4 meses del 2024, se brindaron un total de 55,996 prestaciones, que incluyen: 2,787 de cl\u00ednica m\u00e9dica, 1,005 pedi\u00e1tricas, 232 de endocrinolog\u00eda, 563 ginecol\u00f3gicas, 688 cardiol\u00f3gicas, 383 de psicolog\u00eda, 386 de kinesiolog\u00eda, 266 consultas de nutrici\u00f3n, 138 obst\u00e9tricas, 240 de trabajo social, 1,916 odontol\u00f3gicas, 38,149 de enfermer\u00eda, 2,330 de laboratorio, 729 vacunas colocadas, 5,836 atenciones en guardia m\u00e9dica y 348 Rayos X.<\/p>\n","protected":false},"excerpt":{"rendered":"<p>A poco m\u00e1s de un a\u00f1o de su inauguraci\u00f3n, el Centro Sanitario Valle Chico realiz\u00f3 194,154 atenciones de diferentes especialidades, que van desde Cl\u00ednica M\u00e9dica hasta Servicio de Rayos X. En 13 meses, se logr\u00f3 la ampliaci\u00f3n del horario de atenci\u00f3n pedi\u00e1trica de lunes a viernes, ma\u00f1ana y tarde. Tambi\u00e9n se extendi\u00f3 el horario de [&hellip;]<\/p>\n","protected":false},"author":2,"featured_media":521,"comment_status":"open","ping_status":"open","sticky":false,"template":"","format":"standard","meta":{"footnotes":""},"categories":[20],"tags":[],"class_list":{"0":"post-520","1":"post","2":"type-post","3":"status-publish","4":"format-standard","5":"has-post-thumbnail","7":"category-sociedad"},"aioseo_notices":[],"_links":{"self":[{"href":"https:\/\/elfaroonline.com.ar\/index.php\/wp-json\/wp\/v2\/posts\/520","targetHints":{"allow":["GET"]}}],"collection":[{"href":"https:\/\/elfaroonline.com.ar\/index.php\/wp-json\/wp\/v2\/posts"}],"about":[{"href":"https:\/\/elfaroonline.com.ar\/index.php\/wp-json\/wp\/v2\/types\/post"}],"author":[{"embeddable":true,"href":"https:\/\/elfaroonline.com.ar\/index.php\/wp-json\/wp\/v2\/users\/2"}],"replies":[{"embeddable":true,"href":"https:\/\/elfaroonline.com.ar\/index.php\/wp-json\/wp\/v2\/comments?post=520"}],"version-history":[{"count":1,"href":"https:\/\/elfaroonline.com.ar\/index.php\/wp-json\/wp\/v2\/posts\/520\/revisions"}],"predecessor-version":[{"id":522,"href":"https:\/\/elfaroonline.com.ar\/index.php\/wp-json\/wp\/v2\/posts\/520\/revisions\/522"}],"wp:featuredmedia":[{"embeddable":true,"href":"https:\/\/elfaroonline.com.ar\/index.php\/wp-json\/wp\/v2\/media\/521"}],"wp:attachment":[{"href":"https:\/\/elfaroonline.com.ar\/index.php\/wp-json\/wp\/v2\/media?parent=520"}],"wp:term":[{"taxonomy":"category","embeddable":true,"href":"https:\/\/elfaroonline.com.ar\/index.php\/wp-json\/wp\/v2\/categories?post=520"},{"taxonomy":"post_tag","embeddable":true,"href":"https:\/\/elfaroonline.com.ar\/index.php\/wp-json\/wp\/v2\/tags?post=520"}],"curies":[{"name":"wp","href":"https:\/\/api.w.org\/{rel}","templated":true}]}}