{"id":526,"date":"2024-05-09T19:40:47","date_gmt":"2024-05-09T22:40:47","guid":{"rendered":"https:\/\/elfaroonline.com.ar\/?p=526"},"modified":"2024-05-09T19:40:47","modified_gmt":"2024-05-09T22:40:47","slug":"la-cgt-califico-como-contundente-el-paro-general-y-pidio-al-gobierno-tomar-nota","status":"publish","type":"post","link":"https:\/\/elfaroonline.com.ar\/index.php\/2024\/05\/09\/la-cgt-califico-como-contundente-el-paro-general-y-pidio-al-gobierno-tomar-nota\/","title":{"rendered":"La CGT calific\u00f3 como &#8220;contundente&#8221; el paro general y pidi\u00f3 al Gobierno &#8220;tomar nota&#8221;"},"content":{"rendered":"<p><strong>&#8220;Fue un \u00e9xito la medida. Es el llamado de atenci\u00f3n a las autoridades para encontrar un rumbo que rectifique el da\u00f1o social que genera las medidas que est\u00e1n tomando&#8221;,<\/strong> afirm\u00f3 H\u00e9ctor Daer, co-secretario general de la CGT, en la conferencia de prensa brindada en la sede de la central sindical.<br \/>\nEn respuesta a criticas por parte del Gobierno Nacional que calific\u00f3 el paro como pol\u00edtico, Daer afirm\u00f3 que <strong>&#8220;el paro ten\u00eda el sustento social y sobre todo el sustento pol\u00edtico para llevarlo adelante. <\/strong>Efectivamente estamos discutiendo el rumbo del pa\u00eds y las pol\u00edticas que se llevan adelante, y todas las acciones que viene da\u00f1ando el entramado social de nuestro pa\u00eds&#8221;.<\/p>\n<p><strong>&#8220;El Gobierno tiene que tomar nota.<\/strong> Debe tomar nota de lo que significa para <strong>reconfigurar su pol\u00edtica de ajuste que nos est\u00e1 llevando a extremos. <\/strong>Lejos de ser sustentable, nos est\u00e1 llevando a extremos a muchos sectores de la ciudadan\u00eda. Dif\u00edcilmente se podr\u00e1 recuperar si estas pol\u00edticas&#8221;, explic\u00f3 Daer. <strong>&#8220;Nosotros tomamos nota del acompa\u00f1amiento&#8221;<\/strong>, agreg\u00f3.<\/p>\n<p>Para el dirigente camionero la medida fue contundente y significa un mensaje para el gobierno de Javier Milei. &#8220;Lo juzg\u00f3 la gente hoy. <strong>El rechazo (al ajuste) va creciendo<\/strong>, las movilizaciones van creciendo. La gente ya no es tonta. Mucha gente que se moviliza y que paro, lo vot\u00f3&#8221;, advirti\u00f3 Pablo Moyano. Luego asegur\u00f3 que<strong>si contin\u00faan las actuales pol\u00edticas econ\u00f3micas, la CGT va a seguir el plan de lucha.<\/strong><\/p>\n","protected":false},"excerpt":{"rendered":"<p>&#8220;Fue un \u00e9xito la medida. Es el llamado de atenci\u00f3n a las autoridades para encontrar un rumbo que rectifique el da\u00f1o social que genera las medidas que est\u00e1n tomando&#8221;, afirm\u00f3 H\u00e9ctor Daer, co-secretario general de la CGT, en la conferencia de prensa brindada en la sede de la central sindical. En respuesta a criticas por [&hellip;]<\/p>\n","protected":false},"author":2,"featured_media":527,"comment_status":"open","ping_status":"open","sticky":false,"template":"","format":"standard","meta":{"footnotes":""},"categories":[23,22],"tags":[],"class_list":{"0":"post-526","1":"post","2":"type-post","3":"status-publish","4":"format-standard","5":"has-post-thumbnail","7":"category-destacados","8":"category-nacionales"},"aioseo_notices":[],"_links":{"self":[{"href":"https:\/\/elfaroonline.com.ar\/index.php\/wp-json\/wp\/v2\/posts\/526","targetHints":{"allow":["GET"]}}],"collection":[{"href":"https:\/\/elfaroonline.com.ar\/index.php\/wp-json\/wp\/v2\/posts"}],"about":[{"href":"https:\/\/elfaroonline.com.ar\/index.php\/wp-json\/wp\/v2\/types\/post"}],"author":[{"embeddable":true,"href":"https:\/\/elfaroonline.com.ar\/index.php\/wp-json\/wp\/v2\/users\/2"}],"replies":[{"embeddable":true,"href":"https:\/\/elfaroonline.com.ar\/index.php\/wp-json\/wp\/v2\/comments?post=526"}],"version-history":[{"count":1,"href":"https:\/\/elfaroonline.com.ar\/index.php\/wp-json\/wp\/v2\/posts\/526\/revisions"}],"predecessor-version":[{"id":528,"href":"https:\/\/elfaroonline.com.ar\/index.php\/wp-json\/wp\/v2\/posts\/526\/revisions\/528"}],"wp:featuredmedia":[{"embeddable":true,"href":"https:\/\/elfaroonline.com.ar\/index.php\/wp-json\/wp\/v2\/media\/527"}],"wp:attachment":[{"href":"https:\/\/elfaroonline.com.ar\/index.php\/wp-json\/wp\/v2\/media?parent=526"}],"wp:term":[{"taxonomy":"category","embeddable":true,"href":"https:\/\/elfaroonline.com.ar\/index.php\/wp-json\/wp\/v2\/categories?post=526"},{"taxonomy":"post_tag","embeddable":true,"href":"https:\/\/elfaroonline.com.ar\/index.php\/wp-json\/wp\/v2\/tags?post=526"}],"curies":[{"name":"wp","href":"https:\/\/api.w.org\/{rel}","templated":true}]}}