{"id":529,"date":"2024-05-09T22:12:44","date_gmt":"2024-05-10T01:12:44","guid":{"rendered":"https:\/\/elfaroonline.com.ar\/?p=529"},"modified":"2024-05-09T22:12:44","modified_gmt":"2024-05-10T01:12:44","slug":"osep-firmo-convenio-con-el-ministerio-de-seguridad-para-la-cobertura-de-policias-retirados","status":"publish","type":"post","link":"https:\/\/elfaroonline.com.ar\/index.php\/2024\/05\/09\/osep-firmo-convenio-con-el-ministerio-de-seguridad-para-la-cobertura-de-policias-retirados\/","title":{"rendered":"OSEP firm\u00f3 convenio con el Ministerio de Seguridad para la cobertura de polic\u00edas retirados"},"content":{"rendered":"<p dir=\"ltr\">El convenio extiende la cobertura al personal policial y agentes del Servicio Penitenciario y a sus grupos familiares.<\/p>\n<p dir=\"ltr\">La Obra Social de los Empleados P\u00fablicos (OSEP) extendi\u00f3 mediante convenio la cobertura m\u00e9dica a favor del personal de la Polic\u00eda y del Servicio Penitenciario, dependientes del Ministerio de Seguridad, siempre que se encuentren en situaci\u00f3n de retiro. De la firma del convenio participaron el ministro de Salud, Lucas Zampieri, la ministra de Seguridad, Fabiola Segura, y el director de OSEP, Leopoldo Marchetti.<\/p>\n<p dir=\"ltr\">El convenio garantiza que el personal policial y del Servicio Penitenciario en situaci\u00f3n de retiro pueda gozar de los beneficios de la Obra Social, sin interrupciones, hasta que concluya los tr\u00e1mites de naturaleza previsional, y pasen a estar registrados como afiliados acogidos al beneficio de retiro policial, voluntario u obligatorio.<\/p>\n<p dir=\"ltr\">Cabe resaltar que la cobertura tambi\u00e9n estar\u00e1 garantizada para el grupo familiar del titular, incluyendo c\u00f3nyuge, hijos menores de edad e hijos con discapacidad sin l\u00edmite de edad, que ten\u00eda el agente al momento de su retiro.<\/p>\n<p dir=\"ltr\">Por su parte, las afiliaciones voluntarias dependientes del afiliado titular tambi\u00e9n se mantendr\u00e1n, siempre y cuando no exista interrupci\u00f3n en el aporte mensual de cada uno de ellos y mantengan las condiciones f\u00e1ctico-legales que dieron origen a la afiliaci\u00f3n voluntaria.<\/p>\n<p dir=\"ltr\">A su vez, el convenio establece que el Ministerio de Seguridad ser\u00e1 el encargado de enviar regularmente la informaci\u00f3n de los agentes en situaci\u00f3n de retiro a OSEP, para mantener actualizada la base de datos del padr\u00f3n de afiliados correspondiente.<\/p>\n","protected":false},"excerpt":{"rendered":"<p>El convenio extiende la cobertura al personal policial y agentes del Servicio Penitenciario y a sus grupos familiares. La Obra Social de los Empleados P\u00fablicos (OSEP) extendi\u00f3 mediante convenio la cobertura m\u00e9dica a favor del personal de la Polic\u00eda y del Servicio Penitenciario, dependientes del Ministerio de Seguridad, siempre que se encuentren en situaci\u00f3n de [&hellip;]<\/p>\n","protected":false},"author":2,"featured_media":530,"comment_status":"open","ping_status":"open","sticky":false,"template":"","format":"standard","meta":{"footnotes":""},"categories":[27],"tags":[],"class_list":{"0":"post-529","1":"post","2":"type-post","3":"status-publish","4":"format-standard","5":"has-post-thumbnail","7":"category-policiales"},"aioseo_notices":[],"_links":{"self":[{"href":"https:\/\/elfaroonline.com.ar\/index.php\/wp-json\/wp\/v2\/posts\/529","targetHints":{"allow":["GET"]}}],"collection":[{"href":"https:\/\/elfaroonline.com.ar\/index.php\/wp-json\/wp\/v2\/posts"}],"about":[{"href":"https:\/\/elfaroonline.com.ar\/index.php\/wp-json\/wp\/v2\/types\/post"}],"author":[{"embeddable":true,"href":"https:\/\/elfaroonline.com.ar\/index.php\/wp-json\/wp\/v2\/users\/2"}],"replies":[{"embeddable":true,"href":"https:\/\/elfaroonline.com.ar\/index.php\/wp-json\/wp\/v2\/comments?post=529"}],"version-history":[{"count":1,"href":"https:\/\/elfaroonline.com.ar\/index.php\/wp-json\/wp\/v2\/posts\/529\/revisions"}],"predecessor-version":[{"id":531,"href":"https:\/\/elfaroonline.com.ar\/index.php\/wp-json\/wp\/v2\/posts\/529\/revisions\/531"}],"wp:featuredmedia":[{"embeddable":true,"href":"https:\/\/elfaroonline.com.ar\/index.php\/wp-json\/wp\/v2\/media\/530"}],"wp:attachment":[{"href":"https:\/\/elfaroonline.com.ar\/index.php\/wp-json\/wp\/v2\/media?parent=529"}],"wp:term":[{"taxonomy":"category","embeddable":true,"href":"https:\/\/elfaroonline.com.ar\/index.php\/wp-json\/wp\/v2\/categories?post=529"},{"taxonomy":"post_tag","embeddable":true,"href":"https:\/\/elfaroonline.com.ar\/index.php\/wp-json\/wp\/v2\/tags?post=529"}],"curies":[{"name":"wp","href":"https:\/\/api.w.org\/{rel}","templated":true}]}}