{"id":533,"date":"2024-05-10T17:36:40","date_gmt":"2024-05-10T20:36:40","guid":{"rendered":"https:\/\/elfaroonline.com.ar\/?p=533"},"modified":"2024-05-10T17:36:40","modified_gmt":"2024-05-10T20:36:40","slug":"cambio-climatico-audiencia-con-el-papa-y-desarrollo-artesanal-ejes-de-la-agenda-del-gobernador-en-su-mision-a-italia","status":"publish","type":"post","link":"https:\/\/elfaroonline.com.ar\/index.php\/2024\/05\/10\/cambio-climatico-audiencia-con-el-papa-y-desarrollo-artesanal-ejes-de-la-agenda-del-gobernador-en-su-mision-a-italia\/","title":{"rendered":"Cambio Clim\u00e1tico, audiencia con el Papa y desarrollo artesanal, ejes de la agenda del Gobernador en su misi\u00f3n a Italia"},"content":{"rendered":"<p class=\"v1MsoNormal\">El gobernador Ra\u00fal Jalil acompa\u00f1ado de una comitiva integrada por artesanos, caciques de comunidades originarias e intendente, desarrollar\u00e1n una importante agenda de actividades en Italia durante los pr\u00f3ximos d\u00edas.<\/p>\n<p class=\"v1MsoNormal\">En el inicio de la agenda, el lunes 13 de mayo est\u00e1 prevista una visita a la Escuela de Arte y Dise\u00f1o de Mil\u00e1n junto a los artesanos catamarque\u00f1os. Aqu\u00ed, podr\u00e1n observar las nuevas tendencias y t\u00e9cnicas en lo que refiere al dise\u00f1o. Tambi\u00e9n dentro de esta jornada se prev\u00e9 una visita al Hospital de Mil\u00e1n, donde el objetivo es recorrer las instalaciones y observar el funcionamiento del centro de salud.<\/p>\n<p class=\"v1MsoNormal\">Ya en la jornada del martes 14 de mayo la misi\u00f3n catamarque\u00f1a recorrer\u00e1 la f\u00e1brica de la empresa Loro Piana ubicadas en Val Sesia, regi\u00f3n Piemonte. Loro Piana es una de las marcas de ropa m\u00e1s destacadas del mundo en producci\u00f3n textil, y tiene un acuerdo de cooperaci\u00f3n mutua con Catamarca para trabajar en conjunto en el fortalecimiento de la comercializaci\u00f3n de la fibra de vicu\u00f1a en el mercado internacional, entre otros ejes de trabajo.<\/p>\n<p class=\"v1MsoNormal\">La visita a la f\u00e1brica ser\u00e1 una oportunidad \u00fanica para los artesanos catamarque\u00f1os que forman parte de la comitiva, entre ellos Yamil Guti\u00e9rrez (artesano de Londres, es la generaci\u00f3n m\u00e1s joven de una familia de tejedores), Jaime Iv\u00e1n Su\u00e1rez (artesano de Laguna Blanca, integrante de una familia de artesanos que trabajan fibra de vicu\u00f1a, llama y lana de oveja), Mar\u00eda Guillermina Z\u00e1rate (artesana de Fray Mamerto Esqui\u00fa, tejedora de los ponchos m\u00e1s famosos del mundo que llegaron al Papa Francisco, la Reina M\u00e1xima Zorreguieta y Barack Obama), Ra\u00fal Guti\u00e9rrez (artesano textil de Laguna Blanca) y Nereo Fernando Guti\u00e9rrez (artesano de Londres que trabaja con fibra de vicu\u00f1a, alpaca y oveja). Todos forman parte del proyecto Ruta del Telar, que se desarrolla en 12 municipios de Bel\u00e9n, Antofagasta y Santa Mar\u00eda, y cuyo objetivo es fortalecer las cadenas de valor de los trabajos artesanales.<\/p>\n<p class=\"v1MsoNormal\"><b>Audiencia con el Papa Francisco <\/b><\/p>\n<p class=\"v1MsoNormal\">Una de las actividades m\u00e1s importantes se dar\u00e1 el jueves 16 de mayo, cuando la comitiva participe de la Audiencia con el Papa Francisco.<\/p>\n<p class=\"v1MsoNormal\">Ser\u00e1 la segunda audiencia del gobernador Ra\u00fal Jalil con el Santo Padre, ya que en enero de 2023 el jefe de Estado catamarque\u00f1o pudo reunirse y dialogar con la m\u00e1xima autoridad de la Iglesia Cat\u00f3lica.<\/p>\n<p class=\"v1MsoNormal\"><b>Cumbre Clim\u00e1tica en el Vaticano <\/b><\/p>\n<p class=\"v1MsoNormal\">Dentro de la agenda en suelo italiano, el mandatario provincial participar\u00e1 del 15 al 17 de mayo del encuentro &#8220;De la crisis clim\u00e1tica a la resiliencia clim\u00e1tica&#8221;, que ser\u00e1 una cumbre del Vaticano de tres d\u00edas &#8220;para doblar la curva y avanzar hacia la resiliencia clim\u00e1tica&#8221;.<\/p>\n<p class=\"v1MsoNormal\">La cumbre es organizada conjuntamente por la Academia Pontificia de Ciencias Sociales y la Academia Pontificia de Ciencias de la Santa Sede.<\/p>\n<p class=\"v1MsoNormal\">Durante los tres d\u00edas distintos expertos interdisciplinarios expondr\u00e1n sobre tem\u00e1ticas relacionadas con agua, aire, alimentos y energ\u00eda. Los cuatro temas organizadores se centrar\u00e1n en impactos del cambio clim\u00e1tico en la salud humana, incluyendo salud mental y dispares efectos sobre el bienestar.<\/p>\n<p class=\"v1MsoNormal\">\n<p class=\"v1MsoNormal\">El encuentro contar\u00e1 con la presencia de distintos alcaldes y gobernadores en una &#8220;Mesa Redonda Mundial&#8221; que tendr\u00e1 como finalidad discutir y mostrar innovaciones\/soluciones para la resiliencia clim\u00e1tica en las tem\u00e1ticas mencionadas, con enfoque en salud humana y forzada migraciones. All\u00ed, intercambiar\u00e1n experiencias, ideas y estrategias exitosas para abordar resiliencia clim\u00e1tica, identificar el potencial de colaboraciones para proyectos conjuntos, intercambio de conocimientos y capacidad de construcci\u00f3n, y contribuir a los debates sobre pol\u00edticas a nivel local, nacional e internacional relacionadas con el clima.<\/p>\n","protected":false},"excerpt":{"rendered":"<p>El gobernador Ra\u00fal Jalil acompa\u00f1ado de una comitiva integrada por artesanos, caciques de comunidades originarias e intendente, desarrollar\u00e1n una importante agenda de actividades en Italia durante los pr\u00f3ximos d\u00edas. En el inicio de la agenda, el lunes 13 de mayo est\u00e1 prevista una visita a la Escuela de Arte y Dise\u00f1o de Mil\u00e1n junto a [&hellip;]<\/p>\n","protected":false},"author":2,"featured_media":534,"comment_status":"open","ping_status":"open","sticky":false,"template":"","format":"standard","meta":{"footnotes":""},"categories":[23,21],"tags":[],"class_list":{"0":"post-533","1":"post","2":"type-post","3":"status-publish","4":"format-standard","5":"has-post-thumbnail","7":"category-destacados","8":"category-politica"},"aioseo_notices":[],"_links":{"self":[{"href":"https:\/\/elfaroonline.com.ar\/index.php\/wp-json\/wp\/v2\/posts\/533","targetHints":{"allow":["GET"]}}],"collection":[{"href":"https:\/\/elfaroonline.com.ar\/index.php\/wp-json\/wp\/v2\/posts"}],"about":[{"href":"https:\/\/elfaroonline.com.ar\/index.php\/wp-json\/wp\/v2\/types\/post"}],"author":[{"embeddable":true,"href":"https:\/\/elfaroonline.com.ar\/index.php\/wp-json\/wp\/v2\/users\/2"}],"replies":[{"embeddable":true,"href":"https:\/\/elfaroonline.com.ar\/index.php\/wp-json\/wp\/v2\/comments?post=533"}],"version-history":[{"count":1,"href":"https:\/\/elfaroonline.com.ar\/index.php\/wp-json\/wp\/v2\/posts\/533\/revisions"}],"predecessor-version":[{"id":535,"href":"https:\/\/elfaroonline.com.ar\/index.php\/wp-json\/wp\/v2\/posts\/533\/revisions\/535"}],"wp:featuredmedia":[{"embeddable":true,"href":"https:\/\/elfaroonline.com.ar\/index.php\/wp-json\/wp\/v2\/media\/534"}],"wp:attachment":[{"href":"https:\/\/elfaroonline.com.ar\/index.php\/wp-json\/wp\/v2\/media?parent=533"}],"wp:term":[{"taxonomy":"category","embeddable":true,"href":"https:\/\/elfaroonline.com.ar\/index.php\/wp-json\/wp\/v2\/categories?post=533"},{"taxonomy":"post_tag","embeddable":true,"href":"https:\/\/elfaroonline.com.ar\/index.php\/wp-json\/wp\/v2\/tags?post=533"}],"curies":[{"name":"wp","href":"https:\/\/api.w.org\/{rel}","templated":true}]}}