{"id":543,"date":"2024-05-11T11:07:52","date_gmt":"2024-05-11T14:07:52","guid":{"rendered":"https:\/\/elfaroonline.com.ar\/?p=543"},"modified":"2024-05-11T11:07:52","modified_gmt":"2024-05-11T14:07:52","slug":"raul-jalil-gestiono-financiamiento-del-cfi-para-el-proyecto-de-pavimentacion-de-ruta-47","status":"publish","type":"post","link":"https:\/\/elfaroonline.com.ar\/index.php\/2024\/05\/11\/raul-jalil-gestiono-financiamiento-del-cfi-para-el-proyecto-de-pavimentacion-de-ruta-47\/","title":{"rendered":"Ra\u00fal Jalil gestion\u00f3 financiamiento del CFI para el proyecto de pavimentaci\u00f3n de Ruta 47"},"content":{"rendered":"<div>\n<p class=\"v1MsoNormal\">Otra de las obras importantes que la Provincia quiere llevar adelante es la conexi\u00f3n de la Ruta Provincial N\u00b047 con el empalme de Ruta Nacional N\u00b040.<\/p>\n<p class=\"v1MsoNormal\">En este contexto, el gobernador Ra\u00fal Jalil durante su encuentro con el secretario general del CFI, Ignacio Lamothe, manifest\u00f3 la necesidad de contar con financiamiento para la elaboraci\u00f3n del Proyecto de la obra b\u00e1sica y pavimentaci\u00f3n de la Ruta Provincial N\u00b047, Tramo Andalgal\u00e1-Empalme RN 40 (Secci\u00f3n: Choya-Empalme RN 40), sobre una longitud de 92 kil\u00f3metros.<\/p>\n<p class=\"v1MsoNormal\">En el proyecto de obra se recopilar\u00e1n y ordenar\u00e1n los antecedentes existentes que sean relevantes, tendr\u00e1 la informaci\u00f3n b\u00e1sica para el proyecto (Geol\u00f3gica, Geot\u00e9cnica, Topogr\u00e1fica, hidrol\u00f3gica), generar\u00e1 una alternativa viable y concreta de la v\u00eda de comunicaci\u00f3n, estudiar\u00e1 el impacto ambiental y social de la obra y confeccionar\u00e1 el proyecto ejecutivo.<\/p>\n<p class=\"v1MsoNormal\">Actualmente, en Ruta Provincial N\u00b047, con fondos propios, el Gobierno provincial est\u00e1 construyendo alcantarillas, badenes, cordones cunetas, en una extensi\u00f3n de 9.800 metros, con un avance del 68% aproximadamente. Asimismo, se planea una nueva geometr\u00eda para asegurar la seguridad de sus habitantes con la construcci\u00f3n de una d\u00e1rsena sobre la Escuela N\u2070235 &#8220;Justo J. Urquiza&#8221; y el ensanchamiento de la calzada en unos 2 metros para cada lado para la futura construcci\u00f3n de bicisendas.<\/p>\n<\/div>\n","protected":false},"excerpt":{"rendered":"<p>Otra de las obras importantes que la Provincia quiere llevar adelante es la conexi\u00f3n de la Ruta Provincial N\u00b047 con el empalme de Ruta Nacional N\u00b040. En este contexto, el gobernador Ra\u00fal Jalil durante su encuentro con el secretario general del CFI, Ignacio Lamothe, manifest\u00f3 la necesidad de contar con financiamiento para la elaboraci\u00f3n del [&hellip;]<\/p>\n","protected":false},"author":2,"featured_media":544,"comment_status":"open","ping_status":"open","sticky":false,"template":"","format":"standard","meta":{"footnotes":""},"categories":[23,21],"tags":[],"class_list":{"0":"post-543","1":"post","2":"type-post","3":"status-publish","4":"format-standard","5":"has-post-thumbnail","7":"category-destacados","8":"category-politica"},"aioseo_notices":[],"_links":{"self":[{"href":"https:\/\/elfaroonline.com.ar\/index.php\/wp-json\/wp\/v2\/posts\/543","targetHints":{"allow":["GET"]}}],"collection":[{"href":"https:\/\/elfaroonline.com.ar\/index.php\/wp-json\/wp\/v2\/posts"}],"about":[{"href":"https:\/\/elfaroonline.com.ar\/index.php\/wp-json\/wp\/v2\/types\/post"}],"author":[{"embeddable":true,"href":"https:\/\/elfaroonline.com.ar\/index.php\/wp-json\/wp\/v2\/users\/2"}],"replies":[{"embeddable":true,"href":"https:\/\/elfaroonline.com.ar\/index.php\/wp-json\/wp\/v2\/comments?post=543"}],"version-history":[{"count":1,"href":"https:\/\/elfaroonline.com.ar\/index.php\/wp-json\/wp\/v2\/posts\/543\/revisions"}],"predecessor-version":[{"id":545,"href":"https:\/\/elfaroonline.com.ar\/index.php\/wp-json\/wp\/v2\/posts\/543\/revisions\/545"}],"wp:featuredmedia":[{"embeddable":true,"href":"https:\/\/elfaroonline.com.ar\/index.php\/wp-json\/wp\/v2\/media\/544"}],"wp:attachment":[{"href":"https:\/\/elfaroonline.com.ar\/index.php\/wp-json\/wp\/v2\/media?parent=543"}],"wp:term":[{"taxonomy":"category","embeddable":true,"href":"https:\/\/elfaroonline.com.ar\/index.php\/wp-json\/wp\/v2\/categories?post=543"},{"taxonomy":"post_tag","embeddable":true,"href":"https:\/\/elfaroonline.com.ar\/index.php\/wp-json\/wp\/v2\/tags?post=543"}],"curies":[{"name":"wp","href":"https:\/\/api.w.org\/{rel}","templated":true}]}}