{"id":546,"date":"2024-05-11T11:14:47","date_gmt":"2024-05-11T14:14:47","guid":{"rendered":"https:\/\/elfaroonline.com.ar\/?p=546"},"modified":"2024-05-11T11:14:47","modified_gmt":"2024-05-11T14:14:47","slug":"caso-maldonado-confirmaron-que-no-hubo-desaparicion-forzada-pero-reabrieron-la-investigacion-y-apartaron-al-juez","status":"publish","type":"post","link":"https:\/\/elfaroonline.com.ar\/index.php\/2024\/05\/11\/caso-maldonado-confirmaron-que-no-hubo-desaparicion-forzada-pero-reabrieron-la-investigacion-y-apartaron-al-juez\/","title":{"rendered":"Caso Maldonado: confirmaron que no hubo desaparici\u00f3n forzada, pero reabrieron la investigaci\u00f3n y apartaron al juez"},"content":{"rendered":"<p class=\"paragraph\">La <b>causa por el caso de Santiago Maldonado volvi\u00f3 este viernes a dar un giro<\/b>: la C\u00e1mara Federal de Comodoro Rivadavia dispuso <b>reabrir por segunda vez la investigaci\u00f3n por la muerte del joven artesano <\/b>que hab\u00eda sido cerrada a fin del a\u00f1o pasado. El tribunal revoc\u00f3 la resoluci\u00f3n que dispuso el archivo del expediente y el sobreseimiento de todos los implicados, dictada en noviembre pasado. Y orden\u00f3 <b>apartar al juez que interven\u00eda, Gustavo Lleral,<\/b> seg\u00fan revelaron a <b>Infobae <\/b>fuentes judiciales<\/p>\n<p class=\"paragraph\">En su fallo, los jueces del tribunal patag\u00f3nico <b>Javier M. Leal de Ibarra y Aldo Su\u00e1rez<\/b>, ordenaron <b>profundizar las medidas de investigaci\u00f3n<\/b>pendientes, pero subrayaron que qued\u00f3 <b>descartada la hip\u00f3tesis de la desaparici\u00f3n forzada de persona, <\/b>que impulsaban las querellas y tal como ya lo hab\u00edan se\u00f1alado en 2018.<\/p>\n<div class=\"inline ad-wrapper amp ad-amp\"><\/div>\n<p class=\"paragraph\">De esta manera, el expediente volver\u00e1 a investigarse pero ahora ser\u00e1 tarea del juez federal de Ushuaia <b>Federico Calvete.<\/b> Ser\u00e1 el tercer magistrado que tenga la causa.<\/p>\n<p class=\"paragraph\">Para la C\u00e1mara Federal, hubo una larga \u201cinactividad\u201d en el expediente y apuntaron a la \u201creticencia\u201d que habr\u00eda demostrado el juez Lleral \u201cen agotar los medios de prueba que ten\u00eda a su alcance\u201d, tal como se le hab\u00eda ordenado en un fallo anterior. \u201cEs necesario agotar las medidas pendientes, se\u00f1alaron las fuentes consultadas.<\/p>\n<div class=\"inline_2 ad-wrapper ad-mobile amp ad-amp\"><\/div>\n<p class=\"paragraph\">\u201cNo nos pasa desapercibido, que el transcurso del tiempo atenta contra el \u00e9xito de las investigaciones, en especial de aquellas con caracter\u00edsticas como la presente; como as\u00ed tampoco desatenderemos el correspondiente derecho con que cuentan las personas imputadas a obtener un pronunciamiento que ponga t\u00e9rmino del modo m\u00e1s r\u00e1pido posible a la situaci\u00f3n de incertidumbre y de innegable restricci\u00f3n que comporta el enjuiciamiento penal, sin que por ello podamos obviar que no se verifica un motivo que haya en autos surgido de \u2018nuevas pruebas\u2019 producidas y que torne innecesaria la continuaci\u00f3n de la instrucci\u00f3n en la direcci\u00f3n adoptada en el a\u00f1o 2019\u2033, advirti\u00f3 el fallo al que accedi\u00f3 <b>Infobae.<\/b><\/p>\n<p class=\"paragraph\">El 1 de agosto de 2017, cerca del mediod\u00eda, la Gendarmer\u00eda Nacional desaloj\u00f3 un corte que la comunidad mapuche \u00abPu Lof en Resistencia\u00bb llevaban adelante sobre la ruta 40. Santiago Maldonado, un mochilero que se encontraba en la comunidad, huy\u00f3 hacia la vegetaci\u00f3n hacia el cruce del r\u00edo Chubut. Desapareci\u00f3. Eran dos semanas antes de la PASO del gobierno de Macri. Hubo marchas y movilizaciones pregunt\u00e1ndose \u201cd\u00f3nde est\u00e1 Santiago\u201d.<\/p>\n<p class=\"paragraph\">El 22 de septiembre de 2017, el juez federal de Esquel Guido Otranto, el primero en recibir el tr\u00e1mite de habeas corpus, fue apartado de la causa a pedido de la querella. Hablaron de temor de parcialidad. Es porque el magistrado hab\u00eda dado una entrevista en donde dijo: \u201cLa hip\u00f3tesis de que se podr\u00eda haber ahogado es una de las opciones que me parecen m\u00e1s razonables, de acuerdo con la interpretaci\u00f3n de las pruebas que estoy realizando (&#8230;). No veo elementos que me permitan sostener que pudo haber sido herido de gravedad por un disparo a corta distancia o una piedra, por uno o m\u00e1s gendarmes\u201d.<\/p>\n<p class=\"paragraph\">El caso qued\u00f3 en manos del juez de Rawson, Gustavo Lleral. El 17 de octubre de 2017, una semana antes de las elecciones generales de medio t\u00e9rmino, fue encontrado el cuerpo de Maldonado, en el r\u00edo Chubut, dentro del Pu Lof, allanado en la jornada de su desaparici\u00f3n. Hab\u00edan pasado 77 d\u00edas sin noticias de su paradero.<\/p>\n<p class=\"paragraph\">La autopsia, que se hizo en Buenos Aires, determin\u00f3 que hab\u00eda muerto por <b>ahogamiento por sumersi\u00f3n en el agua \u201ccoadyuvado por hipotermia<\/b>\u201d, que hab\u00eda permanecido \u201csiempre abajo del agua y no en otro medio\u201d, y se descart\u00f3 la existencia de moretones o traumatismos asociados a una muerte intencional.<\/p>\n<p class=\"paragraph\">En noviembre de 2018, el juez Lleral cerr\u00f3 la causa: <b>dict\u00f3 el sobreseimiento total y definitivo de Emmanuel Echaz\u00fa<\/b>, oficial del Escuadr\u00f3n N\u00b0 35 \u201cEl Bols\u00f3n\u201d de la Gendarmer\u00eda Nacional Argentina, con relaci\u00f3n al delito de desaparici\u00f3n forzada de persona de Santiago Maldonado. Dijo que se trat\u00f3 de una muerte accidental y no pod\u00eda responsabilizarse a nadie.<\/p>\n<p class=\"paragraph\">Pero la familia de la v\u00edctima, junto a cuatro organizaciones de derechos humanos como el Centro de Estudios Legales y Sociales, la Asociaci\u00f3n de Ex Detenidos Desaparecidos y La Asociaci\u00f3n Civil Asamblea Permanente- apelaron. \u201cTodos los recurrentes coincidieron en afirmar que el resolutorio en crisis debe ser revocado, por haber sido dictado sin mediar una investigaci\u00f3n exhaustiva sobre lo ocurrido en la fecha y lugar antes indicados\u201d, se se\u00f1al\u00f3.<\/p>\n<p>En septiembre de 2019, la C\u00e1mara revoc\u00f3 el sobreseimiento: afirm\u00f3 que el cierre de la causa era \u201cprematuro\u201d y, si bien rechaz\u00f3 la hip\u00f3tesis de desaparici\u00f3n forzada, inst\u00f3 a reconstruir los momentos previos a la desaparici\u00f3n. Los jueces apuntaron a la figura de <b>abandono de persona. <\/b>\u201cSe investig\u00f3 una \u00fanica hip\u00f3tesis delictiva (la desaparici\u00f3n forzada de persona) -aqu\u00ed definitivamente descartada-sin que haya sido objeto de valoraci\u00f3n y pronunciamiento alg\u00fan nexo causal entre cualquier omisi\u00f3n del personal de Gendarmer\u00eda o de quienes se introdujeron en el r\u00edo con Santiago Maldonado\u201d, escribieron en aquel momento en su fallo.<\/p>\n<p class=\"paragraph\">El fallo<b> descart\u00f3 el delito de abandono de persona. <\/b>\u201cLa <b>desesperacio\u0301n, la adrenalina y la excitacio\u0301n<\/b> naturalmente provocadas por la hu\u00edda; la profundidad del pozo, el espeso ramaje y rai\u0301ces cruzadas en el fondo; el agua fri\u0301a, helada, humedecio\u0301 su ropa y su calzado hasta llegar a su cuerpo. <b>Esa sumatoria de incidencias contribuyo\u0301 a que se hundiera y a que le fuera imposible flotar, a que ni siquiera pudiera emerger para tomar alguna bocanada de oxi\u0301geno<\/b>. Por la confluencia de esas simples y naturales realidades, inevitables en ese preciso y fati\u0301dico instante de soledad, <b>sus funciones vitales esenciales se paralizaron<\/b>\u201d, describi\u00f3. El cad\u00e1ver, a\u00f1adi\u00f3, qued\u00f3 <b>atrapado<\/b>, enganchado en el ramaje subacua\u0301tico denso, que lo mantuvo inerte y oculto durante el tiempo necesario para que, luego de su descomposicio\u0301n natural interna, superara la presio\u0301n y la fri\u0301a temperatura del agua, hasta que se produjeran los cambios de clima\u201d.<\/p>\n<p class=\"paragraph\">Nuevamente, la querella apel\u00f3. Ese es el fallo que ahora revoc\u00f3 la C\u00e1mara Federal de Comodoro Rivadavia, que implic\u00f3 adem\u00e1s el apartamiento de un nuevo juez. Tras volver a desarrollar las razones que los llevaron a descartar la primera hip\u00f3tesis de desaparici\u00f3n forzada,los jueces Leal de Ibarra y Su\u00e1rez remarcaron la necesidad de agotar las medidas pendientes, para terminar de despejar todos los interrogantes.<\/p>\n","protected":false},"excerpt":{"rendered":"<p>La causa por el caso de Santiago Maldonado volvi\u00f3 este viernes a dar un giro: la C\u00e1mara Federal de Comodoro Rivadavia dispuso reabrir por segunda vez la investigaci\u00f3n por la muerte del joven artesano que hab\u00eda sido cerrada a fin del a\u00f1o pasado. El tribunal revoc\u00f3 la resoluci\u00f3n que dispuso el archivo del expediente y [&hellip;]<\/p>\n","protected":false},"author":2,"featured_media":547,"comment_status":"open","ping_status":"open","sticky":false,"template":"","format":"standard","meta":{"footnotes":""},"categories":[27],"tags":[],"class_list":{"0":"post-546","1":"post","2":"type-post","3":"status-publish","4":"format-standard","5":"has-post-thumbnail","7":"category-policiales"},"aioseo_notices":[],"_links":{"self":[{"href":"https:\/\/elfaroonline.com.ar\/index.php\/wp-json\/wp\/v2\/posts\/546","targetHints":{"allow":["GET"]}}],"collection":[{"href":"https:\/\/elfaroonline.com.ar\/index.php\/wp-json\/wp\/v2\/posts"}],"about":[{"href":"https:\/\/elfaroonline.com.ar\/index.php\/wp-json\/wp\/v2\/types\/post"}],"author":[{"embeddable":true,"href":"https:\/\/elfaroonline.com.ar\/index.php\/wp-json\/wp\/v2\/users\/2"}],"replies":[{"embeddable":true,"href":"https:\/\/elfaroonline.com.ar\/index.php\/wp-json\/wp\/v2\/comments?post=546"}],"version-history":[{"count":1,"href":"https:\/\/elfaroonline.com.ar\/index.php\/wp-json\/wp\/v2\/posts\/546\/revisions"}],"predecessor-version":[{"id":548,"href":"https:\/\/elfaroonline.com.ar\/index.php\/wp-json\/wp\/v2\/posts\/546\/revisions\/548"}],"wp:featuredmedia":[{"embeddable":true,"href":"https:\/\/elfaroonline.com.ar\/index.php\/wp-json\/wp\/v2\/media\/547"}],"wp:attachment":[{"href":"https:\/\/elfaroonline.com.ar\/index.php\/wp-json\/wp\/v2\/media?parent=546"}],"wp:term":[{"taxonomy":"category","embeddable":true,"href":"https:\/\/elfaroonline.com.ar\/index.php\/wp-json\/wp\/v2\/categories?post=546"},{"taxonomy":"post_tag","embeddable":true,"href":"https:\/\/elfaroonline.com.ar\/index.php\/wp-json\/wp\/v2\/tags?post=546"}],"curies":[{"name":"wp","href":"https:\/\/api.w.org\/{rel}","templated":true}]}}