{"id":5462,"date":"2026-04-01T11:31:41","date_gmt":"2026-04-01T14:31:41","guid":{"rendered":"https:\/\/elfaroonline.com.ar\/?p=5462"},"modified":"2026-04-01T11:31:41","modified_gmt":"2026-04-01T14:31:41","slug":"presentaron-al-jurado-del-3o-salon-de-artes-visuales-catamarca-2026","status":"publish","type":"post","link":"https:\/\/elfaroonline.com.ar\/index.php\/2026\/04\/01\/presentaron-al-jurado-del-3o-salon-de-artes-visuales-catamarca-2026\/","title":{"rendered":"Presentaron al jurado del 3\u00ba Sal\u00f3n de Artes Visuales Catamarca 2026"},"content":{"rendered":"<p style=\"text-align: justify;\">En el marco del 3\u00b0 Sal\u00f3n de Artes Visuales de Catamarca 2026, el Ministerio de Cultura, Turismo y Deporte da a conocer a las y los profesionales que integrar\u00e1n el jurado de esta edici\u00f3n, que por primera vez adquiere car\u00e1cter regional al convocar a artistas de todo el NOA.<\/p>\n<p style=\"text-align: justify;\">El comit\u00e9 de selecci\u00f3n estar\u00e1 conformado por destacados referentes del campo art\u00edstico y la gesti\u00f3n cultural del pa\u00eds.<\/p>\n<p style=\"text-align: justify;\"><strong>Marcela Cardillo<\/strong>\u00a0es abogada, maestranda en Derecho y Econom\u00eda por la Universidad Torcuato Di Tella y Master en Arts &amp; Public Policy por la New York University (NYU). Especialista en industrias culturales y creativas, cuenta con m\u00e1s de diez a\u00f1os de experiencia en el dise\u00f1o y gesti\u00f3n de pol\u00edticas p\u00fablicas en Argentina. Se desempe\u00f1\u00f3 como Subsecretaria de Gesti\u00f3n Cultural de la Secretar\u00eda de Cultura de la Naci\u00f3n y como directora ejecutiva del Museo Nacional de Bellas Artes, donde impuls\u00f3 iniciativas innovadoras como \u201cBellos Jueves\u201d, que transform\u00f3 el museo en un espacio de encuentro entre el p\u00fablico y las artes. Actualmente, es jefa del \u00c1rea de Promoci\u00f3n y Desarrollo de Industrias Culturales y Turismo del Consejo Federal de Inversiones.<\/p>\n<p style=\"text-align: justify;\">Por su parte,\u00a0<strong>Raquel Zeitune<\/strong>\u00a0es Licenciada y Profesora en Artes Pl\u00e1sticas por la Universidad Nacional de Tucum\u00e1n (UNT) y cuenta con una Maestr\u00eda en Museolog\u00eda por la misma instituci\u00f3n. Se desempe\u00f1\u00f3 como directora de Artes Visuales del Ente Cultural de Tucum\u00e1n entre 2017 y 2024, y previamente como directora del Museo Provincial de Bellas Artes Timoteo Navarro. Posee una amplia trayectoria en gesti\u00f3n cultural, trabajo con comunidades locales, y ha integrado jurados en salones de artes visuales tanto a nivel local como nacional, adem\u00e1s de brindar asesoramiento en patrimonio art\u00edstico a organismos p\u00fablicos y privados.<\/p>\n<p style=\"text-align: justify;\">Tambi\u00e9n integrar\u00e1 el jurado\u00a0<strong>Tom\u00e1s Enrique Bree<\/strong>\u00a0(Jujuy), Licenciado en Artes Pl\u00e1sticas por la Universidad Nacional de Tucum\u00e1n, artista visual y gestor cultural con m\u00e1s de 15 a\u00f1os de trayectoria en el desarrollo de las artes en el NOA. Ha ocupado roles clave en la Secretar\u00eda de Cultura de Jujuy y en la Municipalidad de San Salvador, donde actualmente se desempe\u00f1a como Coordinador de Pol\u00edticas Socioculturales. Su producci\u00f3n art\u00edstica mantiene una presencia sostenida en salones provinciales, regionales y nacionales, y forma parte de circuitos contempor\u00e1neos, proyect\u00e1ndose tambi\u00e9n en el \u00e1mbito de colecciones privadas.<\/p>\n<p style=\"text-align: justify;\">La participaci\u00f3n de este jurado garantiza una mirada profesional, diversa y federal, acorde al esp\u00edritu de esta edici\u00f3n, que busca posicionar a Catamarca como un punto de encuentro para las artes visuales del Noroeste Argentino.<\/p>\n<p style=\"text-align: justify;\"><strong>\u00daltimos d\u00edas para participar<\/strong><\/p>\n<p style=\"text-align: justify;\">La convocatoria al 3\u00b0 Sal\u00f3n de Artes Visuales de Catamarca 2026 cierra el pr\u00f3ximo 6 de abril. Podr\u00e1n presentarse artistas del NOA mayores de 18 a\u00f1os en las disciplinas de pintura, fotograf\u00eda, grabado, textil, dibujo y escultura, con tem\u00e1tica libre.<\/p>\n<p style=\"text-align: justify;\">El certamen otorgar\u00e1 premios adquisici\u00f3n por casi $5 millones:<\/p>\n<p style=\"text-align: justify;\">1\u00b0 Premio: $1.700.000<\/p>\n<p style=\"text-align: justify;\">2\u00b0 Premio: $1.200.000<\/p>\n<p style=\"text-align: justify;\">3\u00b0 Premio: $1.000.000<\/p>\n<p style=\"text-align: justify;\">y dos menciones adquisici\u00f3n de $500.000 cada una. Las obras premiadas pasar\u00e1n a formar parte del Patrimonio Art\u00edstico Provincial.<\/p>\n<p style=\"text-align: justify;\">La inscripci\u00f3n es online en\u00a0<a href=\"https:\/\/bit.ly\/SalonCatamarca2026\">https:\/\/bit.ly\/SalonCatamarca2026<\/a>\u00a0y el reglamento completo puede consultarse en\u00a0<a href=\"https:\/\/bit.ly\/ReglamentoSalon2026\">https:\/\/bit.ly\/ReglamentoSalon2026<\/a><\/p>\n","protected":false},"excerpt":{"rendered":"<p>En el marco del 3\u00b0 Sal\u00f3n de Artes Visuales de Catamarca 2026, el Ministerio de Cultura, Turismo y Deporte da a conocer a las y los profesionales que integrar\u00e1n el jurado de esta edici\u00f3n, que por primera vez adquiere car\u00e1cter regional al convocar a artistas de todo el NOA. El comit\u00e9 de selecci\u00f3n estar\u00e1 conformado [&hellip;]<\/p>\n","protected":false},"author":2,"featured_media":5463,"comment_status":"open","ping_status":"open","sticky":false,"template":"","format":"standard","meta":{"footnotes":""},"categories":[20],"tags":[],"class_list":{"0":"post-5462","1":"post","2":"type-post","3":"status-publish","4":"format-standard","5":"has-post-thumbnail","7":"category-sociedad"},"aioseo_notices":[],"_links":{"self":[{"href":"https:\/\/elfaroonline.com.ar\/index.php\/wp-json\/wp\/v2\/posts\/5462","targetHints":{"allow":["GET"]}}],"collection":[{"href":"https:\/\/elfaroonline.com.ar\/index.php\/wp-json\/wp\/v2\/posts"}],"about":[{"href":"https:\/\/elfaroonline.com.ar\/index.php\/wp-json\/wp\/v2\/types\/post"}],"author":[{"embeddable":true,"href":"https:\/\/elfaroonline.com.ar\/index.php\/wp-json\/wp\/v2\/users\/2"}],"replies":[{"embeddable":true,"href":"https:\/\/elfaroonline.com.ar\/index.php\/wp-json\/wp\/v2\/comments?post=5462"}],"version-history":[{"count":1,"href":"https:\/\/elfaroonline.com.ar\/index.php\/wp-json\/wp\/v2\/posts\/5462\/revisions"}],"predecessor-version":[{"id":5464,"href":"https:\/\/elfaroonline.com.ar\/index.php\/wp-json\/wp\/v2\/posts\/5462\/revisions\/5464"}],"wp:featuredmedia":[{"embeddable":true,"href":"https:\/\/elfaroonline.com.ar\/index.php\/wp-json\/wp\/v2\/media\/5463"}],"wp:attachment":[{"href":"https:\/\/elfaroonline.com.ar\/index.php\/wp-json\/wp\/v2\/media?parent=5462"}],"wp:term":[{"taxonomy":"category","embeddable":true,"href":"https:\/\/elfaroonline.com.ar\/index.php\/wp-json\/wp\/v2\/categories?post=5462"},{"taxonomy":"post_tag","embeddable":true,"href":"https:\/\/elfaroonline.com.ar\/index.php\/wp-json\/wp\/v2\/tags?post=5462"}],"curies":[{"name":"wp","href":"https:\/\/api.w.org\/{rel}","templated":true}]}}