{"id":553,"date":"2024-05-12T16:11:54","date_gmt":"2024-05-12T19:11:54","guid":{"rendered":"https:\/\/elfaroonline.com.ar\/?p=553"},"modified":"2024-05-12T19:58:29","modified_gmt":"2024-05-12T22:58:29","slug":"tras-una-ardua-negociacion-policias-lograron-que-un-hombre-desistiera-de-hacer-explotar-una-garrafa-de-gas-en-el-sur-de-la-capital","status":"publish","type":"post","link":"https:\/\/elfaroonline.com.ar\/index.php\/2024\/05\/12\/tras-una-ardua-negociacion-policias-lograron-que-un-hombre-desistiera-de-hacer-explotar-una-garrafa-de-gas-en-el-sur-de-la-capital\/","title":{"rendered":"Tras una ardua negociaci\u00f3n polic\u00edas lograron que un hombre desistiera de hacer explotar una garrafa de gas en el Sur de la Capital"},"content":{"rendered":"<p class=\"v1MsoNormal\">En la ma\u00f1ana de hoy, a las <b>11:20<\/b>, mientras efectivos de la <b>Comisar\u00eda Segunda<\/b>, en colaboraci\u00f3n de sus pares de la <b>Seccional D\u00e9cima<\/b>, que por jurisdicci\u00f3n corresponde, acompa\u00f1aban a la Delegada de la Unidad de Violencia Familiar y de G\u00e9nero a cumplimentar una medida de exclusi\u00f3n de hogar en el pasaje Cristo Rey al 1.100, un hombre de 39 a\u00f1os de edad se habr\u00eda tornado violento intentando resistir el accionar de la Justicia, para luego amenazar con prender fuego una garrafa de gas.<\/p>\n<p class=\"v1MsoNormal\">Ante lo sucedido y luego de una ardua negociaci\u00f3n, numerarios de las dependencias policiales mencionadas, lograron que esta persona desistiera de su accionar, por lo que finalmente solicitaron la presencia de profesionales m\u00e9dicos del SAME, quienes lo trasladaron al sector de Salud Mental del Hospital San Juan Bautista, labr\u00e1ndose las actuaciones correspondientes, bajo las directivas de la Fiscal\u00eda de Instrucci\u00f3n del Distrito Sur.<\/p>\n","protected":false},"excerpt":{"rendered":"<p>En la ma\u00f1ana de hoy, a las 11:20, mientras efectivos de la Comisar\u00eda Segunda, en colaboraci\u00f3n de sus pares de la Seccional D\u00e9cima, que por jurisdicci\u00f3n corresponde, acompa\u00f1aban a la Delegada de la Unidad de Violencia Familiar y de G\u00e9nero a cumplimentar una medida de exclusi\u00f3n de hogar en el pasaje Cristo Rey al 1.100, [&hellip;]<\/p>\n","protected":false},"author":2,"featured_media":554,"comment_status":"open","ping_status":"open","sticky":false,"template":"","format":"standard","meta":{"footnotes":""},"categories":[23,27],"tags":[],"class_list":{"0":"post-553","1":"post","2":"type-post","3":"status-publish","4":"format-standard","5":"has-post-thumbnail","7":"category-destacados","8":"category-policiales"},"aioseo_notices":[],"_links":{"self":[{"href":"https:\/\/elfaroonline.com.ar\/index.php\/wp-json\/wp\/v2\/posts\/553","targetHints":{"allow":["GET"]}}],"collection":[{"href":"https:\/\/elfaroonline.com.ar\/index.php\/wp-json\/wp\/v2\/posts"}],"about":[{"href":"https:\/\/elfaroonline.com.ar\/index.php\/wp-json\/wp\/v2\/types\/post"}],"author":[{"embeddable":true,"href":"https:\/\/elfaroonline.com.ar\/index.php\/wp-json\/wp\/v2\/users\/2"}],"replies":[{"embeddable":true,"href":"https:\/\/elfaroonline.com.ar\/index.php\/wp-json\/wp\/v2\/comments?post=553"}],"version-history":[{"count":1,"href":"https:\/\/elfaroonline.com.ar\/index.php\/wp-json\/wp\/v2\/posts\/553\/revisions"}],"predecessor-version":[{"id":555,"href":"https:\/\/elfaroonline.com.ar\/index.php\/wp-json\/wp\/v2\/posts\/553\/revisions\/555"}],"wp:featuredmedia":[{"embeddable":true,"href":"https:\/\/elfaroonline.com.ar\/index.php\/wp-json\/wp\/v2\/media\/554"}],"wp:attachment":[{"href":"https:\/\/elfaroonline.com.ar\/index.php\/wp-json\/wp\/v2\/media?parent=553"}],"wp:term":[{"taxonomy":"category","embeddable":true,"href":"https:\/\/elfaroonline.com.ar\/index.php\/wp-json\/wp\/v2\/categories?post=553"},{"taxonomy":"post_tag","embeddable":true,"href":"https:\/\/elfaroonline.com.ar\/index.php\/wp-json\/wp\/v2\/tags?post=553"}],"curies":[{"name":"wp","href":"https:\/\/api.w.org\/{rel}","templated":true}]}}