{"id":5546,"date":"2026-04-09T08:28:09","date_gmt":"2026-04-09T11:28:09","guid":{"rendered":"https:\/\/elfaroonline.com.ar\/?p=5546"},"modified":"2026-04-09T09:52:33","modified_gmt":"2026-04-09T12:52:33","slug":"la-capital-extiende-hasta-el-30-de-abril-el-pago-anual-de-tasas-con-importantes-descuentos","status":"publish","type":"post","link":"https:\/\/elfaroonline.com.ar\/index.php\/2026\/04\/09\/la-capital-extiende-hasta-el-30-de-abril-el-pago-anual-de-tasas-con-importantes-descuentos\/","title":{"rendered":"La Capital extiende hasta el 30 de abril el Pago Anual de Tasas con importantes descuentos"},"content":{"rendered":"<p dir=\"ltr\" style=\"text-align: justify;\">La Municipalidad de la Capital informa a los vecinos que se ha extendido el plazo para el pago anual de la\u00a0Tasa de Servicios Urbanos (Inmuebles)\u00a0y de\u00a0Cementerio. Los contribuyentes tendr\u00e1n tiempo ahora hasta el pr\u00f3ximo\u00a0jueves 30 de abril de 2026\u00a0para regularizar su situaci\u00f3n y acceder a los beneficios vigentes.<\/p>\n<p dir=\"ltr\" style=\"text-align: justify;\">Con el objetivo de incentivar el cumplimiento y aliviar el bolsillo de los vecinos, se ofrecen las siguientes bonificaciones:<\/p>\n<ul style=\"text-align: justify;\">\n<li dir=\"ltr\">\n<p dir=\"ltr\" role=\"presentation\">15% de descuento: Para quienes realicen el pago anual de las tasas 2026.<\/p>\n<\/li>\n<li dir=\"ltr\">\n<p dir=\"ltr\" role=\"presentation\">10% de descuento: Aplicable para la cancelaci\u00f3n total de deudas acumuladas de a\u00f1os anteriores en todas las tasas municipales.<\/p>\n<\/li>\n<\/ul>\n<p dir=\"ltr\" style=\"text-align: justify;\">Para facilitar el tr\u00e1mite sin necesidad de traslados, quienes abonen a trav\u00e9s del portal oficial de Rentas podr\u00e1n hacerlo en\u00a06 cuotas sin inter\u00e9s\u00a0con tarjetas Nativa, Visa y MasterCard de entidades bancarias seleccionadas.<\/p>\n<p dir=\"ltr\" style=\"text-align: justify;\">Se recuerda que el cumplimiento de estas obligaciones permite al municipio continuar mejorando los servicios p\u00fablicos y el mantenimiento de la infraestructura urbana de la ciudad.<\/p>\n","protected":false},"excerpt":{"rendered":"<p>La Municipalidad de la Capital informa a los vecinos que se ha extendido el plazo para el pago anual de la\u00a0Tasa de Servicios Urbanos (Inmuebles)\u00a0y de\u00a0Cementerio. Los contribuyentes tendr\u00e1n tiempo ahora hasta el pr\u00f3ximo\u00a0jueves 30 de abril de 2026\u00a0para regularizar su situaci\u00f3n y acceder a los beneficios vigentes. Con el objetivo de incentivar el cumplimiento [&hellip;]<\/p>\n","protected":false},"author":2,"featured_media":5547,"comment_status":"open","ping_status":"open","sticky":false,"template":"","format":"standard","meta":{"footnotes":""},"categories":[20],"tags":[75,141,272,271],"class_list":{"0":"post-5546","1":"post","2":"type-post","3":"status-publish","4":"format-standard","5":"has-post-thumbnail","7":"category-sociedad","8":"tag-capital","9":"tag-pagos","10":"tag-rentas","11":"tag-tasas"},"aioseo_notices":[],"_links":{"self":[{"href":"https:\/\/elfaroonline.com.ar\/index.php\/wp-json\/wp\/v2\/posts\/5546","targetHints":{"allow":["GET"]}}],"collection":[{"href":"https:\/\/elfaroonline.com.ar\/index.php\/wp-json\/wp\/v2\/posts"}],"about":[{"href":"https:\/\/elfaroonline.com.ar\/index.php\/wp-json\/wp\/v2\/types\/post"}],"author":[{"embeddable":true,"href":"https:\/\/elfaroonline.com.ar\/index.php\/wp-json\/wp\/v2\/users\/2"}],"replies":[{"embeddable":true,"href":"https:\/\/elfaroonline.com.ar\/index.php\/wp-json\/wp\/v2\/comments?post=5546"}],"version-history":[{"count":1,"href":"https:\/\/elfaroonline.com.ar\/index.php\/wp-json\/wp\/v2\/posts\/5546\/revisions"}],"predecessor-version":[{"id":5548,"href":"https:\/\/elfaroonline.com.ar\/index.php\/wp-json\/wp\/v2\/posts\/5546\/revisions\/5548"}],"wp:featuredmedia":[{"embeddable":true,"href":"https:\/\/elfaroonline.com.ar\/index.php\/wp-json\/wp\/v2\/media\/5547"}],"wp:attachment":[{"href":"https:\/\/elfaroonline.com.ar\/index.php\/wp-json\/wp\/v2\/media?parent=5546"}],"wp:term":[{"taxonomy":"category","embeddable":true,"href":"https:\/\/elfaroonline.com.ar\/index.php\/wp-json\/wp\/v2\/categories?post=5546"},{"taxonomy":"post_tag","embeddable":true,"href":"https:\/\/elfaroonline.com.ar\/index.php\/wp-json\/wp\/v2\/tags?post=5546"}],"curies":[{"name":"wp","href":"https:\/\/api.w.org\/{rel}","templated":true}]}}