{"id":5552,"date":"2026-04-09T09:01:25","date_gmt":"2026-04-09T12:01:25","guid":{"rendered":"https:\/\/elfaroonline.com.ar\/?p=5552"},"modified":"2026-04-09T09:01:25","modified_gmt":"2026-04-09T12:01:25","slug":"heroes-de-azul-policias-salvaron-a-un-bebe-de-un-mes-en-el-sur-de-la-capital","status":"publish","type":"post","link":"https:\/\/elfaroonline.com.ar\/index.php\/2026\/04\/09\/heroes-de-azul-policias-salvaron-a-un-bebe-de-un-mes-en-el-sur-de-la-capital\/","title":{"rendered":"H\u00e9roes de azul: Polic\u00edas salvaron a un beb\u00e9 de un mes en el sur de la Capital"},"content":{"rendered":"<p style=\"text-align: justify;\" data-path-to-node=\"1\">En una tarde que pas\u00f3 del drama a la esperanza, efectivos del <b data-path-to-node=\"1\" data-index-in-node=\"62\">Grupo de Intervenci\u00f3n R\u00e1pida (GIR Sur)<\/b> se convirtieron en protagonistas de un rescate heroico al salvarle la vida a un reci\u00e9n nacido que no pod\u00eda respirar.<\/p>\n<h3 style=\"text-align: justify;\" data-path-to-node=\"3\">Un pedido de auxilio desesperado<\/h3>\n<p style=\"text-align: justify;\" data-path-to-node=\"4\">El episodio tuvo lugar hoy, minutos despu\u00e9s de las <b data-path-to-node=\"4\" data-index-in-node=\"51\">15:30<\/b>, en la base operativa del GIR Sur ubicada en el <b data-path-to-node=\"4\" data-index-in-node=\"105\">barrio Villa Eumelia<\/b>. La calma de la dependencia se vio interrumpida cuando una mujer de 39 a\u00f1os ingres\u00f3 pidiendo auxilio a gritos: en sus brazos llevaba a su peque\u00f1o hijo de apenas <b data-path-to-node=\"4\" data-index-in-node=\"287\">un mes de vida<\/b>, quien aparentemente se hab\u00eda broncoaspirado y no lograba reaccionar.<\/p>\n<h3 style=\"text-align: justify;\" data-path-to-node=\"5\">Acci\u00f3n inmediata y maniobras de vida<\/h3>\n<p style=\"text-align: justify;\" data-path-to-node=\"6\">Al notar que el beb\u00e9 presentaba las v\u00edas respiratorias obstruidas y signos vitales casi imperceptibles, los <b data-path-to-node=\"6\" data-index-in-node=\"108\">Oficiales Ayudantes Lucas de La Pe\u00f1a y Carlos Yubel<\/b> actuaron sin dudarlo. Aplicando sus conocimientos en primeros auxilios, iniciaron las <b data-path-to-node=\"6\" data-index-in-node=\"246\">maniobras de Heimlich<\/b> adaptadas para lactantes.<\/p>\n<p style=\"text-align: justify;\" data-path-to-node=\"7\">Tras momentos de extrema tensi\u00f3n, el peque\u00f1o logr\u00f3 reaccionar a los est\u00edmulos y estabilizar su respiraci\u00f3n ante el alivio de su madre y el personal presente.<\/p>\n<h3 style=\"text-align: justify;\" data-path-to-node=\"9\">Traslado de urgencia<\/h3>\n<p style=\"text-align: justify;\" data-path-to-node=\"10\">Una vez estabilizado, los uniformados no perdieron tiempo:<\/p>\n<ol style=\"text-align: justify;\" start=\"1\" data-path-to-node=\"11\">\n<li>\n<p data-path-to-node=\"11,0,0\">Subieron al binomio madre e hijo a la <b data-path-to-node=\"11,0,0\" data-index-in-node=\"38\">unidad m\u00f3vil<\/b>.<\/p>\n<\/li>\n<li>\n<p data-path-to-node=\"11,1,0\">Realizaron un traslado de urgencia hacia el <b data-path-to-node=\"11,1,0\" data-index-in-node=\"44\">Mini Hospital Carlos Bravo<\/b>.<\/p>\n<\/li>\n<li>\n<p data-path-to-node=\"11,2,0\">Tras recibir una primera asistencia m\u00e9dica, el beb\u00e9 fue derivado al <b data-path-to-node=\"11,2,0\" data-index-in-node=\"68\">Hospital de Ni\u00f1os Eva Per\u00f3n<\/b>.<\/p>\n<\/li>\n<\/ol>\n<p style=\"text-align: justify;\" data-path-to-node=\"12,0\"><b data-path-to-node=\"12,0\" data-index-in-node=\"0\">Estado actual:<\/b> Seg\u00fan el \u00faltimo reporte m\u00e9dico, el ni\u00f1o se encuentra internado en observaci\u00f3n y, afortunadamente, <b data-path-to-node=\"12,0\" data-index-in-node=\"113\">fuera de peligro<\/b>.<\/p>\n<p style=\"text-align: justify;\" data-path-to-node=\"13\">Este hecho destaca una vez m\u00e1s la importancia de la capacitaci\u00f3n en <b data-path-to-node=\"13\" data-index-in-node=\"68\">RCP y primeros auxilios<\/b> por parte de las fuerzas de seguridad, cuya r\u00e1pida respuesta fue la diferencia entre la tragedia y un final feliz.<\/p>\n","protected":false},"excerpt":{"rendered":"<p>En una tarde que pas\u00f3 del drama a la esperanza, efectivos del Grupo de Intervenci\u00f3n R\u00e1pida (GIR Sur) se convirtieron en protagonistas de un rescate heroico al salvarle la vida a un reci\u00e9n nacido que no pod\u00eda respirar. Un pedido de auxilio desesperado El episodio tuvo lugar hoy, minutos despu\u00e9s de las 15:30, en la [&hellip;]<\/p>\n","protected":false},"author":2,"featured_media":5553,"comment_status":"open","ping_status":"open","sticky":false,"template":"","format":"standard","meta":{"footnotes":""},"categories":[27],"tags":[275],"class_list":{"0":"post-5552","1":"post","2":"type-post","3":"status-publish","4":"format-standard","5":"has-post-thumbnail","7":"category-policiales","8":"tag-policias"},"aioseo_notices":[],"aioseo_head":"\n\t\t<!-- All in One SEO 5.0.0.1 - aioseo.com -->\n\t<meta name=\"description\" content=\"En una tarde que pas\u00f3 del drama a la esperanza, efectivos del Grupo de Intervenci\u00f3n R\u00e1pida (GIR Sur) se convirtieron en protagonistas de un rescate heroico al salvarle la vida a un reci\u00e9n nacido que no pod\u00eda respirar. Un pedido de auxilio desesperado El episodio tuvo lugar hoy, minutos despu\u00e9s de las 15:30, en la\" \/>\n\t<meta name=\"robots\" content=\"max-image-preview:large\" \/>\n\t<meta name=\"author\" content=\"El Faro Online\"\/>\n\t<link rel=\"canonical\" href=\"https:\/\/elfaroonline.com.ar\/index.php\/2026\/04\/09\/heroes-de-azul-policias-salvaron-a-un-bebe-de-un-mes-en-el-sur-de-la-capital\/\" \/>\n\t<meta name=\"generator\" content=\"All in One SEO (AIOSEO) 5.0.0.1\" \/>\n\t\t<meta property=\"og:locale\" content=\"es_ES\" \/>\n\t\t<meta property=\"og:site_name\" content=\"elfaroonline.com.ar -\" \/>\n\t\t<meta property=\"og:type\" content=\"article\" \/>\n\t\t<meta property=\"og:title\" content=\"H\u00e9roes de azul: Polic\u00edas salvaron a un beb\u00e9 de un mes en el sur de la Capital\" \/>\n\t\t<meta property=\"og:description\" content=\"En una tarde que pas\u00f3 del drama a la esperanza, efectivos del Grupo de Intervenci\u00f3n R\u00e1pida (GIR Sur) se convirtieron en protagonistas de un rescate heroico al salvarle la vida a un reci\u00e9n nacido que no pod\u00eda respirar. Un pedido de auxilio desesperado El episodio tuvo lugar hoy, minutos despu\u00e9s de las 15:30, en la\" \/>\n\t\t<meta property=\"og:url\" content=\"https:\/\/elfaroonline.com.ar\/index.php\/2026\/04\/09\/heroes-de-azul-policias-salvaron-a-un-bebe-de-un-mes-en-el-sur-de-la-capital\/\" \/>\n\t\t<meta property=\"article:published_time\" content=\"2026-04-09T12:01:25+00:00\" \/>\n\t\t<meta property=\"article:modified_time\" content=\"2026-04-09T12:01:25+00:00\" \/>\n\t\t<meta name=\"twitter:card\" content=\"summary_large_image\" \/>\n\t\t<meta name=\"twitter:title\" content=\"H\u00e9roes de azul: Polic\u00edas salvaron a un beb\u00e9 de un mes en el sur de la Capital\" \/>\n\t\t<meta name=\"twitter:description\" content=\"En una tarde que pas\u00f3 del drama a la esperanza, efectivos del Grupo de Intervenci\u00f3n R\u00e1pida (GIR Sur) se convirtieron en protagonistas de un rescate heroico al salvarle la vida a un reci\u00e9n nacido que no pod\u00eda respirar. Un pedido de auxilio desesperado El episodio tuvo lugar hoy, minutos despu\u00e9s de las 15:30, en la\" \/>\n\t\t<script type=\"application\/ld+json\" class=\"aioseo-schema\">\n\t\t\t{\"@context\":\"https:\\\/\\\/schema.org\",\"@graph\":[{\"@type\":\"BlogPosting\",\"@id\":\"https:\\\/\\\/elfaroonline.com.ar\\\/index.php\\\/2026\\\/04\\\/09\\\/heroes-de-azul-policias-salvaron-a-un-bebe-de-un-mes-en-el-sur-de-la-capital\\\/#blogposting\",\"name\":\"H\\u00e9roes de azul: Polic\\u00edas salvaron a un beb\\u00e9 de un mes en el sur de la Capital\",\"headline\":\"H\\u00e9roes de azul: Polic\\u00edas salvaron a un beb\\u00e9 de un mes en el sur de la Capital\",\"author\":{\"@id\":\"https:\\\/\\\/elfaroonline.com.ar\\\/index.php\\\/author\\\/elfaro\\\/#author\"},\"publisher\":{\"@id\":\"https:\\\/\\\/elfaroonline.com.ar\\\/#organization\"},\"image\":{\"@type\":\"ImageObject\",\"url\":\"https:\\\/\\\/elfaroonline.com.ar\\\/wp-content\\\/uploads\\\/2026\\\/04\\\/GIR-Sur.jpg-e1775736065955.jpeg\",\"width\":2202,\"height\":1217},\"datePublished\":\"2026-04-09T09:01:25-03:00\",\"dateModified\":\"2026-04-09T09:01:25-03:00\",\"inLanguage\":\"es-AR\",\"mainEntityOfPage\":{\"@id\":\"https:\\\/\\\/elfaroonline.com.ar\\\/index.php\\\/2026\\\/04\\\/09\\\/heroes-de-azul-policias-salvaron-a-un-bebe-de-un-mes-en-el-sur-de-la-capital\\\/#webpage\"},\"isPartOf\":{\"@id\":\"https:\\\/\\\/elfaroonline.com.ar\\\/index.php\\\/2026\\\/04\\\/09\\\/heroes-de-azul-policias-salvaron-a-un-bebe-de-un-mes-en-el-sur-de-la-capital\\\/#webpage\"},\"articleSection\":\"Policiales, polic\\u00edas\"},{\"@type\":\"BreadcrumbList\",\"@id\":\"https:\\\/\\\/elfaroonline.com.ar\\\/index.php\\\/2026\\\/04\\\/09\\\/heroes-de-azul-policias-salvaron-a-un-bebe-de-un-mes-en-el-sur-de-la-capital\\\/#breadcrumblist\",\"itemListElement\":[{\"@type\":\"ListItem\",\"@id\":\"https:\\\/\\\/elfaroonline.com.ar#listItem\",\"position\":1,\"name\":\"Home\",\"item\":\"https:\\\/\\\/elfaroonline.com.ar\",\"nextItem\":{\"@type\":\"ListItem\",\"@id\":\"https:\\\/\\\/elfaroonline.com.ar\\\/index.php\\\/category\\\/policiales\\\/#listItem\",\"name\":\"Policiales\"}},{\"@type\":\"ListItem\",\"@id\":\"https:\\\/\\\/elfaroonline.com.ar\\\/index.php\\\/category\\\/policiales\\\/#listItem\",\"position\":2,\"name\":\"Policiales\",\"item\":\"https:\\\/\\\/elfaroonline.com.ar\\\/index.php\\\/category\\\/policiales\\\/\",\"nextItem\":{\"@type\":\"ListItem\",\"@id\":\"https:\\\/\\\/elfaroonline.com.ar\\\/index.php\\\/2026\\\/04\\\/09\\\/heroes-de-azul-policias-salvaron-a-un-bebe-de-un-mes-en-el-sur-de-la-capital\\\/#listItem\",\"name\":\"H\\u00e9roes de azul: Polic\\u00edas salvaron a un beb\\u00e9 de un mes en el sur de la Capital\"},\"previousItem\":{\"@type\":\"ListItem\",\"@id\":\"https:\\\/\\\/elfaroonline.com.ar#listItem\",\"name\":\"Home\"}},{\"@type\":\"ListItem\",\"@id\":\"https:\\\/\\\/elfaroonline.com.ar\\\/index.php\\\/2026\\\/04\\\/09\\\/heroes-de-azul-policias-salvaron-a-un-bebe-de-un-mes-en-el-sur-de-la-capital\\\/#listItem\",\"position\":3,\"name\":\"H\\u00e9roes de azul: Polic\\u00edas salvaron a un beb\\u00e9 de un mes en el sur de la Capital\",\"previousItem\":{\"@type\":\"ListItem\",\"@id\":\"https:\\\/\\\/elfaroonline.com.ar\\\/index.php\\\/category\\\/policiales\\\/#listItem\",\"name\":\"Policiales\"}}]},{\"@type\":\"Organization\",\"@id\":\"https:\\\/\\\/elfaroonline.com.ar\\\/#organization\",\"name\":\"elfaroonline.com.ar\",\"url\":\"https:\\\/\\\/elfaroonline.com.ar\\\/\"},{\"@type\":\"Person\",\"@id\":\"https:\\\/\\\/elfaroonline.com.ar\\\/index.php\\\/author\\\/elfaro\\\/#author\",\"url\":\"https:\\\/\\\/elfaroonline.com.ar\\\/index.php\\\/author\\\/elfaro\\\/\",\"name\":\"El Faro Online\",\"image\":{\"@type\":\"ImageObject\",\"@id\":\"https:\\\/\\\/elfaroonline.com.ar\\\/index.php\\\/2026\\\/04\\\/09\\\/heroes-de-azul-policias-salvaron-a-un-bebe-de-un-mes-en-el-sur-de-la-capital\\\/#authorImage\",\"url\":\"https:\\\/\\\/secure.gravatar.com\\\/avatar\\\/97dc46c3711deda1040382679fc31e66bb0f67b30b6dec3feea788d18888f5f7?s=96&d=mm&r=g\",\"width\":96,\"height\":96,\"caption\":\"El Faro Online\"}},{\"@type\":\"WebPage\",\"@id\":\"https:\\\/\\\/elfaroonline.com.ar\\\/index.php\\\/2026\\\/04\\\/09\\\/heroes-de-azul-policias-salvaron-a-un-bebe-de-un-mes-en-el-sur-de-la-capital\\\/#webpage\",\"url\":\"https:\\\/\\\/elfaroonline.com.ar\\\/index.php\\\/2026\\\/04\\\/09\\\/heroes-de-azul-policias-salvaron-a-un-bebe-de-un-mes-en-el-sur-de-la-capital\\\/\",\"name\":\"H\\u00e9roes de azul: Polic\\u00edas salvaron a un beb\\u00e9 de un mes en el sur de la Capital\",\"description\":\"En una tarde que pas\\u00f3 del drama a la esperanza, efectivos del Grupo de Intervenci\\u00f3n R\\u00e1pida (GIR Sur) se convirtieron en protagonistas de un rescate heroico al salvarle la vida a un reci\\u00e9n nacido que no pod\\u00eda respirar. Un pedido de auxilio desesperado El episodio tuvo lugar hoy, minutos despu\\u00e9s de las 15:30, en la\",\"inLanguage\":\"es-AR\",\"isPartOf\":{\"@id\":\"https:\\\/\\\/elfaroonline.com.ar\\\/#website\"},\"breadcrumb\":{\"@id\":\"https:\\\/\\\/elfaroonline.com.ar\\\/index.php\\\/2026\\\/04\\\/09\\\/heroes-de-azul-policias-salvaron-a-un-bebe-de-un-mes-en-el-sur-de-la-capital\\\/#breadcrumblist\"},\"author\":{\"@id\":\"https:\\\/\\\/elfaroonline.com.ar\\\/index.php\\\/author\\\/elfaro\\\/#author\"},\"creator\":{\"@id\":\"https:\\\/\\\/elfaroonline.com.ar\\\/index.php\\\/author\\\/elfaro\\\/#author\"},\"image\":{\"@type\":\"ImageObject\",\"url\":\"https:\\\/\\\/elfaroonline.com.ar\\\/wp-content\\\/uploads\\\/2026\\\/04\\\/GIR-Sur.jpg-e1775736065955.jpeg\",\"@id\":\"https:\\\/\\\/elfaroonline.com.ar\\\/index.php\\\/2026\\\/04\\\/09\\\/heroes-de-azul-policias-salvaron-a-un-bebe-de-un-mes-en-el-sur-de-la-capital\\\/#mainImage\",\"width\":2202,\"height\":1217},\"primaryImageOfPage\":{\"@id\":\"https:\\\/\\\/elfaroonline.com.ar\\\/index.php\\\/2026\\\/04\\\/09\\\/heroes-de-azul-policias-salvaron-a-un-bebe-de-un-mes-en-el-sur-de-la-capital\\\/#mainImage\"},\"datePublished\":\"2026-04-09T09:01:25-03:00\",\"dateModified\":\"2026-04-09T09:01:25-03:00\"},{\"@type\":\"WebSite\",\"@id\":\"https:\\\/\\\/elfaroonline.com.ar\\\/#website\",\"url\":\"https:\\\/\\\/elfaroonline.com.ar\\\/\",\"name\":\"elfaroonline.com.ar\",\"inLanguage\":\"es-AR\",\"publisher\":{\"@id\":\"https:\\\/\\\/elfaroonline.com.ar\\\/#organization\"}}]}\n\t\t<\/script>\n\t\t<!-- All in One SEO -->\n\n","aioseo_head_json":{"title":"H\u00e9roes de azul: Polic\u00edas salvaron a un beb\u00e9 de un mes en el sur de la Capital","description":"En una tarde que pas\u00f3 del drama a la esperanza, efectivos del Grupo de Intervenci\u00f3n R\u00e1pida (GIR Sur) se convirtieron en protagonistas de un rescate heroico al salvarle la vida a un reci\u00e9n nacido que no pod\u00eda respirar. Un pedido de auxilio desesperado El episodio tuvo lugar hoy, minutos despu\u00e9s de las 15:30, en la","canonical_url":"https:\/\/elfaroonline.com.ar\/index.php\/2026\/04\/09\/heroes-de-azul-policias-salvaron-a-un-bebe-de-un-mes-en-el-sur-de-la-capital\/","robots":"max-image-preview:large","keywords":"","webmasterTools":{"miscellaneous":""},"schema":{"@context":"https:\/\/schema.org","@graph":[{"@type":"BlogPosting","@id":"https:\/\/elfaroonline.com.ar\/index.php\/2026\/04\/09\/heroes-de-azul-policias-salvaron-a-un-bebe-de-un-mes-en-el-sur-de-la-capital\/#blogposting","name":"H\u00e9roes de azul: Polic\u00edas salvaron a un beb\u00e9 de un mes en el sur de la Capital","headline":"H\u00e9roes de azul: Polic\u00edas salvaron a un beb\u00e9 de un mes en el sur de la Capital","author":{"@id":"https:\/\/elfaroonline.com.ar\/index.php\/author\/elfaro\/#author"},"publisher":{"@id":"https:\/\/elfaroonline.com.ar\/#organization"},"image":{"@type":"ImageObject","url":"https:\/\/elfaroonline.com.ar\/wp-content\/uploads\/2026\/04\/GIR-Sur.jpg-e1775736065955.jpeg","width":2202,"height":1217},"datePublished":"2026-04-09T09:01:25-03:00","dateModified":"2026-04-09T09:01:25-03:00","inLanguage":"es-AR","mainEntityOfPage":{"@id":"https:\/\/elfaroonline.com.ar\/index.php\/2026\/04\/09\/heroes-de-azul-policias-salvaron-a-un-bebe-de-un-mes-en-el-sur-de-la-capital\/#webpage"},"isPartOf":{"@id":"https:\/\/elfaroonline.com.ar\/index.php\/2026\/04\/09\/heroes-de-azul-policias-salvaron-a-un-bebe-de-un-mes-en-el-sur-de-la-capital\/#webpage"},"articleSection":"Policiales, polic\u00edas"},{"@type":"BreadcrumbList","@id":"https:\/\/elfaroonline.com.ar\/index.php\/2026\/04\/09\/heroes-de-azul-policias-salvaron-a-un-bebe-de-un-mes-en-el-sur-de-la-capital\/#breadcrumblist","itemListElement":[{"@type":"ListItem","@id":"https:\/\/elfaroonline.com.ar#listItem","position":1,"name":"Home","item":"https:\/\/elfaroonline.com.ar","nextItem":{"@type":"ListItem","@id":"https:\/\/elfaroonline.com.ar\/index.php\/category\/policiales\/#listItem","name":"Policiales"}},{"@type":"ListItem","@id":"https:\/\/elfaroonline.com.ar\/index.php\/category\/policiales\/#listItem","position":2,"name":"Policiales","item":"https:\/\/elfaroonline.com.ar\/index.php\/category\/policiales\/","nextItem":{"@type":"ListItem","@id":"https:\/\/elfaroonline.com.ar\/index.php\/2026\/04\/09\/heroes-de-azul-policias-salvaron-a-un-bebe-de-un-mes-en-el-sur-de-la-capital\/#listItem","name":"H\u00e9roes de azul: Polic\u00edas salvaron a un beb\u00e9 de un mes en el sur de la Capital"},"previousItem":{"@type":"ListItem","@id":"https:\/\/elfaroonline.com.ar#listItem","name":"Home"}},{"@type":"ListItem","@id":"https:\/\/elfaroonline.com.ar\/index.php\/2026\/04\/09\/heroes-de-azul-policias-salvaron-a-un-bebe-de-un-mes-en-el-sur-de-la-capital\/#listItem","position":3,"name":"H\u00e9roes de azul: Polic\u00edas salvaron a un beb\u00e9 de un mes en el sur de la Capital","previousItem":{"@type":"ListItem","@id":"https:\/\/elfaroonline.com.ar\/index.php\/category\/policiales\/#listItem","name":"Policiales"}}]},{"@type":"Organization","@id":"https:\/\/elfaroonline.com.ar\/#organization","name":"elfaroonline.com.ar","url":"https:\/\/elfaroonline.com.ar\/"},{"@type":"Person","@id":"https:\/\/elfaroonline.com.ar\/index.php\/author\/elfaro\/#author","url":"https:\/\/elfaroonline.com.ar\/index.php\/author\/elfaro\/","name":"El Faro Online","image":{"@type":"ImageObject","@id":"https:\/\/elfaroonline.com.ar\/index.php\/2026\/04\/09\/heroes-de-azul-policias-salvaron-a-un-bebe-de-un-mes-en-el-sur-de-la-capital\/#authorImage","url":"https:\/\/secure.gravatar.com\/avatar\/97dc46c3711deda1040382679fc31e66bb0f67b30b6dec3feea788d18888f5f7?s=96&d=mm&r=g","width":96,"height":96,"caption":"El Faro Online"}},{"@type":"WebPage","@id":"https:\/\/elfaroonline.com.ar\/index.php\/2026\/04\/09\/heroes-de-azul-policias-salvaron-a-un-bebe-de-un-mes-en-el-sur-de-la-capital\/#webpage","url":"https:\/\/elfaroonline.com.ar\/index.php\/2026\/04\/09\/heroes-de-azul-policias-salvaron-a-un-bebe-de-un-mes-en-el-sur-de-la-capital\/","name":"H\u00e9roes de azul: Polic\u00edas salvaron a un beb\u00e9 de un mes en el sur de la Capital","description":"En una tarde que pas\u00f3 del drama a la esperanza, efectivos del Grupo de Intervenci\u00f3n R\u00e1pida (GIR Sur) se convirtieron en protagonistas de un rescate heroico al salvarle la vida a un reci\u00e9n nacido que no pod\u00eda respirar. Un pedido de auxilio desesperado El episodio tuvo lugar hoy, minutos despu\u00e9s de las 15:30, en la","inLanguage":"es-AR","isPartOf":{"@id":"https:\/\/elfaroonline.com.ar\/#website"},"breadcrumb":{"@id":"https:\/\/elfaroonline.com.ar\/index.php\/2026\/04\/09\/heroes-de-azul-policias-salvaron-a-un-bebe-de-un-mes-en-el-sur-de-la-capital\/#breadcrumblist"},"author":{"@id":"https:\/\/elfaroonline.com.ar\/index.php\/author\/elfaro\/#author"},"creator":{"@id":"https:\/\/elfaroonline.com.ar\/index.php\/author\/elfaro\/#author"},"image":{"@type":"ImageObject","url":"https:\/\/elfaroonline.com.ar\/wp-content\/uploads\/2026\/04\/GIR-Sur.jpg-e1775736065955.jpeg","@id":"https:\/\/elfaroonline.com.ar\/index.php\/2026\/04\/09\/heroes-de-azul-policias-salvaron-a-un-bebe-de-un-mes-en-el-sur-de-la-capital\/#mainImage","width":2202,"height":1217},"primaryImageOfPage":{"@id":"https:\/\/elfaroonline.com.ar\/index.php\/2026\/04\/09\/heroes-de-azul-policias-salvaron-a-un-bebe-de-un-mes-en-el-sur-de-la-capital\/#mainImage"},"datePublished":"2026-04-09T09:01:25-03:00","dateModified":"2026-04-09T09:01:25-03:00"},{"@type":"WebSite","@id":"https:\/\/elfaroonline.com.ar\/#website","url":"https:\/\/elfaroonline.com.ar\/","name":"elfaroonline.com.ar","inLanguage":"es-AR","publisher":{"@id":"https:\/\/elfaroonline.com.ar\/#organization"}}]},"og:locale":"es_ES","og:site_name":"elfaroonline.com.ar -","og:type":"article","og:title":"H\u00e9roes de azul: Polic\u00edas salvaron a un beb\u00e9 de un mes en el sur de la Capital","og:description":"En una tarde que pas\u00f3 del drama a la esperanza, efectivos del Grupo de Intervenci\u00f3n R\u00e1pida (GIR Sur) se convirtieron en protagonistas de un rescate heroico al salvarle la vida a un reci\u00e9n nacido que no pod\u00eda respirar. Un pedido de auxilio desesperado El episodio tuvo lugar hoy, minutos despu\u00e9s de las 15:30, en la","og:url":"https:\/\/elfaroonline.com.ar\/index.php\/2026\/04\/09\/heroes-de-azul-policias-salvaron-a-un-bebe-de-un-mes-en-el-sur-de-la-capital\/","article:published_time":"2026-04-09T12:01:25+00:00","article:modified_time":"2026-04-09T12:01:25+00:00","twitter:card":"summary_large_image","twitter:title":"H\u00e9roes de azul: Polic\u00edas salvaron a un beb\u00e9 de un mes en el sur de la Capital","twitter:description":"En una tarde que pas\u00f3 del drama a la esperanza, efectivos del Grupo de Intervenci\u00f3n R\u00e1pida (GIR Sur) se convirtieron en protagonistas de un rescate heroico al salvarle la vida a un reci\u00e9n nacido que no pod\u00eda respirar. Un pedido de auxilio desesperado El episodio tuvo lugar hoy, minutos despu\u00e9s de las 15:30, en la"},"aioseo_meta_data":{"post_id":"5552","title":"H\u00e9roes de azul: Polic\u00edas salvaron a un beb\u00e9 de un mes en el sur de la Capital","description":null,"keywords":null,"keyphrases":{"focus":{"keyphrase":"polic\u00edas","score":47,"analysis":{"keyphraseInTitle":{"score":9,"maxScore":9,"error":0},"keyphraseInDescription":{"score":3,"maxScore":9,"error":1},"keyphraseLength":{"score":9,"maxScore":9,"error":0,"length":2},"keyphraseInURL":{"score":1,"maxScore":5,"error":1},"keyphraseInIntroduction":{"score":3,"maxScore":9,"error":1},"keyphraseInSubHeadings":{"score":3,"maxScore":9,"error":1},"keyphraseInImageAlt":[],"keywordDensity":{"score":0,"type":"low","maxScore":9,"error":1}}},"additional":[]},"primary_term":null,"canonical_url":null,"og_title":null,"og_description":null,"og_object_type":"default","og_image_type":"default","og_image_url":null,"og_image_width":null,"og_image_height":null,"og_image_custom_url":null,"og_image_custom_fields":null,"og_video":"","og_custom_url":null,"og_article_section":null,"og_article_tags":null,"twitter_use_og":false,"twitter_card":"default","twitter_image_type":"default","twitter_image_url":null,"twitter_image_custom_url":null,"twitter_image_custom_fields":null,"twitter_title":null,"twitter_description":null,"schema":{"blockGraphs":[],"customGraphs":[],"default":{"data":{"Article":[],"Course":[],"Dataset":[],"FAQPage":[],"Movie":[],"Person":[],"Product":[],"ProductReview":[],"Car":[],"Recipe":[],"Service":[],"SoftwareApplication":[],"WebPage":[]},"graphName":"BlogPosting","isEnabled":true},"graphs":[]},"schema_type":"default","schema_type_options":null,"pillar_content":false,"robots_default":true,"robots_noindex":false,"robots_noarchive":false,"robots_nosnippet":false,"robots_nofollow":false,"robots_noimageindex":false,"robots_noodp":false,"robots_notranslate":false,"robots_max_snippet":"-1","robots_max_videopreview":"-1","robots_max_imagepreview":"large","priority":null,"frequency":"default","local_seo":null,"breadcrumb_settings":null,"limit_modified_date":false,"ai":{"faqs":[],"keyPoints":[],"titles":[],"descriptions":[],"socialPosts":{"email":[],"linkedin":[],"twitter":[],"facebook":[],"instagram":[]}},"created":"2026-04-09 12:01:25","updated":"2026-04-09 12:15:56","seo_analyzer_scan_date":null,"focus_keyword":"polic\u00edas","additional_keywords":null,"truseo_locale":null},"aioseo_breadcrumb":"<div class=\"aioseo-breadcrumbs\"><span class=\"aioseo-breadcrumb\">\n\t\t\t<a href=\"https:\/\/elfaroonline.com.ar\" title=\"Home\">Home<\/a>\n\t\t<\/span><span class=\"aioseo-breadcrumb-separator\">&raquo;<\/span><span class=\"aioseo-breadcrumb\">\n\t\t\t<a href=\"https:\/\/elfaroonline.com.ar\/index.php\/category\/policiales\/\" title=\"Policiales\">Policiales<\/a>\n\t\t<\/span><span class=\"aioseo-breadcrumb-separator\">&raquo;<\/span><span class=\"aioseo-breadcrumb\">\n\t\t\tH\u00e9roes de azul: Polic\u00edas salvaron a un beb\u00e9 de un mes en el sur de la Capital\n\t\t<\/span><\/div>","aioseo_breadcrumb_json":[{"label":"Home","link":"https:\/\/elfaroonline.com.ar"},{"label":"Policiales","link":"https:\/\/elfaroonline.com.ar\/index.php\/category\/policiales\/"},{"label":"H\u00e9roes de azul: Polic\u00edas salvaron a un beb\u00e9 de un mes en el sur de la Capital","link":"https:\/\/elfaroonline.com.ar\/index.php\/2026\/04\/09\/heroes-de-azul-policias-salvaron-a-un-bebe-de-un-mes-en-el-sur-de-la-capital\/"}],"_links":{"self":[{"href":"https:\/\/elfaroonline.com.ar\/index.php\/wp-json\/wp\/v2\/posts\/5552","targetHints":{"allow":["GET"]}}],"collection":[{"href":"https:\/\/elfaroonline.com.ar\/index.php\/wp-json\/wp\/v2\/posts"}],"about":[{"href":"https:\/\/elfaroonline.com.ar\/index.php\/wp-json\/wp\/v2\/types\/post"}],"author":[{"embeddable":true,"href":"https:\/\/elfaroonline.com.ar\/index.php\/wp-json\/wp\/v2\/users\/2"}],"replies":[{"embeddable":true,"href":"https:\/\/elfaroonline.com.ar\/index.php\/wp-json\/wp\/v2\/comments?post=5552"}],"version-history":[{"count":1,"href":"https:\/\/elfaroonline.com.ar\/index.php\/wp-json\/wp\/v2\/posts\/5552\/revisions"}],"predecessor-version":[{"id":5554,"href":"https:\/\/elfaroonline.com.ar\/index.php\/wp-json\/wp\/v2\/posts\/5552\/revisions\/5554"}],"wp:featuredmedia":[{"embeddable":true,"href":"https:\/\/elfaroonline.com.ar\/index.php\/wp-json\/wp\/v2\/media\/5553"}],"wp:attachment":[{"href":"https:\/\/elfaroonline.com.ar\/index.php\/wp-json\/wp\/v2\/media?parent=5552"}],"wp:term":[{"taxonomy":"category","embeddable":true,"href":"https:\/\/elfaroonline.com.ar\/index.php\/wp-json\/wp\/v2\/categories?post=5552"},{"taxonomy":"post_tag","embeddable":true,"href":"https:\/\/elfaroonline.com.ar\/index.php\/wp-json\/wp\/v2\/tags?post=5552"}],"curies":[{"name":"wp","href":"https:\/\/api.w.org\/{rel}","templated":true}]}}