{"id":5560,"date":"2026-04-09T09:51:51","date_gmt":"2026-04-09T12:51:51","guid":{"rendered":"https:\/\/elfaroonline.com.ar\/?p=5560"},"modified":"2026-04-09T09:51:51","modified_gmt":"2026-04-09T12:51:51","slug":"catamarca-recibira-9-600-nuevas-dosis-de-la-vacuna-antigripal","status":"publish","type":"post","link":"https:\/\/elfaroonline.com.ar\/index.php\/2026\/04\/09\/catamarca-recibira-9-600-nuevas-dosis-de-la-vacuna-antigripal\/","title":{"rendered":"Catamarca recibir\u00e1 9.600 nuevas dosis de la vacuna antigripal"},"content":{"rendered":"<p style=\"font-weight: 400; text-align: justify;\">El Ministerio de Salud de la provincia informa a la poblaci\u00f3n que los d\u00edas jueves y viernes se recibir\u00e1 un nuevo lote de vacunas antigripales por parte del Ministerio de Salud de la Naci\u00f3n.<\/p>\n<p style=\"font-weight: 400; text-align: justify;\">En total ser\u00e1n 9.600 dosis, 4.800 el jueves y 4.800el viernes, que ser\u00e1n distribuidas en toda la provincia y estar\u00e1n disponibles a partir del lunes 13 de abril para su aplicaci\u00f3n.<\/p>\n<p style=\"font-weight: 400; text-align: justify;\">Para la Campa\u00f1a 2026, a Catamarca se le asignaron39.740 dosis de vacuna antigripal para adultos, 10.652 dosis pedi\u00e1tricas y13.336 dosis de vacuna adyuvantada para adultos mayores.<\/p>\n<p style=\"font-weight: 400; text-align: justify;\">Estas cantidades corresponden al total previsto para toda la Campa\u00f1a y las dosis son enviadas por el Ministerio de Salud de la Naci\u00f3n en lotes parciales y reducidos.<\/p>\n<p style=\"font-weight: 400; text-align: justify;\">En relaci\u00f3n a la poblaci\u00f3n objetivo, el grupo comprendido entre los 25 meses y los 64 a\u00f1os -que incluye embarazadas, pu\u00e9rperas, personal de salud, personal esencial y personas con factores de riesgo-, se estima una cobertura de 37.317 personas, por lo que las dosis asignadas permitir\u00edan, en principio, cubrir la demanda.<\/p>\n<p style=\"font-weight: 400; text-align: justify;\">En el caso pedi\u00e1trico, la poblaci\u00f3n objetivo de ni\u00f1os y ni\u00f1as de 6 a 24 meses asciende a 5.483, mientras que la asignaci\u00f3n prevista es de 10.652 dosis.<\/p>\n<p style=\"font-weight: 400; text-align: justify;\">El punto cr\u00edtico se presenta en la poblaci\u00f3n de 65a\u00f1os o m\u00e1s, que en la Provincia asciende a 43.383 personas, frente a una asignaci\u00f3n de solo 13.336 dosis de vacuna adyuvantada, recomendada especialmente para este grupo etario por ofrecer una mejor respuesta inmunol\u00f3gica.<\/p>\n<p style=\"font-weight: 400; text-align: justify;\">Hasta el momento, Catamarca recibi\u00f3 21.440 dosis dela vacuna antigripal por parte del Ministerio de Salud de la Naci\u00f3n.<\/p>\n","protected":false},"excerpt":{"rendered":"<p>El Ministerio de Salud de la provincia informa a la poblaci\u00f3n que los d\u00edas jueves y viernes se recibir\u00e1 un nuevo lote de vacunas antigripales por parte del Ministerio de Salud de la Naci\u00f3n. En total ser\u00e1n 9.600 dosis, 4.800 el jueves y 4.800el viernes, que ser\u00e1n distribuidas en toda la provincia y estar\u00e1n disponibles [&hellip;]<\/p>\n","protected":false},"author":2,"featured_media":5561,"comment_status":"open","ping_status":"open","sticky":false,"template":"","format":"standard","meta":{"footnotes":""},"categories":[23,20],"tags":[40,278,277],"class_list":{"0":"post-5560","1":"post","2":"type-post","3":"status-publish","4":"format-standard","5":"has-post-thumbnail","7":"category-destacados","8":"category-sociedad","9":"tag-catamarca","10":"tag-dosis","11":"tag-vacuna-antigripal"},"aioseo_notices":[],"aioseo_head":"\n\t\t<!-- All in One SEO 5.0.0.1 - aioseo.com -->\n\t<meta name=\"description\" content=\"El Ministerio de Salud de la provincia informa a la poblaci\u00f3n que los d\u00edas jueves y viernes se recibir\u00e1 un nuevo lote de vacunas antigripales por parte del Ministerio\" \/>\n\t<meta name=\"robots\" content=\"max-image-preview:large\" \/>\n\t<meta name=\"author\" content=\"El Faro Online\"\/>\n\t<link rel=\"canonical\" href=\"https:\/\/elfaroonline.com.ar\/index.php\/2026\/04\/09\/catamarca-recibira-9-600-nuevas-dosis-de-la-vacuna-antigripal\/\" \/>\n\t<meta name=\"generator\" content=\"All in One SEO (AIOSEO) 5.0.0.1\" \/>\n\t\t<meta property=\"og:locale\" content=\"es_ES\" \/>\n\t\t<meta property=\"og:site_name\" content=\"elfaroonline.com.ar -\" \/>\n\t\t<meta property=\"og:type\" content=\"article\" \/>\n\t\t<meta property=\"og:title\" content=\"Catamarca recibir\u00e1 9.600 nuevas dosis de la vacuna antigripal\" \/>\n\t\t<meta property=\"og:description\" content=\"El Ministerio de Salud de la provincia informa a la poblaci\u00f3n que los d\u00edas jueves y viernes se recibir\u00e1 un nuevo lote de vacunas antigripales por parte del Ministerio\" \/>\n\t\t<meta property=\"og:url\" content=\"https:\/\/elfaroonline.com.ar\/index.php\/2026\/04\/09\/catamarca-recibira-9-600-nuevas-dosis-de-la-vacuna-antigripal\/\" \/>\n\t\t<meta property=\"article:published_time\" content=\"2026-04-09T12:51:51+00:00\" \/>\n\t\t<meta property=\"article:modified_time\" content=\"2026-04-09T12:51:51+00:00\" \/>\n\t\t<meta name=\"twitter:card\" content=\"summary_large_image\" \/>\n\t\t<meta name=\"twitter:title\" content=\"Catamarca recibir\u00e1 9.600 nuevas dosis de la vacuna antigripal\" \/>\n\t\t<meta name=\"twitter:description\" content=\"El Ministerio de Salud de la provincia informa a la poblaci\u00f3n que los d\u00edas jueves y viernes se recibir\u00e1 un nuevo lote de vacunas antigripales por parte del Ministerio\" \/>\n\t\t<script type=\"application\/ld+json\" class=\"aioseo-schema\">\n\t\t\t{\"@context\":\"https:\\\/\\\/schema.org\",\"@graph\":[{\"@type\":\"BlogPosting\",\"@id\":\"https:\\\/\\\/elfaroonline.com.ar\\\/index.php\\\/2026\\\/04\\\/09\\\/catamarca-recibira-9-600-nuevas-dosis-de-la-vacuna-antigripal\\\/#blogposting\",\"name\":\"Catamarca recibir\\u00e1 9.600 nuevas dosis de la vacuna antigripal\",\"headline\":\"Catamarca recibir\\u00e1 9.600 nuevas dosis de la vacuna antigripal\",\"author\":{\"@id\":\"https:\\\/\\\/elfaroonline.com.ar\\\/index.php\\\/author\\\/elfaro\\\/#author\"},\"publisher\":{\"@id\":\"https:\\\/\\\/elfaroonline.com.ar\\\/#organization\"},\"image\":{\"@type\":\"ImageObject\",\"url\":\"https:\\\/\\\/elfaroonline.com.ar\\\/wp-content\\\/uploads\\\/2026\\\/04\\\/Foto-archivo.-Catamarca-recibira-9.600-nuevas-dosis-de-la-vacuna-antigripal-1.jpeg\",\"width\":1430,\"height\":953},\"datePublished\":\"2026-04-09T09:51:51-03:00\",\"dateModified\":\"2026-04-09T09:51:51-03:00\",\"inLanguage\":\"es-AR\",\"mainEntityOfPage\":{\"@id\":\"https:\\\/\\\/elfaroonline.com.ar\\\/index.php\\\/2026\\\/04\\\/09\\\/catamarca-recibira-9-600-nuevas-dosis-de-la-vacuna-antigripal\\\/#webpage\"},\"isPartOf\":{\"@id\":\"https:\\\/\\\/elfaroonline.com.ar\\\/index.php\\\/2026\\\/04\\\/09\\\/catamarca-recibira-9-600-nuevas-dosis-de-la-vacuna-antigripal\\\/#webpage\"},\"articleSection\":\"Destacados, Sociedad, Catamarca, dosis, vacuna antigripal\"},{\"@type\":\"BreadcrumbList\",\"@id\":\"https:\\\/\\\/elfaroonline.com.ar\\\/index.php\\\/2026\\\/04\\\/09\\\/catamarca-recibira-9-600-nuevas-dosis-de-la-vacuna-antigripal\\\/#breadcrumblist\",\"itemListElement\":[{\"@type\":\"ListItem\",\"@id\":\"https:\\\/\\\/elfaroonline.com.ar#listItem\",\"position\":1,\"name\":\"Home\",\"item\":\"https:\\\/\\\/elfaroonline.com.ar\",\"nextItem\":{\"@type\":\"ListItem\",\"@id\":\"https:\\\/\\\/elfaroonline.com.ar\\\/index.php\\\/category\\\/sociedad\\\/#listItem\",\"name\":\"Sociedad\"}},{\"@type\":\"ListItem\",\"@id\":\"https:\\\/\\\/elfaroonline.com.ar\\\/index.php\\\/category\\\/sociedad\\\/#listItem\",\"position\":2,\"name\":\"Sociedad\",\"item\":\"https:\\\/\\\/elfaroonline.com.ar\\\/index.php\\\/category\\\/sociedad\\\/\",\"nextItem\":{\"@type\":\"ListItem\",\"@id\":\"https:\\\/\\\/elfaroonline.com.ar\\\/index.php\\\/2026\\\/04\\\/09\\\/catamarca-recibira-9-600-nuevas-dosis-de-la-vacuna-antigripal\\\/#listItem\",\"name\":\"Catamarca recibir\\u00e1 9.600 nuevas dosis de la vacuna antigripal\"},\"previousItem\":{\"@type\":\"ListItem\",\"@id\":\"https:\\\/\\\/elfaroonline.com.ar#listItem\",\"name\":\"Home\"}},{\"@type\":\"ListItem\",\"@id\":\"https:\\\/\\\/elfaroonline.com.ar\\\/index.php\\\/2026\\\/04\\\/09\\\/catamarca-recibira-9-600-nuevas-dosis-de-la-vacuna-antigripal\\\/#listItem\",\"position\":3,\"name\":\"Catamarca recibir\\u00e1 9.600 nuevas dosis de la vacuna antigripal\",\"previousItem\":{\"@type\":\"ListItem\",\"@id\":\"https:\\\/\\\/elfaroonline.com.ar\\\/index.php\\\/category\\\/sociedad\\\/#listItem\",\"name\":\"Sociedad\"}}]},{\"@type\":\"Organization\",\"@id\":\"https:\\\/\\\/elfaroonline.com.ar\\\/#organization\",\"name\":\"elfaroonline.com.ar\",\"url\":\"https:\\\/\\\/elfaroonline.com.ar\\\/\"},{\"@type\":\"Person\",\"@id\":\"https:\\\/\\\/elfaroonline.com.ar\\\/index.php\\\/author\\\/elfaro\\\/#author\",\"url\":\"https:\\\/\\\/elfaroonline.com.ar\\\/index.php\\\/author\\\/elfaro\\\/\",\"name\":\"El Faro Online\",\"image\":{\"@type\":\"ImageObject\",\"@id\":\"https:\\\/\\\/elfaroonline.com.ar\\\/index.php\\\/2026\\\/04\\\/09\\\/catamarca-recibira-9-600-nuevas-dosis-de-la-vacuna-antigripal\\\/#authorImage\",\"url\":\"https:\\\/\\\/secure.gravatar.com\\\/avatar\\\/97dc46c3711deda1040382679fc31e66bb0f67b30b6dec3feea788d18888f5f7?s=96&d=mm&r=g\",\"width\":96,\"height\":96,\"caption\":\"El Faro Online\"}},{\"@type\":\"WebPage\",\"@id\":\"https:\\\/\\\/elfaroonline.com.ar\\\/index.php\\\/2026\\\/04\\\/09\\\/catamarca-recibira-9-600-nuevas-dosis-de-la-vacuna-antigripal\\\/#webpage\",\"url\":\"https:\\\/\\\/elfaroonline.com.ar\\\/index.php\\\/2026\\\/04\\\/09\\\/catamarca-recibira-9-600-nuevas-dosis-de-la-vacuna-antigripal\\\/\",\"name\":\"Catamarca recibir\\u00e1 9.600 nuevas dosis de la vacuna antigripal\",\"description\":\"El Ministerio de Salud de la provincia informa a la poblaci\\u00f3n que los d\\u00edas jueves y viernes se recibir\\u00e1 un nuevo lote de vacunas antigripales por parte del Ministerio\",\"inLanguage\":\"es-AR\",\"isPartOf\":{\"@id\":\"https:\\\/\\\/elfaroonline.com.ar\\\/#website\"},\"breadcrumb\":{\"@id\":\"https:\\\/\\\/elfaroonline.com.ar\\\/index.php\\\/2026\\\/04\\\/09\\\/catamarca-recibira-9-600-nuevas-dosis-de-la-vacuna-antigripal\\\/#breadcrumblist\"},\"author\":{\"@id\":\"https:\\\/\\\/elfaroonline.com.ar\\\/index.php\\\/author\\\/elfaro\\\/#author\"},\"creator\":{\"@id\":\"https:\\\/\\\/elfaroonline.com.ar\\\/index.php\\\/author\\\/elfaro\\\/#author\"},\"image\":{\"@type\":\"ImageObject\",\"url\":\"https:\\\/\\\/elfaroonline.com.ar\\\/wp-content\\\/uploads\\\/2026\\\/04\\\/Foto-archivo.-Catamarca-recibira-9.600-nuevas-dosis-de-la-vacuna-antigripal-1.jpeg\",\"@id\":\"https:\\\/\\\/elfaroonline.com.ar\\\/index.php\\\/2026\\\/04\\\/09\\\/catamarca-recibira-9-600-nuevas-dosis-de-la-vacuna-antigripal\\\/#mainImage\",\"width\":1430,\"height\":953},\"primaryImageOfPage\":{\"@id\":\"https:\\\/\\\/elfaroonline.com.ar\\\/index.php\\\/2026\\\/04\\\/09\\\/catamarca-recibira-9-600-nuevas-dosis-de-la-vacuna-antigripal\\\/#mainImage\"},\"datePublished\":\"2026-04-09T09:51:51-03:00\",\"dateModified\":\"2026-04-09T09:51:51-03:00\"},{\"@type\":\"WebSite\",\"@id\":\"https:\\\/\\\/elfaroonline.com.ar\\\/#website\",\"url\":\"https:\\\/\\\/elfaroonline.com.ar\\\/\",\"name\":\"elfaroonline.com.ar\",\"inLanguage\":\"es-AR\",\"publisher\":{\"@id\":\"https:\\\/\\\/elfaroonline.com.ar\\\/#organization\"}}]}\n\t\t<\/script>\n\t\t<!-- All in One SEO -->\n\n","aioseo_head_json":{"title":"Catamarca recibir\u00e1 9.600 nuevas dosis de la vacuna antigripal","description":"El Ministerio de Salud de la provincia informa a la poblaci\u00f3n que los d\u00edas jueves y viernes se recibir\u00e1 un nuevo lote de vacunas antigripales por parte del Ministerio","canonical_url":"https:\/\/elfaroonline.com.ar\/index.php\/2026\/04\/09\/catamarca-recibira-9-600-nuevas-dosis-de-la-vacuna-antigripal\/","robots":"max-image-preview:large","keywords":"","webmasterTools":{"miscellaneous":""},"schema":{"@context":"https:\/\/schema.org","@graph":[{"@type":"BlogPosting","@id":"https:\/\/elfaroonline.com.ar\/index.php\/2026\/04\/09\/catamarca-recibira-9-600-nuevas-dosis-de-la-vacuna-antigripal\/#blogposting","name":"Catamarca recibir\u00e1 9.600 nuevas dosis de la vacuna antigripal","headline":"Catamarca recibir\u00e1 9.600 nuevas dosis de la vacuna antigripal","author":{"@id":"https:\/\/elfaroonline.com.ar\/index.php\/author\/elfaro\/#author"},"publisher":{"@id":"https:\/\/elfaroonline.com.ar\/#organization"},"image":{"@type":"ImageObject","url":"https:\/\/elfaroonline.com.ar\/wp-content\/uploads\/2026\/04\/Foto-archivo.-Catamarca-recibira-9.600-nuevas-dosis-de-la-vacuna-antigripal-1.jpeg","width":1430,"height":953},"datePublished":"2026-04-09T09:51:51-03:00","dateModified":"2026-04-09T09:51:51-03:00","inLanguage":"es-AR","mainEntityOfPage":{"@id":"https:\/\/elfaroonline.com.ar\/index.php\/2026\/04\/09\/catamarca-recibira-9-600-nuevas-dosis-de-la-vacuna-antigripal\/#webpage"},"isPartOf":{"@id":"https:\/\/elfaroonline.com.ar\/index.php\/2026\/04\/09\/catamarca-recibira-9-600-nuevas-dosis-de-la-vacuna-antigripal\/#webpage"},"articleSection":"Destacados, Sociedad, Catamarca, dosis, vacuna antigripal"},{"@type":"BreadcrumbList","@id":"https:\/\/elfaroonline.com.ar\/index.php\/2026\/04\/09\/catamarca-recibira-9-600-nuevas-dosis-de-la-vacuna-antigripal\/#breadcrumblist","itemListElement":[{"@type":"ListItem","@id":"https:\/\/elfaroonline.com.ar#listItem","position":1,"name":"Home","item":"https:\/\/elfaroonline.com.ar","nextItem":{"@type":"ListItem","@id":"https:\/\/elfaroonline.com.ar\/index.php\/category\/sociedad\/#listItem","name":"Sociedad"}},{"@type":"ListItem","@id":"https:\/\/elfaroonline.com.ar\/index.php\/category\/sociedad\/#listItem","position":2,"name":"Sociedad","item":"https:\/\/elfaroonline.com.ar\/index.php\/category\/sociedad\/","nextItem":{"@type":"ListItem","@id":"https:\/\/elfaroonline.com.ar\/index.php\/2026\/04\/09\/catamarca-recibira-9-600-nuevas-dosis-de-la-vacuna-antigripal\/#listItem","name":"Catamarca recibir\u00e1 9.600 nuevas dosis de la vacuna antigripal"},"previousItem":{"@type":"ListItem","@id":"https:\/\/elfaroonline.com.ar#listItem","name":"Home"}},{"@type":"ListItem","@id":"https:\/\/elfaroonline.com.ar\/index.php\/2026\/04\/09\/catamarca-recibira-9-600-nuevas-dosis-de-la-vacuna-antigripal\/#listItem","position":3,"name":"Catamarca recibir\u00e1 9.600 nuevas dosis de la vacuna antigripal","previousItem":{"@type":"ListItem","@id":"https:\/\/elfaroonline.com.ar\/index.php\/category\/sociedad\/#listItem","name":"Sociedad"}}]},{"@type":"Organization","@id":"https:\/\/elfaroonline.com.ar\/#organization","name":"elfaroonline.com.ar","url":"https:\/\/elfaroonline.com.ar\/"},{"@type":"Person","@id":"https:\/\/elfaroonline.com.ar\/index.php\/author\/elfaro\/#author","url":"https:\/\/elfaroonline.com.ar\/index.php\/author\/elfaro\/","name":"El Faro Online","image":{"@type":"ImageObject","@id":"https:\/\/elfaroonline.com.ar\/index.php\/2026\/04\/09\/catamarca-recibira-9-600-nuevas-dosis-de-la-vacuna-antigripal\/#authorImage","url":"https:\/\/secure.gravatar.com\/avatar\/97dc46c3711deda1040382679fc31e66bb0f67b30b6dec3feea788d18888f5f7?s=96&d=mm&r=g","width":96,"height":96,"caption":"El Faro Online"}},{"@type":"WebPage","@id":"https:\/\/elfaroonline.com.ar\/index.php\/2026\/04\/09\/catamarca-recibira-9-600-nuevas-dosis-de-la-vacuna-antigripal\/#webpage","url":"https:\/\/elfaroonline.com.ar\/index.php\/2026\/04\/09\/catamarca-recibira-9-600-nuevas-dosis-de-la-vacuna-antigripal\/","name":"Catamarca recibir\u00e1 9.600 nuevas dosis de la vacuna antigripal","description":"El Ministerio de Salud de la provincia informa a la poblaci\u00f3n que los d\u00edas jueves y viernes se recibir\u00e1 un nuevo lote de vacunas antigripales por parte del Ministerio","inLanguage":"es-AR","isPartOf":{"@id":"https:\/\/elfaroonline.com.ar\/#website"},"breadcrumb":{"@id":"https:\/\/elfaroonline.com.ar\/index.php\/2026\/04\/09\/catamarca-recibira-9-600-nuevas-dosis-de-la-vacuna-antigripal\/#breadcrumblist"},"author":{"@id":"https:\/\/elfaroonline.com.ar\/index.php\/author\/elfaro\/#author"},"creator":{"@id":"https:\/\/elfaroonline.com.ar\/index.php\/author\/elfaro\/#author"},"image":{"@type":"ImageObject","url":"https:\/\/elfaroonline.com.ar\/wp-content\/uploads\/2026\/04\/Foto-archivo.-Catamarca-recibira-9.600-nuevas-dosis-de-la-vacuna-antigripal-1.jpeg","@id":"https:\/\/elfaroonline.com.ar\/index.php\/2026\/04\/09\/catamarca-recibira-9-600-nuevas-dosis-de-la-vacuna-antigripal\/#mainImage","width":1430,"height":953},"primaryImageOfPage":{"@id":"https:\/\/elfaroonline.com.ar\/index.php\/2026\/04\/09\/catamarca-recibira-9-600-nuevas-dosis-de-la-vacuna-antigripal\/#mainImage"},"datePublished":"2026-04-09T09:51:51-03:00","dateModified":"2026-04-09T09:51:51-03:00"},{"@type":"WebSite","@id":"https:\/\/elfaroonline.com.ar\/#website","url":"https:\/\/elfaroonline.com.ar\/","name":"elfaroonline.com.ar","inLanguage":"es-AR","publisher":{"@id":"https:\/\/elfaroonline.com.ar\/#organization"}}]},"og:locale":"es_ES","og:site_name":"elfaroonline.com.ar -","og:type":"article","og:title":"Catamarca recibir\u00e1 9.600 nuevas dosis de la vacuna antigripal","og:description":"El Ministerio de Salud de la provincia informa a la poblaci\u00f3n que los d\u00edas jueves y viernes se recibir\u00e1 un nuevo lote de vacunas antigripales por parte del Ministerio","og:url":"https:\/\/elfaroonline.com.ar\/index.php\/2026\/04\/09\/catamarca-recibira-9-600-nuevas-dosis-de-la-vacuna-antigripal\/","article:published_time":"2026-04-09T12:51:51+00:00","article:modified_time":"2026-04-09T12:51:51+00:00","twitter:card":"summary_large_image","twitter:title":"Catamarca recibir\u00e1 9.600 nuevas dosis de la vacuna antigripal","twitter:description":"El Ministerio de Salud de la provincia informa a la poblaci\u00f3n que los d\u00edas jueves y viernes se recibir\u00e1 un nuevo lote de vacunas antigripales por parte del Ministerio"},"aioseo_meta_data":{"post_id":"5560","title":"Catamarca recibir\u00e1 9.600 nuevas dosis de la vacuna antigripal","description":"El Ministerio de Salud de la provincia informa a la poblaci\u00f3n que los d\u00edas jueves y viernes se recibir\u00e1 un nuevo lote de vacunas antigripales por parte del Ministerio","keywords":null,"keyphrases":{"focus":{"keyphrase":"vacuna","score":76,"analysis":{"keyphraseInTitle":{"score":9,"maxScore":9,"error":0},"keyphraseInDescription":{"score":3,"maxScore":9,"error":1},"keyphraseLength":{"score":9,"maxScore":9,"error":0,"length":1},"keyphraseInURL":{"score":5,"maxScore":5,"error":0},"keyphraseInIntroduction":{"score":3,"maxScore":9,"error":1},"keyphraseInSubHeadings":[],"keyphraseInImageAlt":[],"keywordDensity":{"type":"best","score":9,"maxScore":9,"error":0}}},"additional":[]},"primary_term":null,"canonical_url":null,"og_title":null,"og_description":null,"og_object_type":"default","og_image_type":"default","og_image_url":null,"og_image_width":null,"og_image_height":null,"og_image_custom_url":null,"og_image_custom_fields":null,"og_video":"","og_custom_url":null,"og_article_section":null,"og_article_tags":null,"twitter_use_og":false,"twitter_card":"default","twitter_image_type":"default","twitter_image_url":null,"twitter_image_custom_url":null,"twitter_image_custom_fields":null,"twitter_title":null,"twitter_description":null,"schema":{"blockGraphs":[],"customGraphs":[],"default":{"data":{"Article":[],"Course":[],"Dataset":[],"FAQPage":[],"Movie":[],"Person":[],"Product":[],"ProductReview":[],"Car":[],"Recipe":[],"Service":[],"SoftwareApplication":[],"WebPage":[]},"graphName":"BlogPosting","isEnabled":true},"graphs":[]},"schema_type":"default","schema_type_options":null,"pillar_content":false,"robots_default":true,"robots_noindex":false,"robots_noarchive":false,"robots_nosnippet":false,"robots_nofollow":false,"robots_noimageindex":false,"robots_noodp":false,"robots_notranslate":false,"robots_max_snippet":"-1","robots_max_videopreview":"-1","robots_max_imagepreview":"large","priority":null,"frequency":"default","local_seo":null,"breadcrumb_settings":null,"limit_modified_date":false,"ai":{"faqs":[],"keyPoints":[],"titles":[],"descriptions":[],"socialPosts":{"email":[],"linkedin":[],"twitter":[],"facebook":[],"instagram":[]}},"created":"2026-04-09 12:51:51","updated":"2026-04-09 13:05:54","seo_analyzer_scan_date":null,"focus_keyword":"vacuna","additional_keywords":null,"truseo_locale":null},"aioseo_breadcrumb":"<div class=\"aioseo-breadcrumbs\"><span class=\"aioseo-breadcrumb\">\n\t\t\t<a href=\"https:\/\/elfaroonline.com.ar\" title=\"Home\">Home<\/a>\n\t\t<\/span><span class=\"aioseo-breadcrumb-separator\">&raquo;<\/span><span class=\"aioseo-breadcrumb\">\n\t\t\t<a href=\"https:\/\/elfaroonline.com.ar\/index.php\/category\/sociedad\/\" title=\"Sociedad\">Sociedad<\/a>\n\t\t<\/span><span class=\"aioseo-breadcrumb-separator\">&raquo;<\/span><span class=\"aioseo-breadcrumb\">\n\t\t\tCatamarca recibir\u00e1 9.600 nuevas dosis de la vacuna antigripal\n\t\t<\/span><\/div>","aioseo_breadcrumb_json":[{"label":"Home","link":"https:\/\/elfaroonline.com.ar"},{"label":"Sociedad","link":"https:\/\/elfaroonline.com.ar\/index.php\/category\/sociedad\/"},{"label":"Catamarca recibir\u00e1 9.600 nuevas dosis de la vacuna antigripal","link":"https:\/\/elfaroonline.com.ar\/index.php\/2026\/04\/09\/catamarca-recibira-9-600-nuevas-dosis-de-la-vacuna-antigripal\/"}],"_links":{"self":[{"href":"https:\/\/elfaroonline.com.ar\/index.php\/wp-json\/wp\/v2\/posts\/5560","targetHints":{"allow":["GET"]}}],"collection":[{"href":"https:\/\/elfaroonline.com.ar\/index.php\/wp-json\/wp\/v2\/posts"}],"about":[{"href":"https:\/\/elfaroonline.com.ar\/index.php\/wp-json\/wp\/v2\/types\/post"}],"author":[{"embeddable":true,"href":"https:\/\/elfaroonline.com.ar\/index.php\/wp-json\/wp\/v2\/users\/2"}],"replies":[{"embeddable":true,"href":"https:\/\/elfaroonline.com.ar\/index.php\/wp-json\/wp\/v2\/comments?post=5560"}],"version-history":[{"count":1,"href":"https:\/\/elfaroonline.com.ar\/index.php\/wp-json\/wp\/v2\/posts\/5560\/revisions"}],"predecessor-version":[{"id":5562,"href":"https:\/\/elfaroonline.com.ar\/index.php\/wp-json\/wp\/v2\/posts\/5560\/revisions\/5562"}],"wp:featuredmedia":[{"embeddable":true,"href":"https:\/\/elfaroonline.com.ar\/index.php\/wp-json\/wp\/v2\/media\/5561"}],"wp:attachment":[{"href":"https:\/\/elfaroonline.com.ar\/index.php\/wp-json\/wp\/v2\/media?parent=5560"}],"wp:term":[{"taxonomy":"category","embeddable":true,"href":"https:\/\/elfaroonline.com.ar\/index.php\/wp-json\/wp\/v2\/categories?post=5560"},{"taxonomy":"post_tag","embeddable":true,"href":"https:\/\/elfaroonline.com.ar\/index.php\/wp-json\/wp\/v2\/tags?post=5560"}],"curies":[{"name":"wp","href":"https:\/\/api.w.org\/{rel}","templated":true}]}}