{"id":5581,"date":"2026-04-09T12:00:03","date_gmt":"2026-04-09T15:00:03","guid":{"rendered":"https:\/\/elfaroonline.com.ar\/?p=5581"},"modified":"2026-04-09T12:00:03","modified_gmt":"2026-04-09T15:00:03","slug":"crece-el-ausentismo-escolar-en-argentina-y-ya-afecta-a-mas-de-la-mitad-de-los-estudiantes","status":"publish","type":"post","link":"https:\/\/elfaroonline.com.ar\/index.php\/2026\/04\/09\/crece-el-ausentismo-escolar-en-argentina-y-ya-afecta-a-mas-de-la-mitad-de-los-estudiantes\/","title":{"rendered":"Crece el ausentismo escolar en Argentina y ya afecta a m\u00e1s de la mitad de los estudiantes"},"content":{"rendered":"<article class=\"article-body article-body--first-paragraph content-protected-false\" data-td-script-src=\"https:\/\/www.ambito.com\/td\/modulos\/encuestas\/js\/function-embeds-min-version-1775707644.js\">\n<p style=\"text-align: justify;\" data-start=\"142\" data-end=\"561\">El\u00a0<strong>ausentismo escolar<\/strong>\u00a0se consolid\u00f3 como una de las principales preocupaciones del\u00a0<strong>sistema educativo en la<\/strong>\u00a0<strong data-start=\"245\" data-end=\"286\">Argentina<\/strong>. Seg\u00fan un informe de\u00a0<strong data-start=\"308\" data-end=\"349\">Argentinos por la Educaci\u00f3n<\/strong>, el\u00a0<strong>51%<\/strong>\u00a0de los estudiantes del \u00faltimo a\u00f1o de secundaria\u00a0<strong>reconoci\u00f3 haber faltado 15 d\u00edas o m\u00e1s<\/strong>\u00a0durante el ciclo lectivo. La cifra\u00a0<strong>creci\u00f3 siete puntos entre 2022 y 2024<\/strong>\u00a0y se registr\u00f3 en las\u00a0<strong>24 jurisdicciones<\/strong>\u00a0del pa\u00eds.<\/p>\n<\/article>\n<article class=\"article-body article-body--second-paragraph content-protected-false\">\n<p style=\"text-align: justify;\" data-start=\"608\" data-end=\"971\">El fen\u00f3meno se da en paralelo a otros desaf\u00edos actuales como la<strong>\u00a0irrupci\u00f3n de la inteligencia artificial generativa<\/strong>, las dificultades de atenci\u00f3n y los problemas de salud mental adolescente. En ese contexto, el sistema educativo volvi\u00f3 a enfrentar\u00a0<strong>dos problem\u00e1ticas<\/strong>\u00a0que parec\u00edan superadas: el\u00a0<strong data-start=\"904\" data-end=\"918\">ausentismo<\/strong>\u00a0y las dificultades en la\u00a0<strong data-start=\"944\" data-end=\"970\">alfabetizaci\u00f3n inicial<\/strong>.<\/p>\n<article class=\"article-body article-body--third-paragraph content-protected-false\">\n<p data-start=\"973\" data-end=\"1134\">Especialistas advierten que la\u00a0<strong>falta reiterada a clases\u00a0<\/strong>impacta directamente en los aprendizajes y, en muchos casos, funciona como antesala del abandono escolar.<\/p>\n<\/article>\n<article class=\"article-body article-body--fourth-paragraph content-protected-false\">\n<h2>El crecimiento en el ausentismo<\/h2>\n<p data-start=\"1177\" data-end=\"1326\">El estudio, basado en datos de las\u00a0<strong>pruebas Aprender 2024<\/strong>, mostr\u00f3 un corrimiento hacia niveles m\u00e1s altos de inasistencias:<\/p>\n<\/article>\n<article class=\"article-body article-body--fifth-paragraph content-protected-false\">\n<ul style=\"text-align: justify;\" data-start=\"1328\" data-end=\"1448\">\n<li data-section-id=\"1nikx3m\" data-start=\"1328\" data-end=\"1375\"><strong>21%<\/strong>\u00a0de los alumnos falt\u00f3 entre 15 y 19 d\u00edas<\/li>\n<li data-section-id=\"tgrgei\" data-start=\"1376\" data-end=\"1412\"><strong>20%<\/strong>\u00a0acumul\u00f3 entre 20 y 29 faltas<\/li>\n<li data-section-id=\"14qrq6j\" data-start=\"1413\" data-end=\"1448\"><strong>10%\u00a0<\/strong>super\u00f3 las 30 inasistencias<\/li>\n<\/ul>\n<p style=\"text-align: justify;\" data-start=\"1450\" data-end=\"1601\">En contraste, el grupo con ausencias moderadas (entre 5 y 14 d\u00edas)\u00a0<strong>cay\u00f3 del 41% al 34%<\/strong>. Seg\u00fan los autores, esto evidenci\u00f3 un agravamiento del problema.<\/p>\n<p style=\"text-align: justify;\" data-start=\"1603\" data-end=\"1817\">Para los directores escolares, el ausentismo se ubic\u00f3 como el principal obst\u00e1culo para el aprendizaje:<strong>\u00a0el 46% lo consider\u00f3 un problema serio o moderado<\/strong>, por encima de la impuntualidad o los bajos logros educativos.<\/p>\n<p style=\"text-align: justify;\" data-start=\"1874\" data-end=\"2190\">Uno de los puntos cr\u00edticos se\u00f1alados por el informe fue la ausencia de un sistema nacional consolidado que permita\u00a0<strong>medir con precisi\u00f3n las inasistencias<\/strong>. Actualmente, gran parte de la informaci\u00f3n proviene del autoreporte de los propios estudiantes, lo que limita el dise\u00f1o de pol\u00edticas p\u00fablicas basadas en evidencia.<\/p>\n<p style=\"text-align: justify;\" data-start=\"2242\" data-end=\"2573\">La organizaci\u00f3n anunci\u00f3 el\u00a0<strong>lanzamiento de la campa\u00f1a<\/strong>\u00a0<strong data-start=\"2295\" data-end=\"2319\">#ArgentinaALaEscuela<\/strong>, que buscar\u00e1 instalar el tema en la agenda p\u00fablica. El objetivo ser\u00e1 visibilizar que, en promedio, se pierde al menos un mes de clases por a\u00f1o debido a m\u00faltiples factores, entre ellos el ausentismo,<strong>\u00a0problemas de infraestructura y condiciones clim\u00e1ticas<\/strong>.<\/p>\n<p style=\"text-align: justify;\" data-start=\"2575\" data-end=\"2750\">Como parte de la iniciativa, el 22 de abril se impulsar\u00e1 una\u00a0<strong>acci\u00f3n en redes sociales<\/strong>\u00a0para reforzar el valor de la presencia en el aula como condici\u00f3n central del aprendizaje.<\/p>\n<h2 style=\"text-align: justify;\">Por qu\u00e9 faltan los estudiantes<\/h2>\n<p style=\"text-align: justify;\" data-start=\"2792\" data-end=\"3013\">Las razones detr\u00e1s del ausentismo son diversas, aunque\u00a0<strong>predominan los problemas de salud en un 62%<\/strong>. En segundo lugar aparece la desmotivaci\u00f3n: el 39% de los alumnos afirm\u00f3 que falta porque \u201cno tiene ganas de ir a la escuela\u201d.<\/p>\n<p style=\"text-align: justify;\" data-start=\"3015\" data-end=\"3146\">Tambi\u00e9n influyen factores como\u00a0<strong>dificultades de acceso, responsabilidades familiares o laborales y problemas de convivencia escolar<\/strong>, entre otras problem\u00e1ticas que impactan en la asistencia.<\/p>\n<p style=\"text-align: justify;\" data-start=\"3148\" data-end=\"3436\">El docente e investigador\u00a0<strong data-start=\"3174\" data-end=\"3190\">Bruno Videla<\/strong>\u00a0sostuvo: \u201cEl ausentismo es apenas la parte visible de una combinaci\u00f3n de cuestiones tales como la p\u00e9rdida de valoraci\u00f3n social de la escuela, el quiebre en la alianza familias-escuelas y la flexibilizaci\u00f3n constante de los reg\u00edmenes acad\u00e9micos\u201d.<\/p>\n<p style=\"text-align: justify;\" data-start=\"3485\" data-end=\"3679\">La especialista\u00a0<strong data-start=\"3501\" data-end=\"3519\">Viviana Postay<\/strong>\u00a0coincidi\u00f3 en que el fen\u00f3meno refleja una crisis m\u00e1s amplia: \u201cEl estudiante se aleja de la escuela porque los bordes de lo institucional se han vuelto difusos\u201d.<\/p>\n<p style=\"text-align: justify;\" data-start=\"3681\" data-end=\"3940\">En la misma l\u00ednea,\u00a0<strong data-start=\"3700\" data-end=\"3718\">Sandra Ziegler<\/strong>, investigadora de\u00a0<strong data-start=\"3737\" data-end=\"3778\">Flacso Argentina<\/strong>, advirti\u00f3 que el aumento del ausentismo en ciertos grupos evidencia\u00a0<strong>procesos de acumulaci\u00f3n de desventajas<\/strong>\u00a0y una desvinculaci\u00f3n que el sistema no logra revertir.<\/p>\n<h2 style=\"text-align: justify;\">Diferencias entre provincias<\/h2>\n<p style=\"text-align: justify;\" data-start=\"3980\" data-end=\"4314\">El problema no afecta a todas las jurisdicciones por igual. La\u00a0<strong data-start=\"4043\" data-end=\"4084\">Provincia de Buenos Aires<\/strong>\u00a0encabez\u00f3 el ranking con el 66% de los alumnos con 15 o m\u00e1s faltas, seguida por la\u00a0<strong data-start=\"4167\" data-end=\"4208\">Ciudad de Buenos Aires<\/strong>\u00a0(59%),\u00a0<strong data-start=\"4216\" data-end=\"4257\">Tierra del Fuego<\/strong>\u00a0(55%) y\u00a0<strong data-start=\"4266\" data-end=\"4307\">La Pampa<\/strong>\u00a0(54%).<\/p>\n<p style=\"text-align: justify;\" data-start=\"4316\" data-end=\"4501\">En el extremo opuesto se ubicaron\u00a0<strong data-start=\"4350\" data-end=\"4391\">Santiago del Estero<\/strong>\u00a0(28%),\u00a0<strong data-start=\"4399\" data-end=\"4442\">San Juan<\/strong>\u00a0(29%) y\u00a0<strong data-start=\"4451\" data-end=\"4494\">Jujuy<\/strong>\u00a0(30%).<\/p>\n<p style=\"text-align: justify;\" data-start=\"4534\" data-end=\"4641\">Ante este escenario, tanto la provincia de Buenos Aires como la Ciudad de Buenos Aires<strong>\u00a0avanzaron con pol\u00edticas espec\u00edficas<\/strong>.<\/p>\n<p style=\"text-align: justify;\" data-start=\"4643\" data-end=\"4911\">En\u00a0<strong data-start=\"4646\" data-end=\"4675\">provincia de Buenos Aires<\/strong>, la\u00a0<strong data-start=\"4680\" data-end=\"4723\">Direcci\u00f3n General de Cultura y Educaci\u00f3n<\/strong>\u00a0implement\u00f3 un plan para fortalecer la asistencia diaria. El programa incluy\u00f3 campa\u00f1as de concientizaci\u00f3n, seguimiento de datos y estrategias pedag\u00f3gicas para intervenir en casos cr\u00edticos.<\/p>\n<p style=\"text-align: justify;\" data-start=\"4913\" data-end=\"5214\">En tanto, en la\u00a0<strong data-start=\"4929\" data-end=\"4955\">Ciudad de Buenos Aires<\/strong>, el Ministerio de Educaci\u00f3n redujo el m\u00e1ximo de inasistencias permitidas de 25 a 20 por a\u00f1o y estableci\u00f3 un l\u00edmite de 5 faltas injustificadas por bimestre. Adem\u00e1s, incorpor\u00f3 sistemas de alerta temprana y herramientas digitales para monitorear el presentismo.<\/p>\n<h2 style=\"text-align: justify;\">Un desaf\u00edo estructural para la educaci\u00f3n<\/h2>\n<p style=\"text-align: justify;\" data-start=\"5248\" data-end=\"5473\">Especialistas coincidieron en que el ausentismo es un fen\u00f3meno\u00a0<strong data-start=\"5311\" data-end=\"5326\">multicausal<\/strong>, vinculado tanto a condiciones sociales como a cambios en el sistema educativo. Tambi\u00e9n se\u00f1alaron su relaci\u00f3n con la desigualdad y la segregaci\u00f3n.<\/p>\n<p style=\"text-align: justify;\" data-start=\"5475\" data-end=\"5650\">La investigadora\u00a0<strong data-start=\"5492\" data-end=\"5510\">Romina De Luca<\/strong>\u00a0destac\u00f3 que en el sector estatal influyen factores como problemas de acceso, trabajo, tareas de cuidado y situaciones familiares complejas.<\/p>\n<p style=\"text-align: justify;\" data-start=\"5652\" data-end=\"5896\" data-is-last-node=\"\" data-is-only-node=\"\">En este contexto, el crecimiento del ausentismo escolar se consolid\u00f3 como uno de los principales desaf\u00edos para el sistema educativo argentino, que enfrenta la necesidad urgente de recuperar la\u00a0<strong data-start=\"5845\" data-end=\"5869\">presencia en el aula<\/strong>\u00a0como base del aprendizaje.<\/p>\n<\/article>\n<\/article>\n","protected":false},"excerpt":{"rendered":"<p>El\u00a0ausentismo escolar\u00a0se consolid\u00f3 como una de las principales preocupaciones del\u00a0sistema educativo en la\u00a0Argentina. Seg\u00fan un informe de\u00a0Argentinos por la Educaci\u00f3n, el\u00a051%\u00a0de los estudiantes del \u00faltimo a\u00f1o de secundaria\u00a0reconoci\u00f3 haber faltado 15 d\u00edas o m\u00e1s\u00a0durante el ciclo lectivo. La cifra\u00a0creci\u00f3 siete puntos entre 2022 y 2024\u00a0y se registr\u00f3 en las\u00a024 jurisdicciones\u00a0del pa\u00eds. El fen\u00f3meno se da [&hellip;]<\/p>\n","protected":false},"author":2,"featured_media":5524,"comment_status":"open","ping_status":"open","sticky":false,"template":"","format":"standard","meta":{"footnotes":""},"categories":[22],"tags":[285,284],"class_list":{"0":"post-5581","1":"post","2":"type-post","3":"status-publish","4":"format-standard","5":"has-post-thumbnail","7":"category-nacionales","8":"tag-ausentismo","9":"tag-escuelas"},"aioseo_notices":[],"aioseo_head":"\n\t\t<!-- All in One SEO 5.0.0.1 - aioseo.com -->\n\t<meta name=\"description\" content=\"El ausentismo escolar se consolid\u00f3 como una de las principales preocupaciones del sistema educativo en la Argentina. Seg\u00fan un informe de\" \/>\n\t<meta name=\"robots\" content=\"max-image-preview:large\" \/>\n\t<meta name=\"author\" content=\"El Faro Online\"\/>\n\t<link rel=\"canonical\" href=\"https:\/\/elfaroonline.com.ar\/index.php\/2026\/04\/09\/crece-el-ausentismo-escolar-en-argentina-y-ya-afecta-a-mas-de-la-mitad-de-los-estudiantes\/\" \/>\n\t<meta name=\"generator\" content=\"All in One SEO (AIOSEO) 5.0.0.1\" \/>\n\t\t<meta property=\"og:locale\" content=\"es_ES\" \/>\n\t\t<meta property=\"og:site_name\" content=\"elfaroonline.com.ar -\" \/>\n\t\t<meta property=\"og:type\" content=\"article\" \/>\n\t\t<meta property=\"og:title\" content=\"Crece el ausentismo escolar en Argentina y ya afecta a m\u00e1s de la mitad de los estudiantes\" \/>\n\t\t<meta property=\"og:description\" content=\"El ausentismo escolar se consolid\u00f3 como una de las principales preocupaciones del sistema educativo en la Argentina. Seg\u00fan un informe de\" \/>\n\t\t<meta property=\"og:url\" content=\"https:\/\/elfaroonline.com.ar\/index.php\/2026\/04\/09\/crece-el-ausentismo-escolar-en-argentina-y-ya-afecta-a-mas-de-la-mitad-de-los-estudiantes\/\" \/>\n\t\t<meta property=\"article:published_time\" content=\"2026-04-09T15:00:03+00:00\" \/>\n\t\t<meta property=\"article:modified_time\" content=\"2026-04-09T15:00:03+00:00\" \/>\n\t\t<meta name=\"twitter:card\" content=\"summary_large_image\" \/>\n\t\t<meta name=\"twitter:title\" content=\"Crece el ausentismo escolar en Argentina y ya afecta a m\u00e1s de la mitad de los estudiantes\" \/>\n\t\t<meta name=\"twitter:description\" content=\"El ausentismo escolar se consolid\u00f3 como una de las principales preocupaciones del sistema educativo en la Argentina. Seg\u00fan un informe de\" \/>\n\t\t<script type=\"application\/ld+json\" class=\"aioseo-schema\">\n\t\t\t{\"@context\":\"https:\\\/\\\/schema.org\",\"@graph\":[{\"@type\":\"BlogPosting\",\"@id\":\"https:\\\/\\\/elfaroonline.com.ar\\\/index.php\\\/2026\\\/04\\\/09\\\/crece-el-ausentismo-escolar-en-argentina-y-ya-afecta-a-mas-de-la-mitad-de-los-estudiantes\\\/#blogposting\",\"name\":\"Crece el ausentismo escolar en Argentina y ya afecta a m\\u00e1s de la mitad de los estudiantes\",\"headline\":\"Crece el ausentismo escolar en Argentina y ya afecta a m\\u00e1s de la mitad de los estudiantes\",\"author\":{\"@id\":\"https:\\\/\\\/elfaroonline.com.ar\\\/index.php\\\/author\\\/elfaro\\\/#author\"},\"publisher\":{\"@id\":\"https:\\\/\\\/elfaroonline.com.ar\\\/#organization\"},\"image\":{\"@type\":\"ImageObject\",\"url\":\"https:\\\/\\\/elfaroonline.com.ar\\\/wp-content\\\/uploads\\\/2026\\\/04\\\/ayuda-escolar-clases.png\",\"width\":755,\"height\":492},\"datePublished\":\"2026-04-09T12:00:03-03:00\",\"dateModified\":\"2026-04-09T12:00:03-03:00\",\"inLanguage\":\"es-AR\",\"mainEntityOfPage\":{\"@id\":\"https:\\\/\\\/elfaroonline.com.ar\\\/index.php\\\/2026\\\/04\\\/09\\\/crece-el-ausentismo-escolar-en-argentina-y-ya-afecta-a-mas-de-la-mitad-de-los-estudiantes\\\/#webpage\"},\"isPartOf\":{\"@id\":\"https:\\\/\\\/elfaroonline.com.ar\\\/index.php\\\/2026\\\/04\\\/09\\\/crece-el-ausentismo-escolar-en-argentina-y-ya-afecta-a-mas-de-la-mitad-de-los-estudiantes\\\/#webpage\"},\"articleSection\":\"Nacionales, ausentismo, escuelas\"},{\"@type\":\"BreadcrumbList\",\"@id\":\"https:\\\/\\\/elfaroonline.com.ar\\\/index.php\\\/2026\\\/04\\\/09\\\/crece-el-ausentismo-escolar-en-argentina-y-ya-afecta-a-mas-de-la-mitad-de-los-estudiantes\\\/#breadcrumblist\",\"itemListElement\":[{\"@type\":\"ListItem\",\"@id\":\"https:\\\/\\\/elfaroonline.com.ar#listItem\",\"position\":1,\"name\":\"Home\",\"item\":\"https:\\\/\\\/elfaroonline.com.ar\",\"nextItem\":{\"@type\":\"ListItem\",\"@id\":\"https:\\\/\\\/elfaroonline.com.ar\\\/index.php\\\/category\\\/nacionales\\\/#listItem\",\"name\":\"Nacionales\"}},{\"@type\":\"ListItem\",\"@id\":\"https:\\\/\\\/elfaroonline.com.ar\\\/index.php\\\/category\\\/nacionales\\\/#listItem\",\"position\":2,\"name\":\"Nacionales\",\"item\":\"https:\\\/\\\/elfaroonline.com.ar\\\/index.php\\\/category\\\/nacionales\\\/\",\"nextItem\":{\"@type\":\"ListItem\",\"@id\":\"https:\\\/\\\/elfaroonline.com.ar\\\/index.php\\\/2026\\\/04\\\/09\\\/crece-el-ausentismo-escolar-en-argentina-y-ya-afecta-a-mas-de-la-mitad-de-los-estudiantes\\\/#listItem\",\"name\":\"Crece el ausentismo escolar en Argentina y ya afecta a m\\u00e1s de la mitad de los estudiantes\"},\"previousItem\":{\"@type\":\"ListItem\",\"@id\":\"https:\\\/\\\/elfaroonline.com.ar#listItem\",\"name\":\"Home\"}},{\"@type\":\"ListItem\",\"@id\":\"https:\\\/\\\/elfaroonline.com.ar\\\/index.php\\\/2026\\\/04\\\/09\\\/crece-el-ausentismo-escolar-en-argentina-y-ya-afecta-a-mas-de-la-mitad-de-los-estudiantes\\\/#listItem\",\"position\":3,\"name\":\"Crece el ausentismo escolar en Argentina y ya afecta a m\\u00e1s de la mitad de los estudiantes\",\"previousItem\":{\"@type\":\"ListItem\",\"@id\":\"https:\\\/\\\/elfaroonline.com.ar\\\/index.php\\\/category\\\/nacionales\\\/#listItem\",\"name\":\"Nacionales\"}}]},{\"@type\":\"Organization\",\"@id\":\"https:\\\/\\\/elfaroonline.com.ar\\\/#organization\",\"name\":\"elfaroonline.com.ar\",\"url\":\"https:\\\/\\\/elfaroonline.com.ar\\\/\"},{\"@type\":\"Person\",\"@id\":\"https:\\\/\\\/elfaroonline.com.ar\\\/index.php\\\/author\\\/elfaro\\\/#author\",\"url\":\"https:\\\/\\\/elfaroonline.com.ar\\\/index.php\\\/author\\\/elfaro\\\/\",\"name\":\"El Faro Online\",\"image\":{\"@type\":\"ImageObject\",\"@id\":\"https:\\\/\\\/elfaroonline.com.ar\\\/index.php\\\/2026\\\/04\\\/09\\\/crece-el-ausentismo-escolar-en-argentina-y-ya-afecta-a-mas-de-la-mitad-de-los-estudiantes\\\/#authorImage\",\"url\":\"https:\\\/\\\/secure.gravatar.com\\\/avatar\\\/97dc46c3711deda1040382679fc31e66bb0f67b30b6dec3feea788d18888f5f7?s=96&d=mm&r=g\",\"width\":96,\"height\":96,\"caption\":\"El Faro Online\"}},{\"@type\":\"WebPage\",\"@id\":\"https:\\\/\\\/elfaroonline.com.ar\\\/index.php\\\/2026\\\/04\\\/09\\\/crece-el-ausentismo-escolar-en-argentina-y-ya-afecta-a-mas-de-la-mitad-de-los-estudiantes\\\/#webpage\",\"url\":\"https:\\\/\\\/elfaroonline.com.ar\\\/index.php\\\/2026\\\/04\\\/09\\\/crece-el-ausentismo-escolar-en-argentina-y-ya-afecta-a-mas-de-la-mitad-de-los-estudiantes\\\/\",\"name\":\"Crece el ausentismo escolar en Argentina y ya afecta a m\\u00e1s de la mitad de los estudiantes\",\"description\":\"El ausentismo escolar se consolid\\u00f3 como una de las principales preocupaciones del sistema educativo en la Argentina. Seg\\u00fan un informe de\",\"inLanguage\":\"es-AR\",\"isPartOf\":{\"@id\":\"https:\\\/\\\/elfaroonline.com.ar\\\/#website\"},\"breadcrumb\":{\"@id\":\"https:\\\/\\\/elfaroonline.com.ar\\\/index.php\\\/2026\\\/04\\\/09\\\/crece-el-ausentismo-escolar-en-argentina-y-ya-afecta-a-mas-de-la-mitad-de-los-estudiantes\\\/#breadcrumblist\"},\"author\":{\"@id\":\"https:\\\/\\\/elfaroonline.com.ar\\\/index.php\\\/author\\\/elfaro\\\/#author\"},\"creator\":{\"@id\":\"https:\\\/\\\/elfaroonline.com.ar\\\/index.php\\\/author\\\/elfaro\\\/#author\"},\"image\":{\"@type\":\"ImageObject\",\"url\":\"https:\\\/\\\/elfaroonline.com.ar\\\/wp-content\\\/uploads\\\/2026\\\/04\\\/ayuda-escolar-clases.png\",\"@id\":\"https:\\\/\\\/elfaroonline.com.ar\\\/index.php\\\/2026\\\/04\\\/09\\\/crece-el-ausentismo-escolar-en-argentina-y-ya-afecta-a-mas-de-la-mitad-de-los-estudiantes\\\/#mainImage\",\"width\":755,\"height\":492},\"primaryImageOfPage\":{\"@id\":\"https:\\\/\\\/elfaroonline.com.ar\\\/index.php\\\/2026\\\/04\\\/09\\\/crece-el-ausentismo-escolar-en-argentina-y-ya-afecta-a-mas-de-la-mitad-de-los-estudiantes\\\/#mainImage\"},\"datePublished\":\"2026-04-09T12:00:03-03:00\",\"dateModified\":\"2026-04-09T12:00:03-03:00\"},{\"@type\":\"WebSite\",\"@id\":\"https:\\\/\\\/elfaroonline.com.ar\\\/#website\",\"url\":\"https:\\\/\\\/elfaroonline.com.ar\\\/\",\"name\":\"elfaroonline.com.ar\",\"inLanguage\":\"es-AR\",\"publisher\":{\"@id\":\"https:\\\/\\\/elfaroonline.com.ar\\\/#organization\"}}]}\n\t\t<\/script>\n\t\t<!-- All in One SEO -->\n\n","aioseo_head_json":{"title":"Crece el ausentismo escolar en Argentina y ya afecta a m\u00e1s de la mitad de los estudiantes","description":"El ausentismo escolar se consolid\u00f3 como una de las principales preocupaciones del sistema educativo en la Argentina. Seg\u00fan un informe de","canonical_url":"https:\/\/elfaroonline.com.ar\/index.php\/2026\/04\/09\/crece-el-ausentismo-escolar-en-argentina-y-ya-afecta-a-mas-de-la-mitad-de-los-estudiantes\/","robots":"max-image-preview:large","keywords":"","webmasterTools":{"miscellaneous":""},"schema":{"@context":"https:\/\/schema.org","@graph":[{"@type":"BlogPosting","@id":"https:\/\/elfaroonline.com.ar\/index.php\/2026\/04\/09\/crece-el-ausentismo-escolar-en-argentina-y-ya-afecta-a-mas-de-la-mitad-de-los-estudiantes\/#blogposting","name":"Crece el ausentismo escolar en Argentina y ya afecta a m\u00e1s de la mitad de los estudiantes","headline":"Crece el ausentismo escolar en Argentina y ya afecta a m\u00e1s de la mitad de los estudiantes","author":{"@id":"https:\/\/elfaroonline.com.ar\/index.php\/author\/elfaro\/#author"},"publisher":{"@id":"https:\/\/elfaroonline.com.ar\/#organization"},"image":{"@type":"ImageObject","url":"https:\/\/elfaroonline.com.ar\/wp-content\/uploads\/2026\/04\/ayuda-escolar-clases.png","width":755,"height":492},"datePublished":"2026-04-09T12:00:03-03:00","dateModified":"2026-04-09T12:00:03-03:00","inLanguage":"es-AR","mainEntityOfPage":{"@id":"https:\/\/elfaroonline.com.ar\/index.php\/2026\/04\/09\/crece-el-ausentismo-escolar-en-argentina-y-ya-afecta-a-mas-de-la-mitad-de-los-estudiantes\/#webpage"},"isPartOf":{"@id":"https:\/\/elfaroonline.com.ar\/index.php\/2026\/04\/09\/crece-el-ausentismo-escolar-en-argentina-y-ya-afecta-a-mas-de-la-mitad-de-los-estudiantes\/#webpage"},"articleSection":"Nacionales, ausentismo, escuelas"},{"@type":"BreadcrumbList","@id":"https:\/\/elfaroonline.com.ar\/index.php\/2026\/04\/09\/crece-el-ausentismo-escolar-en-argentina-y-ya-afecta-a-mas-de-la-mitad-de-los-estudiantes\/#breadcrumblist","itemListElement":[{"@type":"ListItem","@id":"https:\/\/elfaroonline.com.ar#listItem","position":1,"name":"Home","item":"https:\/\/elfaroonline.com.ar","nextItem":{"@type":"ListItem","@id":"https:\/\/elfaroonline.com.ar\/index.php\/category\/nacionales\/#listItem","name":"Nacionales"}},{"@type":"ListItem","@id":"https:\/\/elfaroonline.com.ar\/index.php\/category\/nacionales\/#listItem","position":2,"name":"Nacionales","item":"https:\/\/elfaroonline.com.ar\/index.php\/category\/nacionales\/","nextItem":{"@type":"ListItem","@id":"https:\/\/elfaroonline.com.ar\/index.php\/2026\/04\/09\/crece-el-ausentismo-escolar-en-argentina-y-ya-afecta-a-mas-de-la-mitad-de-los-estudiantes\/#listItem","name":"Crece el ausentismo escolar en Argentina y ya afecta a m\u00e1s de la mitad de los estudiantes"},"previousItem":{"@type":"ListItem","@id":"https:\/\/elfaroonline.com.ar#listItem","name":"Home"}},{"@type":"ListItem","@id":"https:\/\/elfaroonline.com.ar\/index.php\/2026\/04\/09\/crece-el-ausentismo-escolar-en-argentina-y-ya-afecta-a-mas-de-la-mitad-de-los-estudiantes\/#listItem","position":3,"name":"Crece el ausentismo escolar en Argentina y ya afecta a m\u00e1s de la mitad de los estudiantes","previousItem":{"@type":"ListItem","@id":"https:\/\/elfaroonline.com.ar\/index.php\/category\/nacionales\/#listItem","name":"Nacionales"}}]},{"@type":"Organization","@id":"https:\/\/elfaroonline.com.ar\/#organization","name":"elfaroonline.com.ar","url":"https:\/\/elfaroonline.com.ar\/"},{"@type":"Person","@id":"https:\/\/elfaroonline.com.ar\/index.php\/author\/elfaro\/#author","url":"https:\/\/elfaroonline.com.ar\/index.php\/author\/elfaro\/","name":"El Faro Online","image":{"@type":"ImageObject","@id":"https:\/\/elfaroonline.com.ar\/index.php\/2026\/04\/09\/crece-el-ausentismo-escolar-en-argentina-y-ya-afecta-a-mas-de-la-mitad-de-los-estudiantes\/#authorImage","url":"https:\/\/secure.gravatar.com\/avatar\/97dc46c3711deda1040382679fc31e66bb0f67b30b6dec3feea788d18888f5f7?s=96&d=mm&r=g","width":96,"height":96,"caption":"El Faro Online"}},{"@type":"WebPage","@id":"https:\/\/elfaroonline.com.ar\/index.php\/2026\/04\/09\/crece-el-ausentismo-escolar-en-argentina-y-ya-afecta-a-mas-de-la-mitad-de-los-estudiantes\/#webpage","url":"https:\/\/elfaroonline.com.ar\/index.php\/2026\/04\/09\/crece-el-ausentismo-escolar-en-argentina-y-ya-afecta-a-mas-de-la-mitad-de-los-estudiantes\/","name":"Crece el ausentismo escolar en Argentina y ya afecta a m\u00e1s de la mitad de los estudiantes","description":"El ausentismo escolar se consolid\u00f3 como una de las principales preocupaciones del sistema educativo en la Argentina. Seg\u00fan un informe de","inLanguage":"es-AR","isPartOf":{"@id":"https:\/\/elfaroonline.com.ar\/#website"},"breadcrumb":{"@id":"https:\/\/elfaroonline.com.ar\/index.php\/2026\/04\/09\/crece-el-ausentismo-escolar-en-argentina-y-ya-afecta-a-mas-de-la-mitad-de-los-estudiantes\/#breadcrumblist"},"author":{"@id":"https:\/\/elfaroonline.com.ar\/index.php\/author\/elfaro\/#author"},"creator":{"@id":"https:\/\/elfaroonline.com.ar\/index.php\/author\/elfaro\/#author"},"image":{"@type":"ImageObject","url":"https:\/\/elfaroonline.com.ar\/wp-content\/uploads\/2026\/04\/ayuda-escolar-clases.png","@id":"https:\/\/elfaroonline.com.ar\/index.php\/2026\/04\/09\/crece-el-ausentismo-escolar-en-argentina-y-ya-afecta-a-mas-de-la-mitad-de-los-estudiantes\/#mainImage","width":755,"height":492},"primaryImageOfPage":{"@id":"https:\/\/elfaroonline.com.ar\/index.php\/2026\/04\/09\/crece-el-ausentismo-escolar-en-argentina-y-ya-afecta-a-mas-de-la-mitad-de-los-estudiantes\/#mainImage"},"datePublished":"2026-04-09T12:00:03-03:00","dateModified":"2026-04-09T12:00:03-03:00"},{"@type":"WebSite","@id":"https:\/\/elfaroonline.com.ar\/#website","url":"https:\/\/elfaroonline.com.ar\/","name":"elfaroonline.com.ar","inLanguage":"es-AR","publisher":{"@id":"https:\/\/elfaroonline.com.ar\/#organization"}}]},"og:locale":"es_ES","og:site_name":"elfaroonline.com.ar -","og:type":"article","og:title":"Crece el ausentismo escolar en Argentina y ya afecta a m\u00e1s de la mitad de los estudiantes","og:description":"El ausentismo escolar se consolid\u00f3 como una de las principales preocupaciones del sistema educativo en la Argentina. Seg\u00fan un informe de","og:url":"https:\/\/elfaroonline.com.ar\/index.php\/2026\/04\/09\/crece-el-ausentismo-escolar-en-argentina-y-ya-afecta-a-mas-de-la-mitad-de-los-estudiantes\/","article:published_time":"2026-04-09T15:00:03+00:00","article:modified_time":"2026-04-09T15:00:03+00:00","twitter:card":"summary_large_image","twitter:title":"Crece el ausentismo escolar en Argentina y ya afecta a m\u00e1s de la mitad de los estudiantes","twitter:description":"El ausentismo escolar se consolid\u00f3 como una de las principales preocupaciones del sistema educativo en la Argentina. Seg\u00fan un informe de"},"aioseo_meta_data":{"post_id":"5581","title":"Crece el ausentismo escolar en Argentina y ya afecta a m\u00e1s de la mitad de los estudiantes","description":"El ausentismo escolar se consolid\u00f3 como una de las principales preocupaciones del sistema educativo en la Argentina. Seg\u00fan un informe de","keywords":null,"keyphrases":{"focus":{"keyphrase":"escuelas","score":37,"analysis":{"keyphraseInTitle":{"score":3,"maxScore":9,"error":1},"keyphraseInDescription":{"score":3,"maxScore":9,"error":1},"keyphraseLength":{"score":9,"maxScore":9,"error":0,"length":1},"keyphraseInURL":{"score":1,"maxScore":5,"error":1},"keyphraseInIntroduction":{"score":3,"maxScore":9,"error":1},"keyphraseInSubHeadings":{"score":3,"maxScore":9,"error":1},"keyphraseInImageAlt":[],"keywordDensity":{"score":0,"type":"low","maxScore":9,"error":1}}},"additional":[]},"primary_term":null,"canonical_url":null,"og_title":null,"og_description":null,"og_object_type":"default","og_image_type":"default","og_image_url":null,"og_image_width":null,"og_image_height":null,"og_image_custom_url":null,"og_image_custom_fields":null,"og_video":"","og_custom_url":null,"og_article_section":null,"og_article_tags":null,"twitter_use_og":false,"twitter_card":"default","twitter_image_type":"default","twitter_image_url":null,"twitter_image_custom_url":null,"twitter_image_custom_fields":null,"twitter_title":null,"twitter_description":null,"schema":{"blockGraphs":[],"customGraphs":[],"default":{"data":{"Article":[],"Course":[],"Dataset":[],"FAQPage":[],"Movie":[],"Person":[],"Product":[],"ProductReview":[],"Car":[],"Recipe":[],"Service":[],"SoftwareApplication":[],"WebPage":[]},"graphName":"BlogPosting","isEnabled":true},"graphs":[]},"schema_type":"default","schema_type_options":null,"pillar_content":false,"robots_default":true,"robots_noindex":false,"robots_noarchive":false,"robots_nosnippet":false,"robots_nofollow":false,"robots_noimageindex":false,"robots_noodp":false,"robots_notranslate":false,"robots_max_snippet":"-1","robots_max_videopreview":"-1","robots_max_imagepreview":"large","priority":null,"frequency":"default","local_seo":null,"breadcrumb_settings":null,"limit_modified_date":false,"ai":{"faqs":[],"keyPoints":[],"titles":[],"descriptions":[],"socialPosts":{"email":[],"linkedin":[],"twitter":[],"facebook":[],"instagram":[]}},"created":"2026-04-09 15:00:04","updated":"2026-04-09 15:00:15","seo_analyzer_scan_date":null,"focus_keyword":"escuelas","additional_keywords":null,"truseo_locale":null},"aioseo_breadcrumb":"<div class=\"aioseo-breadcrumbs\"><span class=\"aioseo-breadcrumb\">\n\t\t\t<a href=\"https:\/\/elfaroonline.com.ar\" title=\"Home\">Home<\/a>\n\t\t<\/span><span class=\"aioseo-breadcrumb-separator\">&raquo;<\/span><span class=\"aioseo-breadcrumb\">\n\t\t\t<a href=\"https:\/\/elfaroonline.com.ar\/index.php\/category\/nacionales\/\" title=\"Nacionales\">Nacionales<\/a>\n\t\t<\/span><span class=\"aioseo-breadcrumb-separator\">&raquo;<\/span><span class=\"aioseo-breadcrumb\">\n\t\t\tCrece el ausentismo escolar en Argentina y ya afecta a m\u00e1s de la mitad de los estudiantes\n\t\t<\/span><\/div>","aioseo_breadcrumb_json":[{"label":"Home","link":"https:\/\/elfaroonline.com.ar"},{"label":"Nacionales","link":"https:\/\/elfaroonline.com.ar\/index.php\/category\/nacionales\/"},{"label":"Crece el ausentismo escolar en Argentina y ya afecta a m\u00e1s de la mitad de los estudiantes","link":"https:\/\/elfaroonline.com.ar\/index.php\/2026\/04\/09\/crece-el-ausentismo-escolar-en-argentina-y-ya-afecta-a-mas-de-la-mitad-de-los-estudiantes\/"}],"_links":{"self":[{"href":"https:\/\/elfaroonline.com.ar\/index.php\/wp-json\/wp\/v2\/posts\/5581","targetHints":{"allow":["GET"]}}],"collection":[{"href":"https:\/\/elfaroonline.com.ar\/index.php\/wp-json\/wp\/v2\/posts"}],"about":[{"href":"https:\/\/elfaroonline.com.ar\/index.php\/wp-json\/wp\/v2\/types\/post"}],"author":[{"embeddable":true,"href":"https:\/\/elfaroonline.com.ar\/index.php\/wp-json\/wp\/v2\/users\/2"}],"replies":[{"embeddable":true,"href":"https:\/\/elfaroonline.com.ar\/index.php\/wp-json\/wp\/v2\/comments?post=5581"}],"version-history":[{"count":2,"href":"https:\/\/elfaroonline.com.ar\/index.php\/wp-json\/wp\/v2\/posts\/5581\/revisions"}],"predecessor-version":[{"id":5583,"href":"https:\/\/elfaroonline.com.ar\/index.php\/wp-json\/wp\/v2\/posts\/5581\/revisions\/5583"}],"wp:featuredmedia":[{"embeddable":true,"href":"https:\/\/elfaroonline.com.ar\/index.php\/wp-json\/wp\/v2\/media\/5524"}],"wp:attachment":[{"href":"https:\/\/elfaroonline.com.ar\/index.php\/wp-json\/wp\/v2\/media?parent=5581"}],"wp:term":[{"taxonomy":"category","embeddable":true,"href":"https:\/\/elfaroonline.com.ar\/index.php\/wp-json\/wp\/v2\/categories?post=5581"},{"taxonomy":"post_tag","embeddable":true,"href":"https:\/\/elfaroonline.com.ar\/index.php\/wp-json\/wp\/v2\/tags?post=5581"}],"curies":[{"name":"wp","href":"https:\/\/api.w.org\/{rel}","templated":true}]}}