{"id":559,"date":"2024-05-12T16:16:48","date_gmt":"2024-05-12T19:16:48","guid":{"rendered":"https:\/\/elfaroonline.com.ar\/?p=559"},"modified":"2024-05-12T16:16:48","modified_gmt":"2024-05-12T19:16:48","slug":"catamarca-y-el-cfi-avanzan-con-el-estudio-ambiental-integral-en-rio-los-patos","status":"publish","type":"post","link":"https:\/\/elfaroonline.com.ar\/index.php\/2024\/05\/12\/catamarca-y-el-cfi-avanzan-con-el-estudio-ambiental-integral-en-rio-los-patos\/","title":{"rendered":"Catamarca y el CFI avanzan con el estudio ambiental integral en R\u00edo Los Patos"},"content":{"rendered":"<p class=\"v1MsoNormal\">El gobernador Ra\u00fal Jalil se reuni\u00f3 con el secretario general del Consejo Federal de Inversiones (CFI), Ignacio Lamothe, con el objetivo de avanzar en importantes proyectos para el desarrollo sostenible de la regi\u00f3n.<\/p>\n<p class=\"v1MsoNormal\">Las autoridades dialogaron sobre el financiamiento y ejecuci\u00f3n de una nueva etapa del estudio y plan de gesti\u00f3n integral del impacto ambiental acumulativo del desarrollo de la actividad minera del litio sobre el R\u00edo Los Patos en el Salar del Hombre Muerto (Antofagasta de la Sierra).<\/p>\n<p class=\"v1MsoNormal\">Se busca que al finalizar el proyecto el Gobierno de Catamarca cuente con un estudio y plan de gesti\u00f3n de los impactos ambientales acumulativos e integrales de la actividad minera de litio en la subcuenca del r\u00edo Los Patos, desarrollado con una metodolog\u00eda que se pueda replicar en otras cuencas h\u00eddricas de la provincia.<\/p>\n<p class=\"v1MsoNormal\">En 2019, el CFI realiz\u00f3 un estudio hidrogeol\u00f3gico en la cuenca R\u00edo de Los Patos que, como gran contribuci\u00f3n de esa primera etapa del proyecto, integr\u00f3 los datos antecedentes y los obtenidos en dicho estudio, en un Sistema de Informaci\u00f3n Geogr\u00e1fica, que ya forma parte del informe disponible abierto al p\u00fablico.<\/p>\n<p class=\"v1MsoNormal\">En aquel momento, el informe logr\u00f3 recopilar los principales antecedentes t\u00e9cnicos e informaci\u00f3n de inter\u00e9s hidrogeol\u00f3gico, existentes en el \u00e1mbito de la cuenca del R\u00edo Los Patos, permitiendo obtener algunos datos claves de los diferentes medios de circulaci\u00f3n del agua subterr\u00e1nea, que conforman el Sistema Acu\u00edfero Los Patos (SALP).<\/p>\n<p class=\"v1MsoNormal\">Esta informaci\u00f3n de subsuelo, sumada a los antecedentes de estudios geof\u00edsicos realizados tanto para exploraci\u00f3n minera como hidrogeol\u00f3gica, permiti\u00f3 diagramar una campa\u00f1a de prospecci\u00f3n geof\u00edsica (geoel\u00e9ctrica) complementaria, a\u00f1adiendo datos en aquellos sitios donde la cantidad era insuficiente.<\/p>\n<p class=\"v1MsoNormal\">La caracterizaci\u00f3n hidrogeol\u00f3gica preliminar del \u00e1rea y la informaci\u00f3n geol\u00f3gica de subsuelo lograda tras la interpretaci\u00f3n integrada de los datos de perforaciones y perfiles geof\u00edsicos, permitieron recomendar acciones tendientes a develar algunos aspectos claves de los medios de circulaci\u00f3n del agua subterr\u00e1nea, en pos del objetivo general del proyecto, que es el de establecer un modelo conceptual y num\u00e9rico del SALP.<\/p>\n","protected":false},"excerpt":{"rendered":"<p>El gobernador Ra\u00fal Jalil se reuni\u00f3 con el secretario general del Consejo Federal de Inversiones (CFI), Ignacio Lamothe, con el objetivo de avanzar en importantes proyectos para el desarrollo sostenible de la regi\u00f3n. Las autoridades dialogaron sobre el financiamiento y ejecuci\u00f3n de una nueva etapa del estudio y plan de gesti\u00f3n integral del impacto ambiental [&hellip;]<\/p>\n","protected":false},"author":2,"featured_media":560,"comment_status":"open","ping_status":"open","sticky":false,"template":"","format":"standard","meta":{"footnotes":""},"categories":[23,21],"tags":[],"class_list":{"0":"post-559","1":"post","2":"type-post","3":"status-publish","4":"format-standard","5":"has-post-thumbnail","7":"category-destacados","8":"category-politica"},"aioseo_notices":[],"_links":{"self":[{"href":"https:\/\/elfaroonline.com.ar\/index.php\/wp-json\/wp\/v2\/posts\/559","targetHints":{"allow":["GET"]}}],"collection":[{"href":"https:\/\/elfaroonline.com.ar\/index.php\/wp-json\/wp\/v2\/posts"}],"about":[{"href":"https:\/\/elfaroonline.com.ar\/index.php\/wp-json\/wp\/v2\/types\/post"}],"author":[{"embeddable":true,"href":"https:\/\/elfaroonline.com.ar\/index.php\/wp-json\/wp\/v2\/users\/2"}],"replies":[{"embeddable":true,"href":"https:\/\/elfaroonline.com.ar\/index.php\/wp-json\/wp\/v2\/comments?post=559"}],"version-history":[{"count":1,"href":"https:\/\/elfaroonline.com.ar\/index.php\/wp-json\/wp\/v2\/posts\/559\/revisions"}],"predecessor-version":[{"id":561,"href":"https:\/\/elfaroonline.com.ar\/index.php\/wp-json\/wp\/v2\/posts\/559\/revisions\/561"}],"wp:featuredmedia":[{"embeddable":true,"href":"https:\/\/elfaroonline.com.ar\/index.php\/wp-json\/wp\/v2\/media\/560"}],"wp:attachment":[{"href":"https:\/\/elfaroonline.com.ar\/index.php\/wp-json\/wp\/v2\/media?parent=559"}],"wp:term":[{"taxonomy":"category","embeddable":true,"href":"https:\/\/elfaroonline.com.ar\/index.php\/wp-json\/wp\/v2\/categories?post=559"},{"taxonomy":"post_tag","embeddable":true,"href":"https:\/\/elfaroonline.com.ar\/index.php\/wp-json\/wp\/v2\/tags?post=559"}],"curies":[{"name":"wp","href":"https:\/\/api.w.org\/{rel}","templated":true}]}}