{"id":5591,"date":"2026-04-13T12:00:56","date_gmt":"2026-04-13T15:00:56","guid":{"rendered":"https:\/\/elfaroonline.com.ar\/?p=5591"},"modified":"2026-04-14T11:16:47","modified_gmt":"2026-04-14T14:16:47","slug":"tinogasta-el-gobernador-inaugurara-una-escuela-y-recorrera-el-camino-chuquisaca-el-penon","status":"publish","type":"post","link":"https:\/\/elfaroonline.com.ar\/index.php\/2026\/04\/13\/tinogasta-el-gobernador-inaugurara-una-escuela-y-recorrera-el-camino-chuquisaca-el-penon\/","title":{"rendered":"Tinogasta: el Gobernador inaugurar\u00e1 una escuela y recorrer\u00e1 el camino Chuquisaca-El Pe\u00f1\u00f3n"},"content":{"rendered":"<p style=\"font-weight: 400; text-align: justify;\">El gobernador Ra\u00fal Jalil encabezar\u00e1 este viernes y s\u00e1bado una intensa agenda de trabajo en el departamento Tinogasta, con actividades centradas en infraestructura, educaci\u00f3n y desarrollo regional.<\/p>\n<p style=\"font-weight: 400; text-align: justify;\">La agenda del mandatario fue confirmada tras una reuni\u00f3n realizada en dependencias de Vialidad Provincial, donde tambi\u00e9n participaron el intendente de Fiambal\u00e1, Ra\u00fal \u00dasqueda; el ministro de Hacienda y Obras P\u00fablicas, Juan Marchetti; y el director de Vialidad Provincial, Fernando Castillo.<\/p>\n<p style=\"font-weight: 400; text-align: justify;\">Seg\u00fan lo previsto, el viernes por la ma\u00f1ana el gobernador Jalil inaugurar\u00e1 el nuevo edificio de la Escuela T\u00e9cnica de Tinogasta, una obra clave para fortalecer la formaci\u00f3n profesional del departamento. Por la tarde, ya en Fiambal\u00e1, recorrer\u00e1 obras de asfaltado en ejecuci\u00f3n y mantendr\u00e1 reuniones para avanzar en el an\u00e1lisis del proyecto de bypass que busca mejorar la circulaci\u00f3n en esa localidad.<\/p>\n<p style=\"text-align: justify;\"><span style=\"font-weight: 400;\">La agenda continuar\u00e1 el s\u00e1bado con una recorrida por una obra estrat\u00e9gica: la apertura de un nuevo camino que es ejecutado por Vialidad Provincial que unir\u00e1 Chuquisaca con El Pe\u00f1\u00f3n. Este corredor es considerado clave para la integraci\u00f3n regional, ya que permitir\u00e1 una conexi\u00f3n directa entre Fiambal\u00e1 y Antofagasta de la Sierra, potenciando tanto el desarrollo productivo como el crecimiento tur\u00edstico en ambos departamentos.<\/span><\/p>\n","protected":false},"excerpt":{"rendered":"<p>El gobernador Ra\u00fal Jalil encabezar\u00e1 este viernes y s\u00e1bado una intensa agenda de trabajo en el departamento Tinogasta, con actividades centradas en infraestructura, educaci\u00f3n y desarrollo regional. La agenda del mandatario fue confirmada tras una reuni\u00f3n realizada en dependencias de Vialidad Provincial, donde tambi\u00e9n participaron el intendente de Fiambal\u00e1, Ra\u00fal \u00dasqueda; el ministro de Hacienda [&hellip;]<\/p>\n","protected":false},"author":2,"featured_media":5592,"comment_status":"open","ping_status":"open","sticky":false,"template":"","format":"standard","meta":{"footnotes":""},"categories":[23,21],"tags":[288],"class_list":{"0":"post-5591","1":"post","2":"type-post","3":"status-publish","4":"format-standard","5":"has-post-thumbnail","7":"category-destacados","8":"category-politica","9":"tag-tinogasta"},"aioseo_notices":[],"aioseo_head":"\n\t\t<!-- All in One SEO 5.0.0.1 - aioseo.com -->\n\t<meta name=\"description\" content=\"El gobernador Ra\u00fal Jalil encabezar\u00e1 este viernes y s\u00e1bado una intensa agenda de trabajo en el departamento Tinogasta, con actividades\" \/>\n\t<meta name=\"robots\" content=\"max-image-preview:large\" \/>\n\t<meta name=\"author\" content=\"El Faro Online\"\/>\n\t<link rel=\"canonical\" href=\"https:\/\/elfaroonline.com.ar\/index.php\/2026\/04\/13\/tinogasta-el-gobernador-inaugurara-una-escuela-y-recorrera-el-camino-chuquisaca-el-penon\/\" \/>\n\t<meta name=\"generator\" content=\"All in One SEO (AIOSEO) 5.0.0.1\" \/>\n\t\t<meta property=\"og:locale\" content=\"es_ES\" \/>\n\t\t<meta property=\"og:site_name\" content=\"elfaroonline.com.ar -\" \/>\n\t\t<meta property=\"og:type\" content=\"article\" \/>\n\t\t<meta property=\"og:title\" content=\"Tinogasta: el Gobernador inaugurar\u00e1 una escuela y recorrer\u00e1 el camino Chuquisaca-El Pe\u00f1\u00f3n\" \/>\n\t\t<meta property=\"og:description\" content=\"El gobernador Ra\u00fal Jalil encabezar\u00e1 este viernes y s\u00e1bado una intensa agenda de trabajo en el departamento Tinogasta, con actividades\" \/>\n\t\t<meta property=\"og:url\" content=\"https:\/\/elfaroonline.com.ar\/index.php\/2026\/04\/13\/tinogasta-el-gobernador-inaugurara-una-escuela-y-recorrera-el-camino-chuquisaca-el-penon\/\" \/>\n\t\t<meta property=\"article:published_time\" content=\"2026-04-13T15:00:56+00:00\" \/>\n\t\t<meta property=\"article:modified_time\" content=\"2026-04-14T14:16:47+00:00\" \/>\n\t\t<meta name=\"twitter:card\" content=\"summary_large_image\" \/>\n\t\t<meta name=\"twitter:title\" content=\"Tinogasta: el Gobernador inaugurar\u00e1 una escuela y recorrer\u00e1 el camino Chuquisaca-El Pe\u00f1\u00f3n\" \/>\n\t\t<meta name=\"twitter:description\" content=\"El gobernador Ra\u00fal Jalil encabezar\u00e1 este viernes y s\u00e1bado una intensa agenda de trabajo en el departamento Tinogasta, con actividades\" \/>\n\t\t<script type=\"application\/ld+json\" class=\"aioseo-schema\">\n\t\t\t{\"@context\":\"https:\\\/\\\/schema.org\",\"@graph\":[{\"@type\":\"BlogPosting\",\"@id\":\"https:\\\/\\\/elfaroonline.com.ar\\\/index.php\\\/2026\\\/04\\\/13\\\/tinogasta-el-gobernador-inaugurara-una-escuela-y-recorrera-el-camino-chuquisaca-el-penon\\\/#blogposting\",\"name\":\"Tinogasta: el Gobernador inaugurar\\u00e1 una escuela y recorrer\\u00e1 el camino Chuquisaca-El Pe\\u00f1\\u00f3n\",\"headline\":\"Tinogasta: el Gobernador inaugurar\\u00e1 una escuela y recorrer\\u00e1 el camino Chuquisaca-El Pe\\u00f1\\u00f3n\",\"author\":{\"@id\":\"https:\\\/\\\/elfaroonline.com.ar\\\/index.php\\\/author\\\/elfaro\\\/#author\"},\"publisher\":{\"@id\":\"https:\\\/\\\/elfaroonline.com.ar\\\/#organization\"},\"image\":{\"@type\":\"ImageObject\",\"url\":\"https:\\\/\\\/elfaroonline.com.ar\\\/wp-content\\\/uploads\\\/2026\\\/04\\\/El-Gobernador-inaugurara-una-escuela-y-recorrera-el-camino-Chuquisaca-El-Penon-2.jpg\",\"width\":2626,\"height\":2101},\"datePublished\":\"2026-04-13T12:00:56-03:00\",\"dateModified\":\"2026-04-14T11:16:47-03:00\",\"inLanguage\":\"es-AR\",\"mainEntityOfPage\":{\"@id\":\"https:\\\/\\\/elfaroonline.com.ar\\\/index.php\\\/2026\\\/04\\\/13\\\/tinogasta-el-gobernador-inaugurara-una-escuela-y-recorrera-el-camino-chuquisaca-el-penon\\\/#webpage\"},\"isPartOf\":{\"@id\":\"https:\\\/\\\/elfaroonline.com.ar\\\/index.php\\\/2026\\\/04\\\/13\\\/tinogasta-el-gobernador-inaugurara-una-escuela-y-recorrera-el-camino-chuquisaca-el-penon\\\/#webpage\"},\"articleSection\":\"Destacados, Pol\\u00edtica, tinogasta\"},{\"@type\":\"BreadcrumbList\",\"@id\":\"https:\\\/\\\/elfaroonline.com.ar\\\/index.php\\\/2026\\\/04\\\/13\\\/tinogasta-el-gobernador-inaugurara-una-escuela-y-recorrera-el-camino-chuquisaca-el-penon\\\/#breadcrumblist\",\"itemListElement\":[{\"@type\":\"ListItem\",\"@id\":\"https:\\\/\\\/elfaroonline.com.ar#listItem\",\"position\":1,\"name\":\"Home\",\"item\":\"https:\\\/\\\/elfaroonline.com.ar\",\"nextItem\":{\"@type\":\"ListItem\",\"@id\":\"https:\\\/\\\/elfaroonline.com.ar\\\/index.php\\\/category\\\/politica\\\/#listItem\",\"name\":\"Pol\\u00edtica\"}},{\"@type\":\"ListItem\",\"@id\":\"https:\\\/\\\/elfaroonline.com.ar\\\/index.php\\\/category\\\/politica\\\/#listItem\",\"position\":2,\"name\":\"Pol\\u00edtica\",\"item\":\"https:\\\/\\\/elfaroonline.com.ar\\\/index.php\\\/category\\\/politica\\\/\",\"nextItem\":{\"@type\":\"ListItem\",\"@id\":\"https:\\\/\\\/elfaroonline.com.ar\\\/index.php\\\/2026\\\/04\\\/13\\\/tinogasta-el-gobernador-inaugurara-una-escuela-y-recorrera-el-camino-chuquisaca-el-penon\\\/#listItem\",\"name\":\"Tinogasta: el Gobernador inaugurar\\u00e1 una escuela y recorrer\\u00e1 el camino Chuquisaca-El Pe\\u00f1\\u00f3n\"},\"previousItem\":{\"@type\":\"ListItem\",\"@id\":\"https:\\\/\\\/elfaroonline.com.ar#listItem\",\"name\":\"Home\"}},{\"@type\":\"ListItem\",\"@id\":\"https:\\\/\\\/elfaroonline.com.ar\\\/index.php\\\/2026\\\/04\\\/13\\\/tinogasta-el-gobernador-inaugurara-una-escuela-y-recorrera-el-camino-chuquisaca-el-penon\\\/#listItem\",\"position\":3,\"name\":\"Tinogasta: el Gobernador inaugurar\\u00e1 una escuela y recorrer\\u00e1 el camino Chuquisaca-El Pe\\u00f1\\u00f3n\",\"previousItem\":{\"@type\":\"ListItem\",\"@id\":\"https:\\\/\\\/elfaroonline.com.ar\\\/index.php\\\/category\\\/politica\\\/#listItem\",\"name\":\"Pol\\u00edtica\"}}]},{\"@type\":\"Organization\",\"@id\":\"https:\\\/\\\/elfaroonline.com.ar\\\/#organization\",\"name\":\"elfaroonline.com.ar\",\"url\":\"https:\\\/\\\/elfaroonline.com.ar\\\/\"},{\"@type\":\"Person\",\"@id\":\"https:\\\/\\\/elfaroonline.com.ar\\\/index.php\\\/author\\\/elfaro\\\/#author\",\"url\":\"https:\\\/\\\/elfaroonline.com.ar\\\/index.php\\\/author\\\/elfaro\\\/\",\"name\":\"El Faro Online\",\"image\":{\"@type\":\"ImageObject\",\"@id\":\"https:\\\/\\\/elfaroonline.com.ar\\\/index.php\\\/2026\\\/04\\\/13\\\/tinogasta-el-gobernador-inaugurara-una-escuela-y-recorrera-el-camino-chuquisaca-el-penon\\\/#authorImage\",\"url\":\"https:\\\/\\\/secure.gravatar.com\\\/avatar\\\/97dc46c3711deda1040382679fc31e66bb0f67b30b6dec3feea788d18888f5f7?s=96&d=mm&r=g\",\"width\":96,\"height\":96,\"caption\":\"El Faro Online\"}},{\"@type\":\"WebPage\",\"@id\":\"https:\\\/\\\/elfaroonline.com.ar\\\/index.php\\\/2026\\\/04\\\/13\\\/tinogasta-el-gobernador-inaugurara-una-escuela-y-recorrera-el-camino-chuquisaca-el-penon\\\/#webpage\",\"url\":\"https:\\\/\\\/elfaroonline.com.ar\\\/index.php\\\/2026\\\/04\\\/13\\\/tinogasta-el-gobernador-inaugurara-una-escuela-y-recorrera-el-camino-chuquisaca-el-penon\\\/\",\"name\":\"Tinogasta: el Gobernador inaugurar\\u00e1 una escuela y recorrer\\u00e1 el camino Chuquisaca-El Pe\\u00f1\\u00f3n\",\"description\":\"El gobernador Ra\\u00fal Jalil encabezar\\u00e1 este viernes y s\\u00e1bado una intensa agenda de trabajo en el departamento Tinogasta, con actividades\",\"inLanguage\":\"es-AR\",\"isPartOf\":{\"@id\":\"https:\\\/\\\/elfaroonline.com.ar\\\/#website\"},\"breadcrumb\":{\"@id\":\"https:\\\/\\\/elfaroonline.com.ar\\\/index.php\\\/2026\\\/04\\\/13\\\/tinogasta-el-gobernador-inaugurara-una-escuela-y-recorrera-el-camino-chuquisaca-el-penon\\\/#breadcrumblist\"},\"author\":{\"@id\":\"https:\\\/\\\/elfaroonline.com.ar\\\/index.php\\\/author\\\/elfaro\\\/#author\"},\"creator\":{\"@id\":\"https:\\\/\\\/elfaroonline.com.ar\\\/index.php\\\/author\\\/elfaro\\\/#author\"},\"image\":{\"@type\":\"ImageObject\",\"url\":\"https:\\\/\\\/elfaroonline.com.ar\\\/wp-content\\\/uploads\\\/2026\\\/04\\\/El-Gobernador-inaugurara-una-escuela-y-recorrera-el-camino-Chuquisaca-El-Penon-2.jpg\",\"@id\":\"https:\\\/\\\/elfaroonline.com.ar\\\/index.php\\\/2026\\\/04\\\/13\\\/tinogasta-el-gobernador-inaugurara-una-escuela-y-recorrera-el-camino-chuquisaca-el-penon\\\/#mainImage\",\"width\":2626,\"height\":2101},\"primaryImageOfPage\":{\"@id\":\"https:\\\/\\\/elfaroonline.com.ar\\\/index.php\\\/2026\\\/04\\\/13\\\/tinogasta-el-gobernador-inaugurara-una-escuela-y-recorrera-el-camino-chuquisaca-el-penon\\\/#mainImage\"},\"datePublished\":\"2026-04-13T12:00:56-03:00\",\"dateModified\":\"2026-04-14T11:16:47-03:00\"},{\"@type\":\"WebSite\",\"@id\":\"https:\\\/\\\/elfaroonline.com.ar\\\/#website\",\"url\":\"https:\\\/\\\/elfaroonline.com.ar\\\/\",\"name\":\"elfaroonline.com.ar\",\"inLanguage\":\"es-AR\",\"publisher\":{\"@id\":\"https:\\\/\\\/elfaroonline.com.ar\\\/#organization\"}}]}\n\t\t<\/script>\n\t\t<!-- All in One SEO -->\n\n","aioseo_head_json":{"title":"Tinogasta: el Gobernador inaugurar\u00e1 una escuela y recorrer\u00e1 el camino Chuquisaca-El Pe\u00f1\u00f3n","description":"El gobernador Ra\u00fal Jalil encabezar\u00e1 este viernes y s\u00e1bado una intensa agenda de trabajo en el departamento Tinogasta, con actividades","canonical_url":"https:\/\/elfaroonline.com.ar\/index.php\/2026\/04\/13\/tinogasta-el-gobernador-inaugurara-una-escuela-y-recorrera-el-camino-chuquisaca-el-penon\/","robots":"max-image-preview:large","keywords":"","webmasterTools":{"miscellaneous":""},"schema":{"@context":"https:\/\/schema.org","@graph":[{"@type":"BlogPosting","@id":"https:\/\/elfaroonline.com.ar\/index.php\/2026\/04\/13\/tinogasta-el-gobernador-inaugurara-una-escuela-y-recorrera-el-camino-chuquisaca-el-penon\/#blogposting","name":"Tinogasta: el Gobernador inaugurar\u00e1 una escuela y recorrer\u00e1 el camino Chuquisaca-El Pe\u00f1\u00f3n","headline":"Tinogasta: el Gobernador inaugurar\u00e1 una escuela y recorrer\u00e1 el camino Chuquisaca-El Pe\u00f1\u00f3n","author":{"@id":"https:\/\/elfaroonline.com.ar\/index.php\/author\/elfaro\/#author"},"publisher":{"@id":"https:\/\/elfaroonline.com.ar\/#organization"},"image":{"@type":"ImageObject","url":"https:\/\/elfaroonline.com.ar\/wp-content\/uploads\/2026\/04\/El-Gobernador-inaugurara-una-escuela-y-recorrera-el-camino-Chuquisaca-El-Penon-2.jpg","width":2626,"height":2101},"datePublished":"2026-04-13T12:00:56-03:00","dateModified":"2026-04-14T11:16:47-03:00","inLanguage":"es-AR","mainEntityOfPage":{"@id":"https:\/\/elfaroonline.com.ar\/index.php\/2026\/04\/13\/tinogasta-el-gobernador-inaugurara-una-escuela-y-recorrera-el-camino-chuquisaca-el-penon\/#webpage"},"isPartOf":{"@id":"https:\/\/elfaroonline.com.ar\/index.php\/2026\/04\/13\/tinogasta-el-gobernador-inaugurara-una-escuela-y-recorrera-el-camino-chuquisaca-el-penon\/#webpage"},"articleSection":"Destacados, Pol\u00edtica, tinogasta"},{"@type":"BreadcrumbList","@id":"https:\/\/elfaroonline.com.ar\/index.php\/2026\/04\/13\/tinogasta-el-gobernador-inaugurara-una-escuela-y-recorrera-el-camino-chuquisaca-el-penon\/#breadcrumblist","itemListElement":[{"@type":"ListItem","@id":"https:\/\/elfaroonline.com.ar#listItem","position":1,"name":"Home","item":"https:\/\/elfaroonline.com.ar","nextItem":{"@type":"ListItem","@id":"https:\/\/elfaroonline.com.ar\/index.php\/category\/politica\/#listItem","name":"Pol\u00edtica"}},{"@type":"ListItem","@id":"https:\/\/elfaroonline.com.ar\/index.php\/category\/politica\/#listItem","position":2,"name":"Pol\u00edtica","item":"https:\/\/elfaroonline.com.ar\/index.php\/category\/politica\/","nextItem":{"@type":"ListItem","@id":"https:\/\/elfaroonline.com.ar\/index.php\/2026\/04\/13\/tinogasta-el-gobernador-inaugurara-una-escuela-y-recorrera-el-camino-chuquisaca-el-penon\/#listItem","name":"Tinogasta: el Gobernador inaugurar\u00e1 una escuela y recorrer\u00e1 el camino Chuquisaca-El Pe\u00f1\u00f3n"},"previousItem":{"@type":"ListItem","@id":"https:\/\/elfaroonline.com.ar#listItem","name":"Home"}},{"@type":"ListItem","@id":"https:\/\/elfaroonline.com.ar\/index.php\/2026\/04\/13\/tinogasta-el-gobernador-inaugurara-una-escuela-y-recorrera-el-camino-chuquisaca-el-penon\/#listItem","position":3,"name":"Tinogasta: el Gobernador inaugurar\u00e1 una escuela y recorrer\u00e1 el camino Chuquisaca-El Pe\u00f1\u00f3n","previousItem":{"@type":"ListItem","@id":"https:\/\/elfaroonline.com.ar\/index.php\/category\/politica\/#listItem","name":"Pol\u00edtica"}}]},{"@type":"Organization","@id":"https:\/\/elfaroonline.com.ar\/#organization","name":"elfaroonline.com.ar","url":"https:\/\/elfaroonline.com.ar\/"},{"@type":"Person","@id":"https:\/\/elfaroonline.com.ar\/index.php\/author\/elfaro\/#author","url":"https:\/\/elfaroonline.com.ar\/index.php\/author\/elfaro\/","name":"El Faro Online","image":{"@type":"ImageObject","@id":"https:\/\/elfaroonline.com.ar\/index.php\/2026\/04\/13\/tinogasta-el-gobernador-inaugurara-una-escuela-y-recorrera-el-camino-chuquisaca-el-penon\/#authorImage","url":"https:\/\/secure.gravatar.com\/avatar\/97dc46c3711deda1040382679fc31e66bb0f67b30b6dec3feea788d18888f5f7?s=96&d=mm&r=g","width":96,"height":96,"caption":"El Faro Online"}},{"@type":"WebPage","@id":"https:\/\/elfaroonline.com.ar\/index.php\/2026\/04\/13\/tinogasta-el-gobernador-inaugurara-una-escuela-y-recorrera-el-camino-chuquisaca-el-penon\/#webpage","url":"https:\/\/elfaroonline.com.ar\/index.php\/2026\/04\/13\/tinogasta-el-gobernador-inaugurara-una-escuela-y-recorrera-el-camino-chuquisaca-el-penon\/","name":"Tinogasta: el Gobernador inaugurar\u00e1 una escuela y recorrer\u00e1 el camino Chuquisaca-El Pe\u00f1\u00f3n","description":"El gobernador Ra\u00fal Jalil encabezar\u00e1 este viernes y s\u00e1bado una intensa agenda de trabajo en el departamento Tinogasta, con actividades","inLanguage":"es-AR","isPartOf":{"@id":"https:\/\/elfaroonline.com.ar\/#website"},"breadcrumb":{"@id":"https:\/\/elfaroonline.com.ar\/index.php\/2026\/04\/13\/tinogasta-el-gobernador-inaugurara-una-escuela-y-recorrera-el-camino-chuquisaca-el-penon\/#breadcrumblist"},"author":{"@id":"https:\/\/elfaroonline.com.ar\/index.php\/author\/elfaro\/#author"},"creator":{"@id":"https:\/\/elfaroonline.com.ar\/index.php\/author\/elfaro\/#author"},"image":{"@type":"ImageObject","url":"https:\/\/elfaroonline.com.ar\/wp-content\/uploads\/2026\/04\/El-Gobernador-inaugurara-una-escuela-y-recorrera-el-camino-Chuquisaca-El-Penon-2.jpg","@id":"https:\/\/elfaroonline.com.ar\/index.php\/2026\/04\/13\/tinogasta-el-gobernador-inaugurara-una-escuela-y-recorrera-el-camino-chuquisaca-el-penon\/#mainImage","width":2626,"height":2101},"primaryImageOfPage":{"@id":"https:\/\/elfaroonline.com.ar\/index.php\/2026\/04\/13\/tinogasta-el-gobernador-inaugurara-una-escuela-y-recorrera-el-camino-chuquisaca-el-penon\/#mainImage"},"datePublished":"2026-04-13T12:00:56-03:00","dateModified":"2026-04-14T11:16:47-03:00"},{"@type":"WebSite","@id":"https:\/\/elfaroonline.com.ar\/#website","url":"https:\/\/elfaroonline.com.ar\/","name":"elfaroonline.com.ar","inLanguage":"es-AR","publisher":{"@id":"https:\/\/elfaroonline.com.ar\/#organization"}}]},"og:locale":"es_ES","og:site_name":"elfaroonline.com.ar -","og:type":"article","og:title":"Tinogasta: el Gobernador inaugurar\u00e1 una escuela y recorrer\u00e1 el camino Chuquisaca-El Pe\u00f1\u00f3n","og:description":"El gobernador Ra\u00fal Jalil encabezar\u00e1 este viernes y s\u00e1bado una intensa agenda de trabajo en el departamento Tinogasta, con actividades","og:url":"https:\/\/elfaroonline.com.ar\/index.php\/2026\/04\/13\/tinogasta-el-gobernador-inaugurara-una-escuela-y-recorrera-el-camino-chuquisaca-el-penon\/","article:published_time":"2026-04-13T15:00:56+00:00","article:modified_time":"2026-04-14T14:16:47+00:00","twitter:card":"summary_large_image","twitter:title":"Tinogasta: el Gobernador inaugurar\u00e1 una escuela y recorrer\u00e1 el camino Chuquisaca-El Pe\u00f1\u00f3n","twitter:description":"El gobernador Ra\u00fal Jalil encabezar\u00e1 este viernes y s\u00e1bado una intensa agenda de trabajo en el departamento Tinogasta, con actividades"},"aioseo_meta_data":{"post_id":"5591","title":"Tinogasta: el Gobernador inaugurar\u00e1 una escuela y recorrer\u00e1 el camino Chuquisaca-El Pe\u00f1\u00f3n","description":"El gobernador Ra\u00fal Jalil encabezar\u00e1 este viernes y s\u00e1bado una intensa agenda de trabajo en el departamento Tinogasta, con actividades","keywords":null,"keyphrases":{"focus":{"keyphrase":"tinogasta","score":100,"analysis":{"keyphraseInTitle":{"score":9,"maxScore":9,"error":0},"keyphraseInDescription":{"score":9,"maxScore":9,"error":0},"keyphraseLength":{"score":9,"maxScore":9,"error":0,"length":1},"keyphraseInURL":{"score":5,"maxScore":5,"error":0},"keyphraseInIntroduction":{"score":9,"maxScore":9,"error":0},"keyphraseInSubHeadings":[],"keyphraseInImageAlt":[],"keywordDensity":{"type":"best","score":9,"maxScore":9,"error":0}}},"additional":[]},"primary_term":null,"canonical_url":null,"og_title":null,"og_description":null,"og_object_type":"default","og_image_type":"default","og_image_url":null,"og_image_width":null,"og_image_height":null,"og_image_custom_url":null,"og_image_custom_fields":null,"og_video":"","og_custom_url":null,"og_article_section":null,"og_article_tags":null,"twitter_use_og":false,"twitter_card":"default","twitter_image_type":"default","twitter_image_url":null,"twitter_image_custom_url":null,"twitter_image_custom_fields":null,"twitter_title":null,"twitter_description":null,"schema":{"blockGraphs":[],"customGraphs":[],"default":{"data":{"Article":[],"Course":[],"Dataset":[],"FAQPage":[],"Movie":[],"Person":[],"Product":[],"ProductReview":[],"Car":[],"Recipe":[],"Service":[],"SoftwareApplication":[],"WebPage":[]},"graphName":"BlogPosting","isEnabled":true},"graphs":[]},"schema_type":"default","schema_type_options":null,"pillar_content":false,"robots_default":true,"robots_noindex":false,"robots_noarchive":false,"robots_nosnippet":false,"robots_nofollow":false,"robots_noimageindex":false,"robots_noodp":false,"robots_notranslate":false,"robots_max_snippet":"-1","robots_max_videopreview":"-1","robots_max_imagepreview":"large","priority":null,"frequency":"default","local_seo":null,"breadcrumb_settings":null,"limit_modified_date":false,"ai":{"faqs":[],"keyPoints":[],"titles":[],"descriptions":[],"socialPosts":{"email":[],"linkedin":[],"twitter":[],"facebook":[],"instagram":[]}},"created":"2026-04-13 15:00:56","updated":"2026-04-14 14:30:25","seo_analyzer_scan_date":null,"focus_keyword":"tinogasta","additional_keywords":null,"truseo_locale":null},"aioseo_breadcrumb":"<div class=\"aioseo-breadcrumbs\"><span class=\"aioseo-breadcrumb\">\n\t\t\t<a href=\"https:\/\/elfaroonline.com.ar\" title=\"Home\">Home<\/a>\n\t\t<\/span><span class=\"aioseo-breadcrumb-separator\">&raquo;<\/span><span class=\"aioseo-breadcrumb\">\n\t\t\t<a href=\"https:\/\/elfaroonline.com.ar\/index.php\/category\/politica\/\" title=\"Pol\u00edtica\">Pol\u00edtica<\/a>\n\t\t<\/span><span class=\"aioseo-breadcrumb-separator\">&raquo;<\/span><span class=\"aioseo-breadcrumb\">\n\t\t\tTinogasta: el Gobernador inaugurar\u00e1 una escuela y recorrer\u00e1 el camino Chuquisaca-El Pe\u00f1\u00f3n\n\t\t<\/span><\/div>","aioseo_breadcrumb_json":[{"label":"Home","link":"https:\/\/elfaroonline.com.ar"},{"label":"Pol\u00edtica","link":"https:\/\/elfaroonline.com.ar\/index.php\/category\/politica\/"},{"label":"Tinogasta: el Gobernador inaugurar\u00e1 una escuela y recorrer\u00e1 el camino Chuquisaca-El Pe\u00f1\u00f3n","link":"https:\/\/elfaroonline.com.ar\/index.php\/2026\/04\/13\/tinogasta-el-gobernador-inaugurara-una-escuela-y-recorrera-el-camino-chuquisaca-el-penon\/"}],"_links":{"self":[{"href":"https:\/\/elfaroonline.com.ar\/index.php\/wp-json\/wp\/v2\/posts\/5591","targetHints":{"allow":["GET"]}}],"collection":[{"href":"https:\/\/elfaroonline.com.ar\/index.php\/wp-json\/wp\/v2\/posts"}],"about":[{"href":"https:\/\/elfaroonline.com.ar\/index.php\/wp-json\/wp\/v2\/types\/post"}],"author":[{"embeddable":true,"href":"https:\/\/elfaroonline.com.ar\/index.php\/wp-json\/wp\/v2\/users\/2"}],"replies":[{"embeddable":true,"href":"https:\/\/elfaroonline.com.ar\/index.php\/wp-json\/wp\/v2\/comments?post=5591"}],"version-history":[{"count":1,"href":"https:\/\/elfaroonline.com.ar\/index.php\/wp-json\/wp\/v2\/posts\/5591\/revisions"}],"predecessor-version":[{"id":5593,"href":"https:\/\/elfaroonline.com.ar\/index.php\/wp-json\/wp\/v2\/posts\/5591\/revisions\/5593"}],"wp:featuredmedia":[{"embeddable":true,"href":"https:\/\/elfaroonline.com.ar\/index.php\/wp-json\/wp\/v2\/media\/5592"}],"wp:attachment":[{"href":"https:\/\/elfaroonline.com.ar\/index.php\/wp-json\/wp\/v2\/media?parent=5591"}],"wp:term":[{"taxonomy":"category","embeddable":true,"href":"https:\/\/elfaroonline.com.ar\/index.php\/wp-json\/wp\/v2\/categories?post=5591"},{"taxonomy":"post_tag","embeddable":true,"href":"https:\/\/elfaroonline.com.ar\/index.php\/wp-json\/wp\/v2\/tags?post=5591"}],"curies":[{"name":"wp","href":"https:\/\/api.w.org\/{rel}","templated":true}]}}