{"id":5594,"date":"2026-04-13T12:05:26","date_gmt":"2026-04-13T15:05:26","guid":{"rendered":"https:\/\/elfaroonline.com.ar\/?p=5594"},"modified":"2026-04-13T12:05:26","modified_gmt":"2026-04-13T15:05:26","slug":"el-programa-ver-para-ser-libres-inicia-su-recorrido-provincial","status":"publish","type":"post","link":"https:\/\/elfaroonline.com.ar\/index.php\/2026\/04\/13\/el-programa-ver-para-ser-libres-inicia-su-recorrido-provincial\/","title":{"rendered":"El programa \u201cVer para Ser Libres\u201d inicia su recorrido provincial"},"content":{"rendered":"<p style=\"text-align: justify;\">El Gobierno de la Provincia informa el inicio del programa \u201cVer para Ser Libres\u201d, una pol\u00edtica p\u00fablica orientada a garantizar el acceso a la salud visual de ni\u00f1os, ni\u00f1as y adolescentes. Durante tres semanas, unidades m\u00f3viles especialmente equipadas recorrer\u00e1n distintas localidades acercando atenci\u00f3n oftalmol\u00f3gica gratuita y de calidad.<\/p>\n<p style=\"text-align: justify;\">El programa est\u00e1 destinado a personas de entre 6 y 17 a\u00f1os e incluye controles oftalmol\u00f3gicos completos y la entrega de anteojos en el acto, facilitando una respuesta inmediata a las necesidades detectadas.<\/p>\n<p style=\"text-align: justify;\">La apertura se realizar\u00e1 de manera simult\u00e1nea en Capital y en la localidad de El Rodeo, dando inicio a un amplio despliegue territorial que busca fortalecer la igualdad de oportunidades y el acceso a derechos esenciales.<\/p>\n<p style=\"text-align: justify;\"><strong>Cronograma \u2013 Primera semana<\/strong><\/p>\n<p style=\"text-align: justify;\"><strong>Capital<\/strong><\/p>\n<ul style=\"text-align: justify;\">\n<li>Lunes13 de abril<\/li>\n<\/ul>\n<p style=\"text-align: justify;\">Hora:8:30 a 12:00<\/p>\n<p style=\"text-align: justify;\">Lugar:EDI Capital (Av. Virgen del Valle Norte esquina Los Tilos)<\/p>\n<ul style=\"text-align: justify;\">\n<li>Martes14 de abril<\/li>\n<\/ul>\n<p style=\"text-align: justify;\">Lugar:CIC Sur<\/p>\n<ul style=\"text-align: justify;\">\n<li>Mi\u00e9rcoles15 de abril<\/li>\n<\/ul>\n<p style=\"text-align: justify;\">Lugar:Club Esportivo Villa Cubas<\/p>\n<ul style=\"text-align: justify;\">\n<li>Jueves16 de abril<\/li>\n<\/ul>\n<p style=\"text-align: justify;\">Lugar:Vel\u00f3dromo Municipal<\/p>\n<ul style=\"text-align: justify;\">\n<li>Viernes17 de abril<\/li>\n<\/ul>\n<p style=\"text-align: justify;\">Lugar:Plaza Tinkunaku, barrio 1000 Viviendas (calle R\u00edo Salado)<\/p>\n<p style=\"text-align: justify;\"><strong>Interior<\/strong><\/p>\n<ul style=\"text-align: justify;\">\n<li>Lunes13 de abril<\/li>\n<\/ul>\n<p style=\"text-align: justify;\">Lugar:Escuela N\u00b0 247 Mariscal Sucre (El Rodeo y Las Juntas)<\/p>\n<ul style=\"text-align: justify;\">\n<li>Martes14 de abril<\/li>\n<\/ul>\n<p style=\"text-align: justify;\">Lugar:SUM Banda Norte (La Puerta)<\/p>\n<ul style=\"text-align: justify;\">\n<li>Mi\u00e9rcoles15 de abril<\/li>\n<\/ul>\n<p style=\"text-align: justify;\">Lugar:Centro de Jubilados \u201cPrimero de Septiembre\u201d (Los Varela)<\/p>\n<ul style=\"text-align: justify;\">\n<li>Jueves16 de abril<\/li>\n<\/ul>\n<p style=\"text-align: justify;\">Lugar:SUM de La Higuera (Pacl\u00edn)<\/p>\n<ul style=\"text-align: justify;\">\n<li>Viernes17 de abril<\/li>\n<\/ul>\n<p style=\"text-align: justify;\">Lugar:Centro de Innovaci\u00f3n Tecnol\u00f3gica (La Merced, Pacl\u00edn)<\/p>\n<p style=\"text-align: justify;\">Se solicita a los asistentes concurrir con DNI y acompa\u00f1ados por un adulto responsable. Los cupos son limitados, con un m\u00e1ximo de 200 consultas diarias en Capital y 100 en el interior.<\/p>\n<p style=\"text-align: justify;\">Esta iniciativa se lleva adelante de manera articulada entre el Gobierno Provincial, el Ministerio de Capital Humano de la Naci\u00f3n y los municipios, consolidando un trabajo conjunto que promueve la inclusi\u00f3n, el acceso a la salud y la mejora en la calidad de vida de la comunidad.<\/p>\n","protected":false},"excerpt":{"rendered":"<p>El Gobierno de la Provincia informa el inicio del programa \u201cVer para Ser Libres\u201d, una pol\u00edtica p\u00fablica orientada a garantizar el acceso a la salud visual de ni\u00f1os, ni\u00f1as y adolescentes. Durante tres semanas, unidades m\u00f3viles especialmente equipadas recorrer\u00e1n distintas localidades acercando atenci\u00f3n oftalmol\u00f3gica gratuita y de calidad. El programa est\u00e1 destinado a personas de [&hellip;]<\/p>\n","protected":false},"author":2,"featured_media":5595,"comment_status":"open","ping_status":"open","sticky":false,"template":"","format":"standard","meta":{"footnotes":""},"categories":[23,20],"tags":[289],"class_list":{"0":"post-5594","1":"post","2":"type-post","3":"status-publish","4":"format-standard","5":"has-post-thumbnail","7":"category-destacados","8":"category-sociedad","9":"tag-programa"},"aioseo_notices":[],"aioseo_head":"\n\t\t<!-- All in One SEO 5.0.0.1 - aioseo.com -->\n\t<meta name=\"description\" content=\"El Gobierno de la Provincia informa el inicio del programa \u201cVer para Ser Libres\u201d, una pol\u00edtica p\u00fablica orientada a garantizar el acceso a la salud visual de ni\u00f1os,\" \/>\n\t<meta name=\"robots\" content=\"max-image-preview:large\" \/>\n\t<meta name=\"author\" content=\"El Faro Online\"\/>\n\t<link rel=\"canonical\" href=\"https:\/\/elfaroonline.com.ar\/index.php\/2026\/04\/13\/el-programa-ver-para-ser-libres-inicia-su-recorrido-provincial\/\" \/>\n\t<meta name=\"generator\" content=\"All in One SEO (AIOSEO) 5.0.0.1\" \/>\n\t\t<meta property=\"og:locale\" content=\"es_ES\" \/>\n\t\t<meta property=\"og:site_name\" content=\"elfaroonline.com.ar -\" \/>\n\t\t<meta property=\"og:type\" content=\"article\" \/>\n\t\t<meta property=\"og:title\" content=\"El programa \u201cVer para Ser Libres\u201d inicia su recorrido provincial\" \/>\n\t\t<meta property=\"og:description\" content=\"El Gobierno de la Provincia informa el inicio del programa \u201cVer para Ser Libres\u201d, una pol\u00edtica p\u00fablica orientada a garantizar el acceso a la salud visual de ni\u00f1os,\" \/>\n\t\t<meta property=\"og:url\" content=\"https:\/\/elfaroonline.com.ar\/index.php\/2026\/04\/13\/el-programa-ver-para-ser-libres-inicia-su-recorrido-provincial\/\" \/>\n\t\t<meta property=\"article:published_time\" content=\"2026-04-13T15:05:26+00:00\" \/>\n\t\t<meta property=\"article:modified_time\" content=\"2026-04-13T15:05:26+00:00\" \/>\n\t\t<meta name=\"twitter:card\" content=\"summary_large_image\" \/>\n\t\t<meta name=\"twitter:title\" content=\"El programa \u201cVer para Ser Libres\u201d inicia su recorrido provincial\" \/>\n\t\t<meta name=\"twitter:description\" content=\"El Gobierno de la Provincia informa el inicio del programa \u201cVer para Ser Libres\u201d, una pol\u00edtica p\u00fablica orientada a garantizar el acceso a la salud visual de ni\u00f1os,\" \/>\n\t\t<script type=\"application\/ld+json\" class=\"aioseo-schema\">\n\t\t\t{\"@context\":\"https:\\\/\\\/schema.org\",\"@graph\":[{\"@type\":\"BlogPosting\",\"@id\":\"https:\\\/\\\/elfaroonline.com.ar\\\/index.php\\\/2026\\\/04\\\/13\\\/el-programa-ver-para-ser-libres-inicia-su-recorrido-provincial\\\/#blogposting\",\"name\":\"El programa \\u201cVer para Ser Libres\\u201d inicia su recorrido provincial\",\"headline\":\"El programa \\u201cVer para Ser Libres\\u201d inicia su recorrido provincial\",\"author\":{\"@id\":\"https:\\\/\\\/elfaroonline.com.ar\\\/index.php\\\/author\\\/elfaro\\\/#author\"},\"publisher\":{\"@id\":\"https:\\\/\\\/elfaroonline.com.ar\\\/#organization\"},\"image\":{\"@type\":\"ImageObject\",\"url\":\"https:\\\/\\\/elfaroonline.com.ar\\\/wp-content\\\/uploads\\\/2026\\\/04\\\/Programa-Ver-para-Ser-Libres-1.jpeg\",\"width\":1600,\"height\":1066},\"datePublished\":\"2026-04-13T12:05:26-03:00\",\"dateModified\":\"2026-04-13T12:05:26-03:00\",\"inLanguage\":\"es-AR\",\"mainEntityOfPage\":{\"@id\":\"https:\\\/\\\/elfaroonline.com.ar\\\/index.php\\\/2026\\\/04\\\/13\\\/el-programa-ver-para-ser-libres-inicia-su-recorrido-provincial\\\/#webpage\"},\"isPartOf\":{\"@id\":\"https:\\\/\\\/elfaroonline.com.ar\\\/index.php\\\/2026\\\/04\\\/13\\\/el-programa-ver-para-ser-libres-inicia-su-recorrido-provincial\\\/#webpage\"},\"articleSection\":\"Destacados, Sociedad, programa\"},{\"@type\":\"BreadcrumbList\",\"@id\":\"https:\\\/\\\/elfaroonline.com.ar\\\/index.php\\\/2026\\\/04\\\/13\\\/el-programa-ver-para-ser-libres-inicia-su-recorrido-provincial\\\/#breadcrumblist\",\"itemListElement\":[{\"@type\":\"ListItem\",\"@id\":\"https:\\\/\\\/elfaroonline.com.ar#listItem\",\"position\":1,\"name\":\"Home\",\"item\":\"https:\\\/\\\/elfaroonline.com.ar\",\"nextItem\":{\"@type\":\"ListItem\",\"@id\":\"https:\\\/\\\/elfaroonline.com.ar\\\/index.php\\\/category\\\/sociedad\\\/#listItem\",\"name\":\"Sociedad\"}},{\"@type\":\"ListItem\",\"@id\":\"https:\\\/\\\/elfaroonline.com.ar\\\/index.php\\\/category\\\/sociedad\\\/#listItem\",\"position\":2,\"name\":\"Sociedad\",\"item\":\"https:\\\/\\\/elfaroonline.com.ar\\\/index.php\\\/category\\\/sociedad\\\/\",\"nextItem\":{\"@type\":\"ListItem\",\"@id\":\"https:\\\/\\\/elfaroonline.com.ar\\\/index.php\\\/2026\\\/04\\\/13\\\/el-programa-ver-para-ser-libres-inicia-su-recorrido-provincial\\\/#listItem\",\"name\":\"El programa \\u201cVer para Ser Libres\\u201d inicia su recorrido provincial\"},\"previousItem\":{\"@type\":\"ListItem\",\"@id\":\"https:\\\/\\\/elfaroonline.com.ar#listItem\",\"name\":\"Home\"}},{\"@type\":\"ListItem\",\"@id\":\"https:\\\/\\\/elfaroonline.com.ar\\\/index.php\\\/2026\\\/04\\\/13\\\/el-programa-ver-para-ser-libres-inicia-su-recorrido-provincial\\\/#listItem\",\"position\":3,\"name\":\"El programa \\u201cVer para Ser Libres\\u201d inicia su recorrido provincial\",\"previousItem\":{\"@type\":\"ListItem\",\"@id\":\"https:\\\/\\\/elfaroonline.com.ar\\\/index.php\\\/category\\\/sociedad\\\/#listItem\",\"name\":\"Sociedad\"}}]},{\"@type\":\"Organization\",\"@id\":\"https:\\\/\\\/elfaroonline.com.ar\\\/#organization\",\"name\":\"elfaroonline.com.ar\",\"url\":\"https:\\\/\\\/elfaroonline.com.ar\\\/\"},{\"@type\":\"Person\",\"@id\":\"https:\\\/\\\/elfaroonline.com.ar\\\/index.php\\\/author\\\/elfaro\\\/#author\",\"url\":\"https:\\\/\\\/elfaroonline.com.ar\\\/index.php\\\/author\\\/elfaro\\\/\",\"name\":\"El Faro Online\",\"image\":{\"@type\":\"ImageObject\",\"@id\":\"https:\\\/\\\/elfaroonline.com.ar\\\/index.php\\\/2026\\\/04\\\/13\\\/el-programa-ver-para-ser-libres-inicia-su-recorrido-provincial\\\/#authorImage\",\"url\":\"https:\\\/\\\/secure.gravatar.com\\\/avatar\\\/97dc46c3711deda1040382679fc31e66bb0f67b30b6dec3feea788d18888f5f7?s=96&d=mm&r=g\",\"width\":96,\"height\":96,\"caption\":\"El Faro Online\"}},{\"@type\":\"WebPage\",\"@id\":\"https:\\\/\\\/elfaroonline.com.ar\\\/index.php\\\/2026\\\/04\\\/13\\\/el-programa-ver-para-ser-libres-inicia-su-recorrido-provincial\\\/#webpage\",\"url\":\"https:\\\/\\\/elfaroonline.com.ar\\\/index.php\\\/2026\\\/04\\\/13\\\/el-programa-ver-para-ser-libres-inicia-su-recorrido-provincial\\\/\",\"name\":\"El programa \\u201cVer para Ser Libres\\u201d inicia su recorrido provincial\",\"description\":\"El Gobierno de la Provincia informa el inicio del programa \\u201cVer para Ser Libres\\u201d, una pol\\u00edtica p\\u00fablica orientada a garantizar el acceso a la salud visual de ni\\u00f1os,\",\"inLanguage\":\"es-AR\",\"isPartOf\":{\"@id\":\"https:\\\/\\\/elfaroonline.com.ar\\\/#website\"},\"breadcrumb\":{\"@id\":\"https:\\\/\\\/elfaroonline.com.ar\\\/index.php\\\/2026\\\/04\\\/13\\\/el-programa-ver-para-ser-libres-inicia-su-recorrido-provincial\\\/#breadcrumblist\"},\"author\":{\"@id\":\"https:\\\/\\\/elfaroonline.com.ar\\\/index.php\\\/author\\\/elfaro\\\/#author\"},\"creator\":{\"@id\":\"https:\\\/\\\/elfaroonline.com.ar\\\/index.php\\\/author\\\/elfaro\\\/#author\"},\"image\":{\"@type\":\"ImageObject\",\"url\":\"https:\\\/\\\/elfaroonline.com.ar\\\/wp-content\\\/uploads\\\/2026\\\/04\\\/Programa-Ver-para-Ser-Libres-1.jpeg\",\"@id\":\"https:\\\/\\\/elfaroonline.com.ar\\\/index.php\\\/2026\\\/04\\\/13\\\/el-programa-ver-para-ser-libres-inicia-su-recorrido-provincial\\\/#mainImage\",\"width\":1600,\"height\":1066},\"primaryImageOfPage\":{\"@id\":\"https:\\\/\\\/elfaroonline.com.ar\\\/index.php\\\/2026\\\/04\\\/13\\\/el-programa-ver-para-ser-libres-inicia-su-recorrido-provincial\\\/#mainImage\"},\"datePublished\":\"2026-04-13T12:05:26-03:00\",\"dateModified\":\"2026-04-13T12:05:26-03:00\"},{\"@type\":\"WebSite\",\"@id\":\"https:\\\/\\\/elfaroonline.com.ar\\\/#website\",\"url\":\"https:\\\/\\\/elfaroonline.com.ar\\\/\",\"name\":\"elfaroonline.com.ar\",\"inLanguage\":\"es-AR\",\"publisher\":{\"@id\":\"https:\\\/\\\/elfaroonline.com.ar\\\/#organization\"}}]}\n\t\t<\/script>\n\t\t<!-- All in One SEO -->\n\n","aioseo_head_json":{"title":"El programa \u201cVer para Ser Libres\u201d inicia su recorrido provincial","description":"El Gobierno de la Provincia informa el inicio del programa \u201cVer para Ser Libres\u201d, una pol\u00edtica p\u00fablica orientada a garantizar el acceso a la salud visual de ni\u00f1os,","canonical_url":"https:\/\/elfaroonline.com.ar\/index.php\/2026\/04\/13\/el-programa-ver-para-ser-libres-inicia-su-recorrido-provincial\/","robots":"max-image-preview:large","keywords":"","webmasterTools":{"miscellaneous":""},"schema":{"@context":"https:\/\/schema.org","@graph":[{"@type":"BlogPosting","@id":"https:\/\/elfaroonline.com.ar\/index.php\/2026\/04\/13\/el-programa-ver-para-ser-libres-inicia-su-recorrido-provincial\/#blogposting","name":"El programa \u201cVer para Ser Libres\u201d inicia su recorrido provincial","headline":"El programa \u201cVer para Ser Libres\u201d inicia su recorrido provincial","author":{"@id":"https:\/\/elfaroonline.com.ar\/index.php\/author\/elfaro\/#author"},"publisher":{"@id":"https:\/\/elfaroonline.com.ar\/#organization"},"image":{"@type":"ImageObject","url":"https:\/\/elfaroonline.com.ar\/wp-content\/uploads\/2026\/04\/Programa-Ver-para-Ser-Libres-1.jpeg","width":1600,"height":1066},"datePublished":"2026-04-13T12:05:26-03:00","dateModified":"2026-04-13T12:05:26-03:00","inLanguage":"es-AR","mainEntityOfPage":{"@id":"https:\/\/elfaroonline.com.ar\/index.php\/2026\/04\/13\/el-programa-ver-para-ser-libres-inicia-su-recorrido-provincial\/#webpage"},"isPartOf":{"@id":"https:\/\/elfaroonline.com.ar\/index.php\/2026\/04\/13\/el-programa-ver-para-ser-libres-inicia-su-recorrido-provincial\/#webpage"},"articleSection":"Destacados, Sociedad, programa"},{"@type":"BreadcrumbList","@id":"https:\/\/elfaroonline.com.ar\/index.php\/2026\/04\/13\/el-programa-ver-para-ser-libres-inicia-su-recorrido-provincial\/#breadcrumblist","itemListElement":[{"@type":"ListItem","@id":"https:\/\/elfaroonline.com.ar#listItem","position":1,"name":"Home","item":"https:\/\/elfaroonline.com.ar","nextItem":{"@type":"ListItem","@id":"https:\/\/elfaroonline.com.ar\/index.php\/category\/sociedad\/#listItem","name":"Sociedad"}},{"@type":"ListItem","@id":"https:\/\/elfaroonline.com.ar\/index.php\/category\/sociedad\/#listItem","position":2,"name":"Sociedad","item":"https:\/\/elfaroonline.com.ar\/index.php\/category\/sociedad\/","nextItem":{"@type":"ListItem","@id":"https:\/\/elfaroonline.com.ar\/index.php\/2026\/04\/13\/el-programa-ver-para-ser-libres-inicia-su-recorrido-provincial\/#listItem","name":"El programa \u201cVer para Ser Libres\u201d inicia su recorrido provincial"},"previousItem":{"@type":"ListItem","@id":"https:\/\/elfaroonline.com.ar#listItem","name":"Home"}},{"@type":"ListItem","@id":"https:\/\/elfaroonline.com.ar\/index.php\/2026\/04\/13\/el-programa-ver-para-ser-libres-inicia-su-recorrido-provincial\/#listItem","position":3,"name":"El programa \u201cVer para Ser Libres\u201d inicia su recorrido provincial","previousItem":{"@type":"ListItem","@id":"https:\/\/elfaroonline.com.ar\/index.php\/category\/sociedad\/#listItem","name":"Sociedad"}}]},{"@type":"Organization","@id":"https:\/\/elfaroonline.com.ar\/#organization","name":"elfaroonline.com.ar","url":"https:\/\/elfaroonline.com.ar\/"},{"@type":"Person","@id":"https:\/\/elfaroonline.com.ar\/index.php\/author\/elfaro\/#author","url":"https:\/\/elfaroonline.com.ar\/index.php\/author\/elfaro\/","name":"El Faro Online","image":{"@type":"ImageObject","@id":"https:\/\/elfaroonline.com.ar\/index.php\/2026\/04\/13\/el-programa-ver-para-ser-libres-inicia-su-recorrido-provincial\/#authorImage","url":"https:\/\/secure.gravatar.com\/avatar\/97dc46c3711deda1040382679fc31e66bb0f67b30b6dec3feea788d18888f5f7?s=96&d=mm&r=g","width":96,"height":96,"caption":"El Faro Online"}},{"@type":"WebPage","@id":"https:\/\/elfaroonline.com.ar\/index.php\/2026\/04\/13\/el-programa-ver-para-ser-libres-inicia-su-recorrido-provincial\/#webpage","url":"https:\/\/elfaroonline.com.ar\/index.php\/2026\/04\/13\/el-programa-ver-para-ser-libres-inicia-su-recorrido-provincial\/","name":"El programa \u201cVer para Ser Libres\u201d inicia su recorrido provincial","description":"El Gobierno de la Provincia informa el inicio del programa \u201cVer para Ser Libres\u201d, una pol\u00edtica p\u00fablica orientada a garantizar el acceso a la salud visual de ni\u00f1os,","inLanguage":"es-AR","isPartOf":{"@id":"https:\/\/elfaroonline.com.ar\/#website"},"breadcrumb":{"@id":"https:\/\/elfaroonline.com.ar\/index.php\/2026\/04\/13\/el-programa-ver-para-ser-libres-inicia-su-recorrido-provincial\/#breadcrumblist"},"author":{"@id":"https:\/\/elfaroonline.com.ar\/index.php\/author\/elfaro\/#author"},"creator":{"@id":"https:\/\/elfaroonline.com.ar\/index.php\/author\/elfaro\/#author"},"image":{"@type":"ImageObject","url":"https:\/\/elfaroonline.com.ar\/wp-content\/uploads\/2026\/04\/Programa-Ver-para-Ser-Libres-1.jpeg","@id":"https:\/\/elfaroonline.com.ar\/index.php\/2026\/04\/13\/el-programa-ver-para-ser-libres-inicia-su-recorrido-provincial\/#mainImage","width":1600,"height":1066},"primaryImageOfPage":{"@id":"https:\/\/elfaroonline.com.ar\/index.php\/2026\/04\/13\/el-programa-ver-para-ser-libres-inicia-su-recorrido-provincial\/#mainImage"},"datePublished":"2026-04-13T12:05:26-03:00","dateModified":"2026-04-13T12:05:26-03:00"},{"@type":"WebSite","@id":"https:\/\/elfaroonline.com.ar\/#website","url":"https:\/\/elfaroonline.com.ar\/","name":"elfaroonline.com.ar","inLanguage":"es-AR","publisher":{"@id":"https:\/\/elfaroonline.com.ar\/#organization"}}]},"og:locale":"es_ES","og:site_name":"elfaroonline.com.ar -","og:type":"article","og:title":"El programa \u201cVer para Ser Libres\u201d inicia su recorrido provincial","og:description":"El Gobierno de la Provincia informa el inicio del programa \u201cVer para Ser Libres\u201d, una pol\u00edtica p\u00fablica orientada a garantizar el acceso a la salud visual de ni\u00f1os,","og:url":"https:\/\/elfaroonline.com.ar\/index.php\/2026\/04\/13\/el-programa-ver-para-ser-libres-inicia-su-recorrido-provincial\/","article:published_time":"2026-04-13T15:05:26+00:00","article:modified_time":"2026-04-13T15:05:26+00:00","twitter:card":"summary_large_image","twitter:title":"El programa \u201cVer para Ser Libres\u201d inicia su recorrido provincial","twitter:description":"El Gobierno de la Provincia informa el inicio del programa \u201cVer para Ser Libres\u201d, una pol\u00edtica p\u00fablica orientada a garantizar el acceso a la salud visual de ni\u00f1os,"},"aioseo_meta_data":{"post_id":"5594","title":"El programa \u201cVer para Ser Libres\u201d inicia su recorrido provincial","description":"El Gobierno de la Provincia informa el inicio del programa \u201cVer para Ser Libres\u201d, una pol\u00edtica p\u00fablica orientada a garantizar el acceso a la salud visual de ni\u00f1os,","keywords":null,"keyphrases":{"focus":{"keyphrase":"programa","score":100,"analysis":{"keyphraseInTitle":{"score":9,"maxScore":9,"error":0},"keyphraseInDescription":{"score":9,"maxScore":9,"error":0},"keyphraseLength":{"score":9,"maxScore":9,"error":0,"length":1},"keyphraseInURL":{"score":5,"maxScore":5,"error":0},"keyphraseInIntroduction":{"score":9,"maxScore":9,"error":0},"keyphraseInSubHeadings":[],"keyphraseInImageAlt":[],"keywordDensity":{"type":"best","score":9,"maxScore":9,"error":0}}},"additional":[]},"primary_term":null,"canonical_url":null,"og_title":null,"og_description":null,"og_object_type":"default","og_image_type":"default","og_image_url":null,"og_image_width":null,"og_image_height":null,"og_image_custom_url":null,"og_image_custom_fields":null,"og_video":"","og_custom_url":null,"og_article_section":null,"og_article_tags":null,"twitter_use_og":false,"twitter_card":"default","twitter_image_type":"default","twitter_image_url":null,"twitter_image_custom_url":null,"twitter_image_custom_fields":null,"twitter_title":null,"twitter_description":null,"schema":{"blockGraphs":[],"customGraphs":[],"default":{"data":{"Article":[],"Course":[],"Dataset":[],"FAQPage":[],"Movie":[],"Person":[],"Product":[],"ProductReview":[],"Car":[],"Recipe":[],"Service":[],"SoftwareApplication":[],"WebPage":[]},"graphName":"BlogPosting","isEnabled":true},"graphs":[]},"schema_type":"default","schema_type_options":null,"pillar_content":false,"robots_default":true,"robots_noindex":false,"robots_noarchive":false,"robots_nosnippet":false,"robots_nofollow":false,"robots_noimageindex":false,"robots_noodp":false,"robots_notranslate":false,"robots_max_snippet":"-1","robots_max_videopreview":"-1","robots_max_imagepreview":"large","priority":null,"frequency":"default","local_seo":null,"breadcrumb_settings":null,"limit_modified_date":false,"ai":{"faqs":[],"keyPoints":[],"titles":[],"descriptions":[],"socialPosts":{"email":[],"linkedin":[],"twitter":[],"facebook":[],"instagram":[]}},"created":"2026-04-13 15:05:26","updated":"2026-04-13 15:14:47","seo_analyzer_scan_date":null,"focus_keyword":"programa","additional_keywords":null,"truseo_locale":null},"aioseo_breadcrumb":"<div class=\"aioseo-breadcrumbs\"><span class=\"aioseo-breadcrumb\">\n\t\t\t<a href=\"https:\/\/elfaroonline.com.ar\" title=\"Home\">Home<\/a>\n\t\t<\/span><span class=\"aioseo-breadcrumb-separator\">&raquo;<\/span><span class=\"aioseo-breadcrumb\">\n\t\t\t<a href=\"https:\/\/elfaroonline.com.ar\/index.php\/category\/sociedad\/\" title=\"Sociedad\">Sociedad<\/a>\n\t\t<\/span><span class=\"aioseo-breadcrumb-separator\">&raquo;<\/span><span class=\"aioseo-breadcrumb\">\n\t\t\tEl programa \u201cVer para Ser Libres\u201d inicia su recorrido provincial\n\t\t<\/span><\/div>","aioseo_breadcrumb_json":[{"label":"Home","link":"https:\/\/elfaroonline.com.ar"},{"label":"Sociedad","link":"https:\/\/elfaroonline.com.ar\/index.php\/category\/sociedad\/"},{"label":"El programa \u201cVer para Ser Libres\u201d inicia su recorrido provincial","link":"https:\/\/elfaroonline.com.ar\/index.php\/2026\/04\/13\/el-programa-ver-para-ser-libres-inicia-su-recorrido-provincial\/"}],"_links":{"self":[{"href":"https:\/\/elfaroonline.com.ar\/index.php\/wp-json\/wp\/v2\/posts\/5594","targetHints":{"allow":["GET"]}}],"collection":[{"href":"https:\/\/elfaroonline.com.ar\/index.php\/wp-json\/wp\/v2\/posts"}],"about":[{"href":"https:\/\/elfaroonline.com.ar\/index.php\/wp-json\/wp\/v2\/types\/post"}],"author":[{"embeddable":true,"href":"https:\/\/elfaroonline.com.ar\/index.php\/wp-json\/wp\/v2\/users\/2"}],"replies":[{"embeddable":true,"href":"https:\/\/elfaroonline.com.ar\/index.php\/wp-json\/wp\/v2\/comments?post=5594"}],"version-history":[{"count":1,"href":"https:\/\/elfaroonline.com.ar\/index.php\/wp-json\/wp\/v2\/posts\/5594\/revisions"}],"predecessor-version":[{"id":5596,"href":"https:\/\/elfaroonline.com.ar\/index.php\/wp-json\/wp\/v2\/posts\/5594\/revisions\/5596"}],"wp:featuredmedia":[{"embeddable":true,"href":"https:\/\/elfaroonline.com.ar\/index.php\/wp-json\/wp\/v2\/media\/5595"}],"wp:attachment":[{"href":"https:\/\/elfaroonline.com.ar\/index.php\/wp-json\/wp\/v2\/media?parent=5594"}],"wp:term":[{"taxonomy":"category","embeddable":true,"href":"https:\/\/elfaroonline.com.ar\/index.php\/wp-json\/wp\/v2\/categories?post=5594"},{"taxonomy":"post_tag","embeddable":true,"href":"https:\/\/elfaroonline.com.ar\/index.php\/wp-json\/wp\/v2\/tags?post=5594"}],"curies":[{"name":"wp","href":"https:\/\/api.w.org\/{rel}","templated":true}]}}