{"id":5602,"date":"2026-04-14T11:24:43","date_gmt":"2026-04-14T14:24:43","guid":{"rendered":"https:\/\/elfaroonline.com.ar\/?p=5602"},"modified":"2026-04-14T11:25:06","modified_gmt":"2026-04-14T14:25:06","slug":"el-gobernador-recibio-a-dirigentes-de-los-clubes-de-la-liga-catamarquena-de-futbol","status":"publish","type":"post","link":"https:\/\/elfaroonline.com.ar\/index.php\/2026\/04\/14\/el-gobernador-recibio-a-dirigentes-de-los-clubes-de-la-liga-catamarquena-de-futbol\/","title":{"rendered":"El Gobernador recibi\u00f3 a dirigentes de los clubes de la Liga Catamarque\u00f1a de F\u00fatbol"},"content":{"rendered":"<p style=\"font-weight: 400; text-align: justify;\">El gobernador Ra\u00fal Jalil recibi\u00f3 este lunes, en Casa de Gobierno, a dirigentes de los clubes que conforman la Liga Catamarque\u00f1a de F\u00fatbol para analizar la realidad de las instituciones deportivas en el contexto actual y evaluar acciones de apoyo.<\/p>\n<p style=\"font-weight: 400; text-align: justify;\">En la oportunidad, el mandatario se comprometi\u00f3 a trabajar en conjunto con las diversas instituciones deportivas para encontrar diferentes alternativas y soluciones a la problem\u00e1tica y estudiar un aporte econ\u00f3mico a futuro.<\/p>\n<p style=\"font-weight: 400; text-align: justify;\">Se debe recordar que, a trav\u00e9s del Plan de Infraestructura Deportiva, en 2025, se inauguraron obras en clubes como Liberal Argentino, El Aut\u00e9ntico y en la sede de la Liga Catamarque\u00f1a (Sal\u00f3n de Usos M\u00faltiples y un Play\u00f3n Deportivo). Adem\u00e1s, dentro de este mismo plan, se realizaron aportes al club Villa Cubas.<\/p>\n<p style=\"font-weight: 400; text-align: justify;\">Adem\u00e1s del gobernador participaron del di\u00e1logo los ministros de Gobierno, Seguridad y Justicia, Alberto Natella; de Cultura, Turismo y Deportes, Daiana Rold\u00e1n; el secretario de Deportes, Guillermo Perna; la secretaria de Estado de Gabinete, Luz Mar\u00eda Soria, y la titular de la Liga Catamarque\u00f1a de F\u00fatbol, Sylvia Gim\u00e9nez.<\/p>\n","protected":false},"excerpt":{"rendered":"<p>El gobernador Ra\u00fal Jalil recibi\u00f3 este lunes, en Casa de Gobierno, a dirigentes de los clubes que conforman la Liga Catamarque\u00f1a de F\u00fatbol para analizar la realidad de las instituciones deportivas en el contexto actual y evaluar acciones de apoyo. En la oportunidad, el mandatario se comprometi\u00f3 a trabajar en conjunto con las diversas instituciones [&hellip;]<\/p>\n","protected":false},"author":2,"featured_media":5603,"comment_status":"open","ping_status":"open","sticky":false,"template":"","format":"standard","meta":{"footnotes":""},"categories":[23,21],"tags":[],"class_list":{"0":"post-5602","1":"post","2":"type-post","3":"status-publish","4":"format-standard","5":"has-post-thumbnail","7":"category-destacados","8":"category-politica"},"aioseo_notices":[],"aioseo_head":"\n\t\t<!-- All in One SEO 5.0.0.1 - aioseo.com -->\n\t<meta name=\"description\" content=\"El gobernador Ra\u00fal Jalil recibi\u00f3 este lunes, en Casa de Gobierno, a dirigentes de los clubes que conforman la Liga Catamarque\u00f1a de F\u00fatbol para analizar la realidad\" \/>\n\t<meta name=\"robots\" content=\"max-image-preview:large\" \/>\n\t<meta name=\"author\" content=\"El Faro Online\"\/>\n\t<link rel=\"canonical\" href=\"https:\/\/elfaroonline.com.ar\/index.php\/2026\/04\/14\/el-gobernador-recibio-a-dirigentes-de-los-clubes-de-la-liga-catamarquena-de-futbol\/\" \/>\n\t<meta name=\"generator\" content=\"All in One SEO (AIOSEO) 5.0.0.1\" \/>\n\t\t<meta property=\"og:locale\" content=\"es_ES\" \/>\n\t\t<meta property=\"og:site_name\" content=\"elfaroonline.com.ar -\" \/>\n\t\t<meta property=\"og:type\" content=\"article\" \/>\n\t\t<meta property=\"og:title\" content=\"El Gobernador recibi\u00f3 a dirigentes de los clubes de la Liga Catamarque\u00f1a de F\u00fatbol\" \/>\n\t\t<meta property=\"og:description\" content=\"El gobernador Ra\u00fal Jalil recibi\u00f3 este lunes, en Casa de Gobierno, a dirigentes de los clubes que conforman la Liga Catamarque\u00f1a de F\u00fatbol para analizar la realidad\" \/>\n\t\t<meta property=\"og:url\" content=\"https:\/\/elfaroonline.com.ar\/index.php\/2026\/04\/14\/el-gobernador-recibio-a-dirigentes-de-los-clubes-de-la-liga-catamarquena-de-futbol\/\" \/>\n\t\t<meta property=\"article:published_time\" content=\"2026-04-14T14:24:43+00:00\" \/>\n\t\t<meta property=\"article:modified_time\" content=\"2026-04-14T14:25:06+00:00\" \/>\n\t\t<meta name=\"twitter:card\" content=\"summary_large_image\" \/>\n\t\t<meta name=\"twitter:title\" content=\"El Gobernador recibi\u00f3 a dirigentes de los clubes de la Liga Catamarque\u00f1a de F\u00fatbol\" \/>\n\t\t<meta name=\"twitter:description\" content=\"El gobernador Ra\u00fal Jalil recibi\u00f3 este lunes, en Casa de Gobierno, a dirigentes de los clubes que conforman la Liga Catamarque\u00f1a de F\u00fatbol para analizar la realidad\" \/>\n\t\t<script type=\"application\/ld+json\" class=\"aioseo-schema\">\n\t\t\t{\"@context\":\"https:\\\/\\\/schema.org\",\"@graph\":[{\"@type\":\"BlogPosting\",\"@id\":\"https:\\\/\\\/elfaroonline.com.ar\\\/index.php\\\/2026\\\/04\\\/14\\\/el-gobernador-recibio-a-dirigentes-de-los-clubes-de-la-liga-catamarquena-de-futbol\\\/#blogposting\",\"name\":\"El Gobernador recibi\\u00f3 a dirigentes de los clubes de la Liga Catamarque\\u00f1a de F\\u00fatbol\",\"headline\":\"El Gobernador recibi\\u00f3 a dirigentes de los clubes de la Liga Catamarque\\u00f1a de F\\u00fatbol\",\"author\":{\"@id\":\"https:\\\/\\\/elfaroonline.com.ar\\\/index.php\\\/author\\\/elfaro\\\/#author\"},\"publisher\":{\"@id\":\"https:\\\/\\\/elfaroonline.com.ar\\\/#organization\"},\"image\":{\"@type\":\"ImageObject\",\"url\":\"https:\\\/\\\/elfaroonline.com.ar\\\/wp-content\\\/uploads\\\/2026\\\/04\\\/El-Gobernador-recibio-a-dirigentes-de-los-clubes-de-la-Liga-Catamarquena-de-Futbol.jpg\",\"width\":3120,\"height\":2336},\"datePublished\":\"2026-04-14T11:24:43-03:00\",\"dateModified\":\"2026-04-14T11:25:06-03:00\",\"inLanguage\":\"es-AR\",\"mainEntityOfPage\":{\"@id\":\"https:\\\/\\\/elfaroonline.com.ar\\\/index.php\\\/2026\\\/04\\\/14\\\/el-gobernador-recibio-a-dirigentes-de-los-clubes-de-la-liga-catamarquena-de-futbol\\\/#webpage\"},\"isPartOf\":{\"@id\":\"https:\\\/\\\/elfaroonline.com.ar\\\/index.php\\\/2026\\\/04\\\/14\\\/el-gobernador-recibio-a-dirigentes-de-los-clubes-de-la-liga-catamarquena-de-futbol\\\/#webpage\"},\"articleSection\":\"Destacados, Pol\\u00edtica\"},{\"@type\":\"BreadcrumbList\",\"@id\":\"https:\\\/\\\/elfaroonline.com.ar\\\/index.php\\\/2026\\\/04\\\/14\\\/el-gobernador-recibio-a-dirigentes-de-los-clubes-de-la-liga-catamarquena-de-futbol\\\/#breadcrumblist\",\"itemListElement\":[{\"@type\":\"ListItem\",\"@id\":\"https:\\\/\\\/elfaroonline.com.ar#listItem\",\"position\":1,\"name\":\"Home\",\"item\":\"https:\\\/\\\/elfaroonline.com.ar\",\"nextItem\":{\"@type\":\"ListItem\",\"@id\":\"https:\\\/\\\/elfaroonline.com.ar\\\/index.php\\\/category\\\/politica\\\/#listItem\",\"name\":\"Pol\\u00edtica\"}},{\"@type\":\"ListItem\",\"@id\":\"https:\\\/\\\/elfaroonline.com.ar\\\/index.php\\\/category\\\/politica\\\/#listItem\",\"position\":2,\"name\":\"Pol\\u00edtica\",\"item\":\"https:\\\/\\\/elfaroonline.com.ar\\\/index.php\\\/category\\\/politica\\\/\",\"nextItem\":{\"@type\":\"ListItem\",\"@id\":\"https:\\\/\\\/elfaroonline.com.ar\\\/index.php\\\/2026\\\/04\\\/14\\\/el-gobernador-recibio-a-dirigentes-de-los-clubes-de-la-liga-catamarquena-de-futbol\\\/#listItem\",\"name\":\"El Gobernador recibi\\u00f3 a dirigentes de los clubes de la Liga Catamarque\\u00f1a de F\\u00fatbol\"},\"previousItem\":{\"@type\":\"ListItem\",\"@id\":\"https:\\\/\\\/elfaroonline.com.ar#listItem\",\"name\":\"Home\"}},{\"@type\":\"ListItem\",\"@id\":\"https:\\\/\\\/elfaroonline.com.ar\\\/index.php\\\/2026\\\/04\\\/14\\\/el-gobernador-recibio-a-dirigentes-de-los-clubes-de-la-liga-catamarquena-de-futbol\\\/#listItem\",\"position\":3,\"name\":\"El Gobernador recibi\\u00f3 a dirigentes de los clubes de la Liga Catamarque\\u00f1a de F\\u00fatbol\",\"previousItem\":{\"@type\":\"ListItem\",\"@id\":\"https:\\\/\\\/elfaroonline.com.ar\\\/index.php\\\/category\\\/politica\\\/#listItem\",\"name\":\"Pol\\u00edtica\"}}]},{\"@type\":\"Organization\",\"@id\":\"https:\\\/\\\/elfaroonline.com.ar\\\/#organization\",\"name\":\"elfaroonline.com.ar\",\"url\":\"https:\\\/\\\/elfaroonline.com.ar\\\/\"},{\"@type\":\"Person\",\"@id\":\"https:\\\/\\\/elfaroonline.com.ar\\\/index.php\\\/author\\\/elfaro\\\/#author\",\"url\":\"https:\\\/\\\/elfaroonline.com.ar\\\/index.php\\\/author\\\/elfaro\\\/\",\"name\":\"El Faro Online\",\"image\":{\"@type\":\"ImageObject\",\"@id\":\"https:\\\/\\\/elfaroonline.com.ar\\\/index.php\\\/2026\\\/04\\\/14\\\/el-gobernador-recibio-a-dirigentes-de-los-clubes-de-la-liga-catamarquena-de-futbol\\\/#authorImage\",\"url\":\"https:\\\/\\\/secure.gravatar.com\\\/avatar\\\/97dc46c3711deda1040382679fc31e66bb0f67b30b6dec3feea788d18888f5f7?s=96&d=mm&r=g\",\"width\":96,\"height\":96,\"caption\":\"El Faro Online\"}},{\"@type\":\"WebPage\",\"@id\":\"https:\\\/\\\/elfaroonline.com.ar\\\/index.php\\\/2026\\\/04\\\/14\\\/el-gobernador-recibio-a-dirigentes-de-los-clubes-de-la-liga-catamarquena-de-futbol\\\/#webpage\",\"url\":\"https:\\\/\\\/elfaroonline.com.ar\\\/index.php\\\/2026\\\/04\\\/14\\\/el-gobernador-recibio-a-dirigentes-de-los-clubes-de-la-liga-catamarquena-de-futbol\\\/\",\"name\":\"El Gobernador recibi\\u00f3 a dirigentes de los clubes de la Liga Catamarque\\u00f1a de F\\u00fatbol\",\"description\":\"El gobernador Ra\\u00fal Jalil recibi\\u00f3 este lunes, en Casa de Gobierno, a dirigentes de los clubes que conforman la Liga Catamarque\\u00f1a de F\\u00fatbol para analizar la realidad\",\"inLanguage\":\"es-AR\",\"isPartOf\":{\"@id\":\"https:\\\/\\\/elfaroonline.com.ar\\\/#website\"},\"breadcrumb\":{\"@id\":\"https:\\\/\\\/elfaroonline.com.ar\\\/index.php\\\/2026\\\/04\\\/14\\\/el-gobernador-recibio-a-dirigentes-de-los-clubes-de-la-liga-catamarquena-de-futbol\\\/#breadcrumblist\"},\"author\":{\"@id\":\"https:\\\/\\\/elfaroonline.com.ar\\\/index.php\\\/author\\\/elfaro\\\/#author\"},\"creator\":{\"@id\":\"https:\\\/\\\/elfaroonline.com.ar\\\/index.php\\\/author\\\/elfaro\\\/#author\"},\"image\":{\"@type\":\"ImageObject\",\"url\":\"https:\\\/\\\/elfaroonline.com.ar\\\/wp-content\\\/uploads\\\/2026\\\/04\\\/El-Gobernador-recibio-a-dirigentes-de-los-clubes-de-la-Liga-Catamarquena-de-Futbol.jpg\",\"@id\":\"https:\\\/\\\/elfaroonline.com.ar\\\/index.php\\\/2026\\\/04\\\/14\\\/el-gobernador-recibio-a-dirigentes-de-los-clubes-de-la-liga-catamarquena-de-futbol\\\/#mainImage\",\"width\":3120,\"height\":2336},\"primaryImageOfPage\":{\"@id\":\"https:\\\/\\\/elfaroonline.com.ar\\\/index.php\\\/2026\\\/04\\\/14\\\/el-gobernador-recibio-a-dirigentes-de-los-clubes-de-la-liga-catamarquena-de-futbol\\\/#mainImage\"},\"datePublished\":\"2026-04-14T11:24:43-03:00\",\"dateModified\":\"2026-04-14T11:25:06-03:00\"},{\"@type\":\"WebSite\",\"@id\":\"https:\\\/\\\/elfaroonline.com.ar\\\/#website\",\"url\":\"https:\\\/\\\/elfaroonline.com.ar\\\/\",\"name\":\"elfaroonline.com.ar\",\"inLanguage\":\"es-AR\",\"publisher\":{\"@id\":\"https:\\\/\\\/elfaroonline.com.ar\\\/#organization\"}}]}\n\t\t<\/script>\n\t\t<!-- All in One SEO -->\n\n","aioseo_head_json":{"title":"El Gobernador recibi\u00f3 a dirigentes de los clubes de la Liga Catamarque\u00f1a de F\u00fatbol","description":"El gobernador Ra\u00fal Jalil recibi\u00f3 este lunes, en Casa de Gobierno, a dirigentes de los clubes que conforman la Liga Catamarque\u00f1a de F\u00fatbol para analizar la realidad","canonical_url":"https:\/\/elfaroonline.com.ar\/index.php\/2026\/04\/14\/el-gobernador-recibio-a-dirigentes-de-los-clubes-de-la-liga-catamarquena-de-futbol\/","robots":"max-image-preview:large","keywords":"","webmasterTools":{"miscellaneous":""},"schema":{"@context":"https:\/\/schema.org","@graph":[{"@type":"BlogPosting","@id":"https:\/\/elfaroonline.com.ar\/index.php\/2026\/04\/14\/el-gobernador-recibio-a-dirigentes-de-los-clubes-de-la-liga-catamarquena-de-futbol\/#blogposting","name":"El Gobernador recibi\u00f3 a dirigentes de los clubes de la Liga Catamarque\u00f1a de F\u00fatbol","headline":"El Gobernador recibi\u00f3 a dirigentes de los clubes de la Liga Catamarque\u00f1a de F\u00fatbol","author":{"@id":"https:\/\/elfaroonline.com.ar\/index.php\/author\/elfaro\/#author"},"publisher":{"@id":"https:\/\/elfaroonline.com.ar\/#organization"},"image":{"@type":"ImageObject","url":"https:\/\/elfaroonline.com.ar\/wp-content\/uploads\/2026\/04\/El-Gobernador-recibio-a-dirigentes-de-los-clubes-de-la-Liga-Catamarquena-de-Futbol.jpg","width":3120,"height":2336},"datePublished":"2026-04-14T11:24:43-03:00","dateModified":"2026-04-14T11:25:06-03:00","inLanguage":"es-AR","mainEntityOfPage":{"@id":"https:\/\/elfaroonline.com.ar\/index.php\/2026\/04\/14\/el-gobernador-recibio-a-dirigentes-de-los-clubes-de-la-liga-catamarquena-de-futbol\/#webpage"},"isPartOf":{"@id":"https:\/\/elfaroonline.com.ar\/index.php\/2026\/04\/14\/el-gobernador-recibio-a-dirigentes-de-los-clubes-de-la-liga-catamarquena-de-futbol\/#webpage"},"articleSection":"Destacados, Pol\u00edtica"},{"@type":"BreadcrumbList","@id":"https:\/\/elfaroonline.com.ar\/index.php\/2026\/04\/14\/el-gobernador-recibio-a-dirigentes-de-los-clubes-de-la-liga-catamarquena-de-futbol\/#breadcrumblist","itemListElement":[{"@type":"ListItem","@id":"https:\/\/elfaroonline.com.ar#listItem","position":1,"name":"Home","item":"https:\/\/elfaroonline.com.ar","nextItem":{"@type":"ListItem","@id":"https:\/\/elfaroonline.com.ar\/index.php\/category\/politica\/#listItem","name":"Pol\u00edtica"}},{"@type":"ListItem","@id":"https:\/\/elfaroonline.com.ar\/index.php\/category\/politica\/#listItem","position":2,"name":"Pol\u00edtica","item":"https:\/\/elfaroonline.com.ar\/index.php\/category\/politica\/","nextItem":{"@type":"ListItem","@id":"https:\/\/elfaroonline.com.ar\/index.php\/2026\/04\/14\/el-gobernador-recibio-a-dirigentes-de-los-clubes-de-la-liga-catamarquena-de-futbol\/#listItem","name":"El Gobernador recibi\u00f3 a dirigentes de los clubes de la Liga Catamarque\u00f1a de F\u00fatbol"},"previousItem":{"@type":"ListItem","@id":"https:\/\/elfaroonline.com.ar#listItem","name":"Home"}},{"@type":"ListItem","@id":"https:\/\/elfaroonline.com.ar\/index.php\/2026\/04\/14\/el-gobernador-recibio-a-dirigentes-de-los-clubes-de-la-liga-catamarquena-de-futbol\/#listItem","position":3,"name":"El Gobernador recibi\u00f3 a dirigentes de los clubes de la Liga Catamarque\u00f1a de F\u00fatbol","previousItem":{"@type":"ListItem","@id":"https:\/\/elfaroonline.com.ar\/index.php\/category\/politica\/#listItem","name":"Pol\u00edtica"}}]},{"@type":"Organization","@id":"https:\/\/elfaroonline.com.ar\/#organization","name":"elfaroonline.com.ar","url":"https:\/\/elfaroonline.com.ar\/"},{"@type":"Person","@id":"https:\/\/elfaroonline.com.ar\/index.php\/author\/elfaro\/#author","url":"https:\/\/elfaroonline.com.ar\/index.php\/author\/elfaro\/","name":"El Faro Online","image":{"@type":"ImageObject","@id":"https:\/\/elfaroonline.com.ar\/index.php\/2026\/04\/14\/el-gobernador-recibio-a-dirigentes-de-los-clubes-de-la-liga-catamarquena-de-futbol\/#authorImage","url":"https:\/\/secure.gravatar.com\/avatar\/97dc46c3711deda1040382679fc31e66bb0f67b30b6dec3feea788d18888f5f7?s=96&d=mm&r=g","width":96,"height":96,"caption":"El Faro Online"}},{"@type":"WebPage","@id":"https:\/\/elfaroonline.com.ar\/index.php\/2026\/04\/14\/el-gobernador-recibio-a-dirigentes-de-los-clubes-de-la-liga-catamarquena-de-futbol\/#webpage","url":"https:\/\/elfaroonline.com.ar\/index.php\/2026\/04\/14\/el-gobernador-recibio-a-dirigentes-de-los-clubes-de-la-liga-catamarquena-de-futbol\/","name":"El Gobernador recibi\u00f3 a dirigentes de los clubes de la Liga Catamarque\u00f1a de F\u00fatbol","description":"El gobernador Ra\u00fal Jalil recibi\u00f3 este lunes, en Casa de Gobierno, a dirigentes de los clubes que conforman la Liga Catamarque\u00f1a de F\u00fatbol para analizar la realidad","inLanguage":"es-AR","isPartOf":{"@id":"https:\/\/elfaroonline.com.ar\/#website"},"breadcrumb":{"@id":"https:\/\/elfaroonline.com.ar\/index.php\/2026\/04\/14\/el-gobernador-recibio-a-dirigentes-de-los-clubes-de-la-liga-catamarquena-de-futbol\/#breadcrumblist"},"author":{"@id":"https:\/\/elfaroonline.com.ar\/index.php\/author\/elfaro\/#author"},"creator":{"@id":"https:\/\/elfaroonline.com.ar\/index.php\/author\/elfaro\/#author"},"image":{"@type":"ImageObject","url":"https:\/\/elfaroonline.com.ar\/wp-content\/uploads\/2026\/04\/El-Gobernador-recibio-a-dirigentes-de-los-clubes-de-la-Liga-Catamarquena-de-Futbol.jpg","@id":"https:\/\/elfaroonline.com.ar\/index.php\/2026\/04\/14\/el-gobernador-recibio-a-dirigentes-de-los-clubes-de-la-liga-catamarquena-de-futbol\/#mainImage","width":3120,"height":2336},"primaryImageOfPage":{"@id":"https:\/\/elfaroonline.com.ar\/index.php\/2026\/04\/14\/el-gobernador-recibio-a-dirigentes-de-los-clubes-de-la-liga-catamarquena-de-futbol\/#mainImage"},"datePublished":"2026-04-14T11:24:43-03:00","dateModified":"2026-04-14T11:25:06-03:00"},{"@type":"WebSite","@id":"https:\/\/elfaroonline.com.ar\/#website","url":"https:\/\/elfaroonline.com.ar\/","name":"elfaroonline.com.ar","inLanguage":"es-AR","publisher":{"@id":"https:\/\/elfaroonline.com.ar\/#organization"}}]},"og:locale":"es_ES","og:site_name":"elfaroonline.com.ar -","og:type":"article","og:title":"El Gobernador recibi\u00f3 a dirigentes de los clubes de la Liga Catamarque\u00f1a de F\u00fatbol","og:description":"El gobernador Ra\u00fal Jalil recibi\u00f3 este lunes, en Casa de Gobierno, a dirigentes de los clubes que conforman la Liga Catamarque\u00f1a de F\u00fatbol para analizar la realidad","og:url":"https:\/\/elfaroonline.com.ar\/index.php\/2026\/04\/14\/el-gobernador-recibio-a-dirigentes-de-los-clubes-de-la-liga-catamarquena-de-futbol\/","article:published_time":"2026-04-14T14:24:43+00:00","article:modified_time":"2026-04-14T14:25:06+00:00","twitter:card":"summary_large_image","twitter:title":"El Gobernador recibi\u00f3 a dirigentes de los clubes de la Liga Catamarque\u00f1a de F\u00fatbol","twitter:description":"El gobernador Ra\u00fal Jalil recibi\u00f3 este lunes, en Casa de Gobierno, a dirigentes de los clubes que conforman la Liga Catamarque\u00f1a de F\u00fatbol para analizar la realidad"},"aioseo_meta_data":{"post_id":"5602","title":"El Gobernador recibi\u00f3 a dirigentes de los clubes de la Liga Catamarque\u00f1a de F\u00fatbol","description":"El gobernador Ra\u00fal Jalil recibi\u00f3 este lunes, en Casa de Gobierno, a dirigentes de los clubes que conforman la Liga Catamarque\u00f1a de F\u00fatbol para analizar la realidad","keywords":null,"keyphrases":{"focus":{"keyphrase":"liga catamarque\u00f1a","score":100,"analysis":{"keyphraseInTitle":{"score":9,"maxScore":9,"error":0},"keyphraseInDescription":{"score":9,"maxScore":9,"error":0},"keyphraseLength":{"score":9,"maxScore":9,"error":0,"length":3},"keyphraseInURL":{"score":5,"maxScore":5,"error":0},"keyphraseInIntroduction":{"score":9,"maxScore":9,"error":0},"keyphraseInSubHeadings":[],"keyphraseInImageAlt":[],"keywordDensity":{"type":"best","score":9,"maxScore":9,"error":0}}},"additional":[]},"primary_term":null,"canonical_url":null,"og_title":null,"og_description":null,"og_object_type":"default","og_image_type":"default","og_image_url":null,"og_image_width":null,"og_image_height":null,"og_image_custom_url":null,"og_image_custom_fields":null,"og_video":"","og_custom_url":null,"og_article_section":null,"og_article_tags":null,"twitter_use_og":false,"twitter_card":"default","twitter_image_type":"default","twitter_image_url":null,"twitter_image_custom_url":null,"twitter_image_custom_fields":null,"twitter_title":null,"twitter_description":null,"schema":{"blockGraphs":[],"customGraphs":[],"default":{"data":{"Article":[],"Course":[],"Dataset":[],"FAQPage":[],"Movie":[],"Person":[],"Product":[],"ProductReview":[],"Car":[],"Recipe":[],"Service":[],"SoftwareApplication":[],"WebPage":[]},"graphName":"BlogPosting","isEnabled":true},"graphs":[]},"schema_type":"default","schema_type_options":null,"pillar_content":false,"robots_default":true,"robots_noindex":false,"robots_noarchive":false,"robots_nosnippet":false,"robots_nofollow":false,"robots_noimageindex":false,"robots_noodp":false,"robots_notranslate":false,"robots_max_snippet":"-1","robots_max_videopreview":"-1","robots_max_imagepreview":"large","priority":null,"frequency":"default","local_seo":null,"breadcrumb_settings":null,"limit_modified_date":false,"ai":{"faqs":[],"keyPoints":[],"titles":[],"descriptions":[],"socialPosts":{"email":[],"linkedin":[],"twitter":[],"facebook":[],"instagram":[]}},"created":"2026-04-14 14:24:44","updated":"2026-04-14 14:30:25","seo_analyzer_scan_date":null,"focus_keyword":"liga catamarque\u00f1a","additional_keywords":null,"truseo_locale":null},"aioseo_breadcrumb":"<div class=\"aioseo-breadcrumbs\"><span class=\"aioseo-breadcrumb\">\n\t\t\t<a href=\"https:\/\/elfaroonline.com.ar\" title=\"Home\">Home<\/a>\n\t\t<\/span><span class=\"aioseo-breadcrumb-separator\">&raquo;<\/span><span class=\"aioseo-breadcrumb\">\n\t\t\t<a href=\"https:\/\/elfaroonline.com.ar\/index.php\/category\/politica\/\" title=\"Pol\u00edtica\">Pol\u00edtica<\/a>\n\t\t<\/span><span class=\"aioseo-breadcrumb-separator\">&raquo;<\/span><span class=\"aioseo-breadcrumb\">\n\t\t\tEl Gobernador recibi\u00f3 a dirigentes de los clubes de la Liga Catamarque\u00f1a de F\u00fatbol\n\t\t<\/span><\/div>","aioseo_breadcrumb_json":[{"label":"Home","link":"https:\/\/elfaroonline.com.ar"},{"label":"Pol\u00edtica","link":"https:\/\/elfaroonline.com.ar\/index.php\/category\/politica\/"},{"label":"El Gobernador recibi\u00f3 a dirigentes de los clubes de la Liga Catamarque\u00f1a de F\u00fatbol","link":"https:\/\/elfaroonline.com.ar\/index.php\/2026\/04\/14\/el-gobernador-recibio-a-dirigentes-de-los-clubes-de-la-liga-catamarquena-de-futbol\/"}],"_links":{"self":[{"href":"https:\/\/elfaroonline.com.ar\/index.php\/wp-json\/wp\/v2\/posts\/5602","targetHints":{"allow":["GET"]}}],"collection":[{"href":"https:\/\/elfaroonline.com.ar\/index.php\/wp-json\/wp\/v2\/posts"}],"about":[{"href":"https:\/\/elfaroonline.com.ar\/index.php\/wp-json\/wp\/v2\/types\/post"}],"author":[{"embeddable":true,"href":"https:\/\/elfaroonline.com.ar\/index.php\/wp-json\/wp\/v2\/users\/2"}],"replies":[{"embeddable":true,"href":"https:\/\/elfaroonline.com.ar\/index.php\/wp-json\/wp\/v2\/comments?post=5602"}],"version-history":[{"count":1,"href":"https:\/\/elfaroonline.com.ar\/index.php\/wp-json\/wp\/v2\/posts\/5602\/revisions"}],"predecessor-version":[{"id":5604,"href":"https:\/\/elfaroonline.com.ar\/index.php\/wp-json\/wp\/v2\/posts\/5602\/revisions\/5604"}],"wp:featuredmedia":[{"embeddable":true,"href":"https:\/\/elfaroonline.com.ar\/index.php\/wp-json\/wp\/v2\/media\/5603"}],"wp:attachment":[{"href":"https:\/\/elfaroonline.com.ar\/index.php\/wp-json\/wp\/v2\/media?parent=5602"}],"wp:term":[{"taxonomy":"category","embeddable":true,"href":"https:\/\/elfaroonline.com.ar\/index.php\/wp-json\/wp\/v2\/categories?post=5602"},{"taxonomy":"post_tag","embeddable":true,"href":"https:\/\/elfaroonline.com.ar\/index.php\/wp-json\/wp\/v2\/tags?post=5602"}],"curies":[{"name":"wp","href":"https:\/\/api.w.org\/{rel}","templated":true}]}}