{"id":5608,"date":"2026-04-14T11:29:05","date_gmt":"2026-04-14T14:29:05","guid":{"rendered":"https:\/\/elfaroonline.com.ar\/?p=5608"},"modified":"2026-04-14T11:29:05","modified_gmt":"2026-04-14T14:29:05","slug":"se-realizara-el-segundo-encuentro-del-programa-gratuito-construyendo-mi-futuro","status":"publish","type":"post","link":"https:\/\/elfaroonline.com.ar\/index.php\/2026\/04\/14\/se-realizara-el-segundo-encuentro-del-programa-gratuito-construyendo-mi-futuro\/","title":{"rendered":"Se realizar\u00e1 el segundo encuentro del programa gratuito \u201cConstruyendo mi Futuro\u201d"},"content":{"rendered":"<div style=\"text-align: justify;\">En la continuidad de las acciones destinadas al acompa\u00f1amiento y formaci\u00f3n de la juventud catamarque\u00f1a, la Vicegobernaci\u00f3n que conduce Rub\u00e9n Dusso invita a participar del segundo encuentro del ciclo 2026 del programa \u201cConstruyendo mi Futuro\u201d.<br \/>\nLa jornada se llevar\u00e1 a cabo este mi\u00e9rcoles 15 de abril, a partir de las 17:00 horas, en las instalaciones de la Biblioteca del Senado, de calle Ayacucho 560. Con un exitoso inicio de ciclo, cada taller busca profundizar en herramientas que permitan a los j\u00f3venes fortalecer su desarrollo personal y proyectar sus metas de cara al futuro.<br \/>\nEl programa, tiene como objetivo central generar espacios de contenci\u00f3n y formaci\u00f3n donde se brinden recursos pr\u00e1cticos para la orientaci\u00f3n vocacional, el liderazgo y el dise\u00f1o de proyectos de vida.<\/p>\n<p>Por inscripciones, acceder a este link\u00a0<a href=\"https:\/\/docs.google.com\/forms\/d\/e\/1FAIpQLSdLHqzlCE_zD--KPElPJMc5_YvyKUw73IZ4mRr3xr1VGa-mig\/viewform?usp=header\" target=\"_blank\" rel=\"noreferrer nofollow noopener\">https:\/\/docs.google.com\/forms\/d\/e\/1FAIpQLSdLHqzlCE_zD&#8211;KPElPJMc5_YvyKUw73IZ4mRr3xr1VGa-mig\/viewform?usp=header<\/a><\/p>\n<p><b>Sobre el m\u00e9todo<\/b><\/p>\n<p>En los encuentros del taller Construyendo mi futuro se abordan los ejes que atraviesan la elecci\u00f3n vocacional de los j\u00f3venes, como mandatos sociales y familiares, intereses vocacionales, informaci\u00f3n concreta en relaci\u00f3n a las carreras, entre otros elementos de an\u00e1lisis. As\u00ed mismo, se busca brindar a quienes participan informaci\u00f3n detallada y oficial sobre los centros educativos donde pueden llevar adelante sus estudios.<\/p>\n<p><b>Sobre el programa<\/b><\/p>\n<p>En su fundamentaci\u00f3n, el proyecto habla de la orientaci\u00f3n vocacional como una herramienta clave para brindar mecanismos de auto reconocimiento sobre las propias competencias psicoafectivas y cognitivas que se ponen en juego al momento de elegir una carrera, evitando as\u00ed la deserci\u00f3n.<\/p><\/div>\n<div><\/div>\n","protected":false},"excerpt":{"rendered":"<p>En la continuidad de las acciones destinadas al acompa\u00f1amiento y formaci\u00f3n de la juventud catamarque\u00f1a, la Vicegobernaci\u00f3n que conduce Rub\u00e9n Dusso invita a participar del segundo encuentro del ciclo 2026 del programa \u201cConstruyendo mi Futuro\u201d. La jornada se llevar\u00e1 a cabo este mi\u00e9rcoles 15 de abril, a partir de las 17:00 horas, en las instalaciones [&hellip;]<\/p>\n","protected":false},"author":2,"featured_media":5609,"comment_status":"open","ping_status":"open","sticky":false,"template":"","format":"standard","meta":{"footnotes":""},"categories":[20],"tags":[],"class_list":{"0":"post-5608","1":"post","2":"type-post","3":"status-publish","4":"format-standard","5":"has-post-thumbnail","7":"category-sociedad"},"aioseo_notices":[],"aioseo_head":"\n\t\t<!-- All in One SEO 5.0.0.1 - aioseo.com -->\n\t<meta name=\"description\" content=\"En la continuidad de las acciones destinadas al acompa\u00f1amiento y formaci\u00f3n de la juventud catamarque\u00f1a, la Vicegobernaci\u00f3n que conduce Rub\u00e9n Dusso\" \/>\n\t<meta name=\"robots\" content=\"max-image-preview:large\" \/>\n\t<meta name=\"author\" content=\"El Faro Online\"\/>\n\t<link rel=\"canonical\" href=\"https:\/\/elfaroonline.com.ar\/index.php\/2026\/04\/14\/se-realizara-el-segundo-encuentro-del-programa-gratuito-construyendo-mi-futuro\/\" \/>\n\t<meta name=\"generator\" content=\"All in One SEO (AIOSEO) 5.0.0.1\" \/>\n\t\t<meta property=\"og:locale\" content=\"es_ES\" \/>\n\t\t<meta property=\"og:site_name\" content=\"elfaroonline.com.ar -\" \/>\n\t\t<meta property=\"og:type\" content=\"article\" \/>\n\t\t<meta property=\"og:title\" content=\"Se realizar\u00e1 el segundo encuentro del programa gratuito \u201cConstruyendo mi Futuro\u201d\" \/>\n\t\t<meta property=\"og:description\" content=\"En la continuidad de las acciones destinadas al acompa\u00f1amiento y formaci\u00f3n de la juventud catamarque\u00f1a, la Vicegobernaci\u00f3n que conduce Rub\u00e9n Dusso\" \/>\n\t\t<meta property=\"og:url\" content=\"https:\/\/elfaroonline.com.ar\/index.php\/2026\/04\/14\/se-realizara-el-segundo-encuentro-del-programa-gratuito-construyendo-mi-futuro\/\" \/>\n\t\t<meta property=\"article:published_time\" content=\"2026-04-14T14:29:05+00:00\" \/>\n\t\t<meta property=\"article:modified_time\" content=\"2026-04-14T14:29:05+00:00\" \/>\n\t\t<meta name=\"twitter:card\" content=\"summary_large_image\" \/>\n\t\t<meta name=\"twitter:title\" content=\"Se realizar\u00e1 el segundo encuentro del programa gratuito \u201cConstruyendo mi Futuro\u201d\" \/>\n\t\t<meta name=\"twitter:description\" content=\"En la continuidad de las acciones destinadas al acompa\u00f1amiento y formaci\u00f3n de la juventud catamarque\u00f1a, la Vicegobernaci\u00f3n que conduce Rub\u00e9n Dusso\" \/>\n\t\t<script type=\"application\/ld+json\" class=\"aioseo-schema\">\n\t\t\t{\"@context\":\"https:\\\/\\\/schema.org\",\"@graph\":[{\"@type\":\"BlogPosting\",\"@id\":\"https:\\\/\\\/elfaroonline.com.ar\\\/index.php\\\/2026\\\/04\\\/14\\\/se-realizara-el-segundo-encuentro-del-programa-gratuito-construyendo-mi-futuro\\\/#blogposting\",\"name\":\"Se realizar\\u00e1 el segundo encuentro del programa gratuito \\u201cConstruyendo mi Futuro\\u201d\",\"headline\":\"Se realizar\\u00e1 el segundo encuentro del programa gratuito \\u201cConstruyendo mi Futuro\\u201d\",\"author\":{\"@id\":\"https:\\\/\\\/elfaroonline.com.ar\\\/index.php\\\/author\\\/elfaro\\\/#author\"},\"publisher\":{\"@id\":\"https:\\\/\\\/elfaroonline.com.ar\\\/#organization\"},\"image\":{\"@type\":\"ImageObject\",\"url\":\"https:\\\/\\\/elfaroonline.com.ar\\\/wp-content\\\/uploads\\\/2026\\\/04\\\/Construyendo-Futuro.jpeg\",\"width\":1600,\"height\":1067},\"datePublished\":\"2026-04-14T11:29:05-03:00\",\"dateModified\":\"2026-04-14T11:29:05-03:00\",\"inLanguage\":\"es-AR\",\"mainEntityOfPage\":{\"@id\":\"https:\\\/\\\/elfaroonline.com.ar\\\/index.php\\\/2026\\\/04\\\/14\\\/se-realizara-el-segundo-encuentro-del-programa-gratuito-construyendo-mi-futuro\\\/#webpage\"},\"isPartOf\":{\"@id\":\"https:\\\/\\\/elfaroonline.com.ar\\\/index.php\\\/2026\\\/04\\\/14\\\/se-realizara-el-segundo-encuentro-del-programa-gratuito-construyendo-mi-futuro\\\/#webpage\"},\"articleSection\":\"Sociedad\"},{\"@type\":\"BreadcrumbList\",\"@id\":\"https:\\\/\\\/elfaroonline.com.ar\\\/index.php\\\/2026\\\/04\\\/14\\\/se-realizara-el-segundo-encuentro-del-programa-gratuito-construyendo-mi-futuro\\\/#breadcrumblist\",\"itemListElement\":[{\"@type\":\"ListItem\",\"@id\":\"https:\\\/\\\/elfaroonline.com.ar#listItem\",\"position\":1,\"name\":\"Home\",\"item\":\"https:\\\/\\\/elfaroonline.com.ar\",\"nextItem\":{\"@type\":\"ListItem\",\"@id\":\"https:\\\/\\\/elfaroonline.com.ar\\\/index.php\\\/category\\\/sociedad\\\/#listItem\",\"name\":\"Sociedad\"}},{\"@type\":\"ListItem\",\"@id\":\"https:\\\/\\\/elfaroonline.com.ar\\\/index.php\\\/category\\\/sociedad\\\/#listItem\",\"position\":2,\"name\":\"Sociedad\",\"item\":\"https:\\\/\\\/elfaroonline.com.ar\\\/index.php\\\/category\\\/sociedad\\\/\",\"nextItem\":{\"@type\":\"ListItem\",\"@id\":\"https:\\\/\\\/elfaroonline.com.ar\\\/index.php\\\/2026\\\/04\\\/14\\\/se-realizara-el-segundo-encuentro-del-programa-gratuito-construyendo-mi-futuro\\\/#listItem\",\"name\":\"Se realizar\\u00e1 el segundo encuentro del programa gratuito \\u201cConstruyendo mi Futuro\\u201d\"},\"previousItem\":{\"@type\":\"ListItem\",\"@id\":\"https:\\\/\\\/elfaroonline.com.ar#listItem\",\"name\":\"Home\"}},{\"@type\":\"ListItem\",\"@id\":\"https:\\\/\\\/elfaroonline.com.ar\\\/index.php\\\/2026\\\/04\\\/14\\\/se-realizara-el-segundo-encuentro-del-programa-gratuito-construyendo-mi-futuro\\\/#listItem\",\"position\":3,\"name\":\"Se realizar\\u00e1 el segundo encuentro del programa gratuito \\u201cConstruyendo mi Futuro\\u201d\",\"previousItem\":{\"@type\":\"ListItem\",\"@id\":\"https:\\\/\\\/elfaroonline.com.ar\\\/index.php\\\/category\\\/sociedad\\\/#listItem\",\"name\":\"Sociedad\"}}]},{\"@type\":\"Organization\",\"@id\":\"https:\\\/\\\/elfaroonline.com.ar\\\/#organization\",\"name\":\"elfaroonline.com.ar\",\"url\":\"https:\\\/\\\/elfaroonline.com.ar\\\/\"},{\"@type\":\"Person\",\"@id\":\"https:\\\/\\\/elfaroonline.com.ar\\\/index.php\\\/author\\\/elfaro\\\/#author\",\"url\":\"https:\\\/\\\/elfaroonline.com.ar\\\/index.php\\\/author\\\/elfaro\\\/\",\"name\":\"El Faro Online\",\"image\":{\"@type\":\"ImageObject\",\"@id\":\"https:\\\/\\\/elfaroonline.com.ar\\\/index.php\\\/2026\\\/04\\\/14\\\/se-realizara-el-segundo-encuentro-del-programa-gratuito-construyendo-mi-futuro\\\/#authorImage\",\"url\":\"https:\\\/\\\/secure.gravatar.com\\\/avatar\\\/97dc46c3711deda1040382679fc31e66bb0f67b30b6dec3feea788d18888f5f7?s=96&d=mm&r=g\",\"width\":96,\"height\":96,\"caption\":\"El Faro Online\"}},{\"@type\":\"WebPage\",\"@id\":\"https:\\\/\\\/elfaroonline.com.ar\\\/index.php\\\/2026\\\/04\\\/14\\\/se-realizara-el-segundo-encuentro-del-programa-gratuito-construyendo-mi-futuro\\\/#webpage\",\"url\":\"https:\\\/\\\/elfaroonline.com.ar\\\/index.php\\\/2026\\\/04\\\/14\\\/se-realizara-el-segundo-encuentro-del-programa-gratuito-construyendo-mi-futuro\\\/\",\"name\":\"Se realizar\\u00e1 el segundo encuentro del programa gratuito \\u201cConstruyendo mi Futuro\\u201d\",\"description\":\"En la continuidad de las acciones destinadas al acompa\\u00f1amiento y formaci\\u00f3n de la juventud catamarque\\u00f1a, la Vicegobernaci\\u00f3n que conduce Rub\\u00e9n Dusso\",\"inLanguage\":\"es-AR\",\"isPartOf\":{\"@id\":\"https:\\\/\\\/elfaroonline.com.ar\\\/#website\"},\"breadcrumb\":{\"@id\":\"https:\\\/\\\/elfaroonline.com.ar\\\/index.php\\\/2026\\\/04\\\/14\\\/se-realizara-el-segundo-encuentro-del-programa-gratuito-construyendo-mi-futuro\\\/#breadcrumblist\"},\"author\":{\"@id\":\"https:\\\/\\\/elfaroonline.com.ar\\\/index.php\\\/author\\\/elfaro\\\/#author\"},\"creator\":{\"@id\":\"https:\\\/\\\/elfaroonline.com.ar\\\/index.php\\\/author\\\/elfaro\\\/#author\"},\"image\":{\"@type\":\"ImageObject\",\"url\":\"https:\\\/\\\/elfaroonline.com.ar\\\/wp-content\\\/uploads\\\/2026\\\/04\\\/Construyendo-Futuro.jpeg\",\"@id\":\"https:\\\/\\\/elfaroonline.com.ar\\\/index.php\\\/2026\\\/04\\\/14\\\/se-realizara-el-segundo-encuentro-del-programa-gratuito-construyendo-mi-futuro\\\/#mainImage\",\"width\":1600,\"height\":1067},\"primaryImageOfPage\":{\"@id\":\"https:\\\/\\\/elfaroonline.com.ar\\\/index.php\\\/2026\\\/04\\\/14\\\/se-realizara-el-segundo-encuentro-del-programa-gratuito-construyendo-mi-futuro\\\/#mainImage\"},\"datePublished\":\"2026-04-14T11:29:05-03:00\",\"dateModified\":\"2026-04-14T11:29:05-03:00\"},{\"@type\":\"WebSite\",\"@id\":\"https:\\\/\\\/elfaroonline.com.ar\\\/#website\",\"url\":\"https:\\\/\\\/elfaroonline.com.ar\\\/\",\"name\":\"elfaroonline.com.ar\",\"inLanguage\":\"es-AR\",\"publisher\":{\"@id\":\"https:\\\/\\\/elfaroonline.com.ar\\\/#organization\"}}]}\n\t\t<\/script>\n\t\t<!-- All in One SEO -->\n\n","aioseo_head_json":{"title":"Se realizar\u00e1 el segundo encuentro del programa gratuito \u201cConstruyendo mi Futuro\u201d","description":"En la continuidad de las acciones destinadas al acompa\u00f1amiento y formaci\u00f3n de la juventud catamarque\u00f1a, la Vicegobernaci\u00f3n que conduce Rub\u00e9n Dusso","canonical_url":"https:\/\/elfaroonline.com.ar\/index.php\/2026\/04\/14\/se-realizara-el-segundo-encuentro-del-programa-gratuito-construyendo-mi-futuro\/","robots":"max-image-preview:large","keywords":"","webmasterTools":{"miscellaneous":""},"schema":{"@context":"https:\/\/schema.org","@graph":[{"@type":"BlogPosting","@id":"https:\/\/elfaroonline.com.ar\/index.php\/2026\/04\/14\/se-realizara-el-segundo-encuentro-del-programa-gratuito-construyendo-mi-futuro\/#blogposting","name":"Se realizar\u00e1 el segundo encuentro del programa gratuito \u201cConstruyendo mi Futuro\u201d","headline":"Se realizar\u00e1 el segundo encuentro del programa gratuito \u201cConstruyendo mi Futuro\u201d","author":{"@id":"https:\/\/elfaroonline.com.ar\/index.php\/author\/elfaro\/#author"},"publisher":{"@id":"https:\/\/elfaroonline.com.ar\/#organization"},"image":{"@type":"ImageObject","url":"https:\/\/elfaroonline.com.ar\/wp-content\/uploads\/2026\/04\/Construyendo-Futuro.jpeg","width":1600,"height":1067},"datePublished":"2026-04-14T11:29:05-03:00","dateModified":"2026-04-14T11:29:05-03:00","inLanguage":"es-AR","mainEntityOfPage":{"@id":"https:\/\/elfaroonline.com.ar\/index.php\/2026\/04\/14\/se-realizara-el-segundo-encuentro-del-programa-gratuito-construyendo-mi-futuro\/#webpage"},"isPartOf":{"@id":"https:\/\/elfaroonline.com.ar\/index.php\/2026\/04\/14\/se-realizara-el-segundo-encuentro-del-programa-gratuito-construyendo-mi-futuro\/#webpage"},"articleSection":"Sociedad"},{"@type":"BreadcrumbList","@id":"https:\/\/elfaroonline.com.ar\/index.php\/2026\/04\/14\/se-realizara-el-segundo-encuentro-del-programa-gratuito-construyendo-mi-futuro\/#breadcrumblist","itemListElement":[{"@type":"ListItem","@id":"https:\/\/elfaroonline.com.ar#listItem","position":1,"name":"Home","item":"https:\/\/elfaroonline.com.ar","nextItem":{"@type":"ListItem","@id":"https:\/\/elfaroonline.com.ar\/index.php\/category\/sociedad\/#listItem","name":"Sociedad"}},{"@type":"ListItem","@id":"https:\/\/elfaroonline.com.ar\/index.php\/category\/sociedad\/#listItem","position":2,"name":"Sociedad","item":"https:\/\/elfaroonline.com.ar\/index.php\/category\/sociedad\/","nextItem":{"@type":"ListItem","@id":"https:\/\/elfaroonline.com.ar\/index.php\/2026\/04\/14\/se-realizara-el-segundo-encuentro-del-programa-gratuito-construyendo-mi-futuro\/#listItem","name":"Se realizar\u00e1 el segundo encuentro del programa gratuito \u201cConstruyendo mi Futuro\u201d"},"previousItem":{"@type":"ListItem","@id":"https:\/\/elfaroonline.com.ar#listItem","name":"Home"}},{"@type":"ListItem","@id":"https:\/\/elfaroonline.com.ar\/index.php\/2026\/04\/14\/se-realizara-el-segundo-encuentro-del-programa-gratuito-construyendo-mi-futuro\/#listItem","position":3,"name":"Se realizar\u00e1 el segundo encuentro del programa gratuito \u201cConstruyendo mi Futuro\u201d","previousItem":{"@type":"ListItem","@id":"https:\/\/elfaroonline.com.ar\/index.php\/category\/sociedad\/#listItem","name":"Sociedad"}}]},{"@type":"Organization","@id":"https:\/\/elfaroonline.com.ar\/#organization","name":"elfaroonline.com.ar","url":"https:\/\/elfaroonline.com.ar\/"},{"@type":"Person","@id":"https:\/\/elfaroonline.com.ar\/index.php\/author\/elfaro\/#author","url":"https:\/\/elfaroonline.com.ar\/index.php\/author\/elfaro\/","name":"El Faro Online","image":{"@type":"ImageObject","@id":"https:\/\/elfaroonline.com.ar\/index.php\/2026\/04\/14\/se-realizara-el-segundo-encuentro-del-programa-gratuito-construyendo-mi-futuro\/#authorImage","url":"https:\/\/secure.gravatar.com\/avatar\/97dc46c3711deda1040382679fc31e66bb0f67b30b6dec3feea788d18888f5f7?s=96&d=mm&r=g","width":96,"height":96,"caption":"El Faro Online"}},{"@type":"WebPage","@id":"https:\/\/elfaroonline.com.ar\/index.php\/2026\/04\/14\/se-realizara-el-segundo-encuentro-del-programa-gratuito-construyendo-mi-futuro\/#webpage","url":"https:\/\/elfaroonline.com.ar\/index.php\/2026\/04\/14\/se-realizara-el-segundo-encuentro-del-programa-gratuito-construyendo-mi-futuro\/","name":"Se realizar\u00e1 el segundo encuentro del programa gratuito \u201cConstruyendo mi Futuro\u201d","description":"En la continuidad de las acciones destinadas al acompa\u00f1amiento y formaci\u00f3n de la juventud catamarque\u00f1a, la Vicegobernaci\u00f3n que conduce Rub\u00e9n Dusso","inLanguage":"es-AR","isPartOf":{"@id":"https:\/\/elfaroonline.com.ar\/#website"},"breadcrumb":{"@id":"https:\/\/elfaroonline.com.ar\/index.php\/2026\/04\/14\/se-realizara-el-segundo-encuentro-del-programa-gratuito-construyendo-mi-futuro\/#breadcrumblist"},"author":{"@id":"https:\/\/elfaroonline.com.ar\/index.php\/author\/elfaro\/#author"},"creator":{"@id":"https:\/\/elfaroonline.com.ar\/index.php\/author\/elfaro\/#author"},"image":{"@type":"ImageObject","url":"https:\/\/elfaroonline.com.ar\/wp-content\/uploads\/2026\/04\/Construyendo-Futuro.jpeg","@id":"https:\/\/elfaroonline.com.ar\/index.php\/2026\/04\/14\/se-realizara-el-segundo-encuentro-del-programa-gratuito-construyendo-mi-futuro\/#mainImage","width":1600,"height":1067},"primaryImageOfPage":{"@id":"https:\/\/elfaroonline.com.ar\/index.php\/2026\/04\/14\/se-realizara-el-segundo-encuentro-del-programa-gratuito-construyendo-mi-futuro\/#mainImage"},"datePublished":"2026-04-14T11:29:05-03:00","dateModified":"2026-04-14T11:29:05-03:00"},{"@type":"WebSite","@id":"https:\/\/elfaroonline.com.ar\/#website","url":"https:\/\/elfaroonline.com.ar\/","name":"elfaroonline.com.ar","inLanguage":"es-AR","publisher":{"@id":"https:\/\/elfaroonline.com.ar\/#organization"}}]},"og:locale":"es_ES","og:site_name":"elfaroonline.com.ar -","og:type":"article","og:title":"Se realizar\u00e1 el segundo encuentro del programa gratuito \u201cConstruyendo mi Futuro\u201d","og:description":"En la continuidad de las acciones destinadas al acompa\u00f1amiento y formaci\u00f3n de la juventud catamarque\u00f1a, la Vicegobernaci\u00f3n que conduce Rub\u00e9n Dusso","og:url":"https:\/\/elfaroonline.com.ar\/index.php\/2026\/04\/14\/se-realizara-el-segundo-encuentro-del-programa-gratuito-construyendo-mi-futuro\/","article:published_time":"2026-04-14T14:29:05+00:00","article:modified_time":"2026-04-14T14:29:05+00:00","twitter:card":"summary_large_image","twitter:title":"Se realizar\u00e1 el segundo encuentro del programa gratuito \u201cConstruyendo mi Futuro\u201d","twitter:description":"En la continuidad de las acciones destinadas al acompa\u00f1amiento y formaci\u00f3n de la juventud catamarque\u00f1a, la Vicegobernaci\u00f3n que conduce Rub\u00e9n Dusso"},"aioseo_meta_data":{"post_id":"5608","title":"Se realizar\u00e1 el segundo encuentro del programa gratuito \u201cConstruyendo mi Futuro\u201d","description":"En la continuidad de las acciones destinadas al acompa\u00f1amiento y formaci\u00f3n de la juventud catamarque\u00f1a, la Vicegobernaci\u00f3n que conduce Rub\u00e9n Dusso","keywords":null,"keyphrases":{"focus":{"keyphrase":"programa","score":88,"analysis":{"keyphraseInTitle":{"score":9,"maxScore":9,"error":0},"keyphraseInDescription":{"score":3,"maxScore":9,"error":1},"keyphraseLength":{"score":9,"maxScore":9,"error":0,"length":1},"keyphraseInURL":{"score":5,"maxScore":5,"error":0},"keyphraseInIntroduction":{"score":9,"maxScore":9,"error":0},"keyphraseInSubHeadings":[],"keyphraseInImageAlt":[],"keywordDensity":{"type":"best","score":9,"maxScore":9,"error":0}}},"additional":[]},"primary_term":null,"canonical_url":null,"og_title":null,"og_description":null,"og_object_type":"default","og_image_type":"default","og_image_url":null,"og_image_width":null,"og_image_height":null,"og_image_custom_url":null,"og_image_custom_fields":null,"og_video":"","og_custom_url":null,"og_article_section":null,"og_article_tags":null,"twitter_use_og":false,"twitter_card":"default","twitter_image_type":"default","twitter_image_url":null,"twitter_image_custom_url":null,"twitter_image_custom_fields":null,"twitter_title":null,"twitter_description":null,"schema":{"blockGraphs":[],"customGraphs":[],"default":{"data":{"Article":[],"Course":[],"Dataset":[],"FAQPage":[],"Movie":[],"Person":[],"Product":[],"ProductReview":[],"Car":[],"Recipe":[],"Service":[],"SoftwareApplication":[],"WebPage":[]},"graphName":"BlogPosting","isEnabled":true},"graphs":[]},"schema_type":"default","schema_type_options":null,"pillar_content":false,"robots_default":true,"robots_noindex":false,"robots_noarchive":false,"robots_nosnippet":false,"robots_nofollow":false,"robots_noimageindex":false,"robots_noodp":false,"robots_notranslate":false,"robots_max_snippet":"-1","robots_max_videopreview":"-1","robots_max_imagepreview":"large","priority":null,"frequency":"default","local_seo":null,"breadcrumb_settings":null,"limit_modified_date":false,"ai":{"faqs":[],"keyPoints":[],"titles":[],"descriptions":[],"socialPosts":{"email":[],"linkedin":[],"twitter":[],"facebook":[],"instagram":[]}},"created":"2026-04-14 14:29:05","updated":"2026-04-14 14:30:25","seo_analyzer_scan_date":null,"focus_keyword":"programa","additional_keywords":null,"truseo_locale":null},"aioseo_breadcrumb":"<div class=\"aioseo-breadcrumbs\"><span class=\"aioseo-breadcrumb\">\n\t\t\t<a href=\"https:\/\/elfaroonline.com.ar\" title=\"Home\">Home<\/a>\n\t\t<\/span><span class=\"aioseo-breadcrumb-separator\">&raquo;<\/span><span class=\"aioseo-breadcrumb\">\n\t\t\t<a href=\"https:\/\/elfaroonline.com.ar\/index.php\/category\/sociedad\/\" title=\"Sociedad\">Sociedad<\/a>\n\t\t<\/span><span class=\"aioseo-breadcrumb-separator\">&raquo;<\/span><span class=\"aioseo-breadcrumb\">\n\t\t\tSe realizar\u00e1 el segundo encuentro del programa gratuito \u201cConstruyendo mi Futuro\u201d\n\t\t<\/span><\/div>","aioseo_breadcrumb_json":[{"label":"Home","link":"https:\/\/elfaroonline.com.ar"},{"label":"Sociedad","link":"https:\/\/elfaroonline.com.ar\/index.php\/category\/sociedad\/"},{"label":"Se realizar\u00e1 el segundo encuentro del programa gratuito \u201cConstruyendo mi Futuro\u201d","link":"https:\/\/elfaroonline.com.ar\/index.php\/2026\/04\/14\/se-realizara-el-segundo-encuentro-del-programa-gratuito-construyendo-mi-futuro\/"}],"_links":{"self":[{"href":"https:\/\/elfaroonline.com.ar\/index.php\/wp-json\/wp\/v2\/posts\/5608","targetHints":{"allow":["GET"]}}],"collection":[{"href":"https:\/\/elfaroonline.com.ar\/index.php\/wp-json\/wp\/v2\/posts"}],"about":[{"href":"https:\/\/elfaroonline.com.ar\/index.php\/wp-json\/wp\/v2\/types\/post"}],"author":[{"embeddable":true,"href":"https:\/\/elfaroonline.com.ar\/index.php\/wp-json\/wp\/v2\/users\/2"}],"replies":[{"embeddable":true,"href":"https:\/\/elfaroonline.com.ar\/index.php\/wp-json\/wp\/v2\/comments?post=5608"}],"version-history":[{"count":1,"href":"https:\/\/elfaroonline.com.ar\/index.php\/wp-json\/wp\/v2\/posts\/5608\/revisions"}],"predecessor-version":[{"id":5610,"href":"https:\/\/elfaroonline.com.ar\/index.php\/wp-json\/wp\/v2\/posts\/5608\/revisions\/5610"}],"wp:featuredmedia":[{"embeddable":true,"href":"https:\/\/elfaroonline.com.ar\/index.php\/wp-json\/wp\/v2\/media\/5609"}],"wp:attachment":[{"href":"https:\/\/elfaroonline.com.ar\/index.php\/wp-json\/wp\/v2\/media?parent=5608"}],"wp:term":[{"taxonomy":"category","embeddable":true,"href":"https:\/\/elfaroonline.com.ar\/index.php\/wp-json\/wp\/v2\/categories?post=5608"},{"taxonomy":"post_tag","embeddable":true,"href":"https:\/\/elfaroonline.com.ar\/index.php\/wp-json\/wp\/v2\/tags?post=5608"}],"curies":[{"name":"wp","href":"https:\/\/api.w.org\/{rel}","templated":true}]}}