{"id":563,"date":"2024-05-12T20:02:11","date_gmt":"2024-05-12T23:02:11","guid":{"rendered":"https:\/\/elfaroonline.com.ar\/?p=563"},"modified":"2024-05-12T20:02:11","modified_gmt":"2024-05-12T23:02:11","slug":"river-plate-goleo-3-0-a-central-cordoba-en-su-estreno-en-la-liga-profesional","status":"publish","type":"post","link":"https:\/\/elfaroonline.com.ar\/index.php\/2024\/05\/12\/river-plate-goleo-3-0-a-central-cordoba-en-su-estreno-en-la-liga-profesional\/","title":{"rendered":"River Plate gole\u00f3 3-0 a Central C\u00f3rdoba en su estreno en la Liga Profesional"},"content":{"rendered":"<p>El \u00faltimo campe\u00f3n derrot\u00f3 con comodidad al elenco de Santiago del Estero en el Monumental gracias a los goles de Facundo Colidio -2- y Esequiel Barco.<\/p>\n<div class=\"body-blogging-article \">\n<p class=\"paragraph\">El equipo que conduce Mart\u00edn Demichelis derrot\u00f3 sin problemas al elenco de Santiago del Estero y comenz\u00f3 con el pie derecho en la Liga Profesional. En un <i>Monumental<\/i> repleto, el <i>Millonario <\/i>se impuso con un doblete de <b>Facundo Colidio <\/b>y otro tanto de<b>Esequiel Barco<\/b> en el complemento.<\/p>\n<\/div>\n<div class=\"body-blogging-article \">\n<p class=\"paragraph\">River fue ampliamente superior a Central C\u00f3rdoba, que jug\u00f3 con un futbolista menos desde los 25 minutos del primer tiempo por la expulsi\u00f3n de Santiago Laquida\u00edn tuvo a su arquero, Luis Ingolotti, como figura excluyente.<\/p>\n<\/div>\n<div class=\"body-blogging-article \">\n<p class=\"paragraph\">El local pudo haber ganado con mayor amplitud en el marcador, pero no aprovech\u00f3 las bondades que ofreci\u00f3 la visita. No obstante, River gener\u00f3 grandes situaciones de gol y termin\u00f3 ganando con contundencia a la espera del choque del martes 14 de mayo ante Libertad por Copa Libertadores.<\/p>\n<\/div>\n<div class=\"body-blogging-article \">\n<p class=\"paragraph\">En la segunda fecha de la Liga Profesional, River recibir\u00e1 a Belgrano el s\u00e1bado 18, mientras que Central C\u00f3rdoba ser\u00e1 local ante Boca Juniors el domingo 19.<\/p>\n<div class=\"body-blogging-article \">\n<p class=\"paragraph\"><b>\u00a1Final del partido!<\/b><\/p>\n<\/div>\n<div class=\"body-blogging-article \">\n<p class=\"paragraph\">River Plate gole\u00f3 3-0 a Central C\u00f3rdoba de Santiago del Estero en el Monumental y comenz\u00f3 con el pie derecho en la Liga Profesional.<\/p>\n<\/div>\n<\/div>\n","protected":false},"excerpt":{"rendered":"<p>El \u00faltimo campe\u00f3n derrot\u00f3 con comodidad al elenco de Santiago del Estero en el Monumental gracias a los goles de Facundo Colidio -2- y Esequiel Barco. El equipo que conduce Mart\u00edn Demichelis derrot\u00f3 sin problemas al elenco de Santiago del Estero y comenz\u00f3 con el pie derecho en la Liga Profesional. En un Monumental repleto, [&hellip;]<\/p>\n","protected":false},"author":2,"featured_media":564,"comment_status":"open","ping_status":"open","sticky":false,"template":"","format":"standard","meta":{"footnotes":""},"categories":[25],"tags":[],"class_list":{"0":"post-563","1":"post","2":"type-post","3":"status-publish","4":"format-standard","5":"has-post-thumbnail","7":"category-deportes"},"aioseo_notices":[],"_links":{"self":[{"href":"https:\/\/elfaroonline.com.ar\/index.php\/wp-json\/wp\/v2\/posts\/563","targetHints":{"allow":["GET"]}}],"collection":[{"href":"https:\/\/elfaroonline.com.ar\/index.php\/wp-json\/wp\/v2\/posts"}],"about":[{"href":"https:\/\/elfaroonline.com.ar\/index.php\/wp-json\/wp\/v2\/types\/post"}],"author":[{"embeddable":true,"href":"https:\/\/elfaroonline.com.ar\/index.php\/wp-json\/wp\/v2\/users\/2"}],"replies":[{"embeddable":true,"href":"https:\/\/elfaroonline.com.ar\/index.php\/wp-json\/wp\/v2\/comments?post=563"}],"version-history":[{"count":1,"href":"https:\/\/elfaroonline.com.ar\/index.php\/wp-json\/wp\/v2\/posts\/563\/revisions"}],"predecessor-version":[{"id":565,"href":"https:\/\/elfaroonline.com.ar\/index.php\/wp-json\/wp\/v2\/posts\/563\/revisions\/565"}],"wp:featuredmedia":[{"embeddable":true,"href":"https:\/\/elfaroonline.com.ar\/index.php\/wp-json\/wp\/v2\/media\/564"}],"wp:attachment":[{"href":"https:\/\/elfaroonline.com.ar\/index.php\/wp-json\/wp\/v2\/media?parent=563"}],"wp:term":[{"taxonomy":"category","embeddable":true,"href":"https:\/\/elfaroonline.com.ar\/index.php\/wp-json\/wp\/v2\/categories?post=563"},{"taxonomy":"post_tag","embeddable":true,"href":"https:\/\/elfaroonline.com.ar\/index.php\/wp-json\/wp\/v2\/tags?post=563"}],"curies":[{"name":"wp","href":"https:\/\/api.w.org\/{rel}","templated":true}]}}