{"id":5693,"date":"2026-04-26T21:09:46","date_gmt":"2026-04-27T00:09:46","guid":{"rendered":"https:\/\/elfaroonline.com.ar\/?p=5693"},"modified":"2026-04-26T21:09:46","modified_gmt":"2026-04-27T00:09:46","slug":"se-construira-un-baden-sobre-rio-rincon-en-saujil","status":"publish","type":"post","link":"https:\/\/elfaroonline.com.ar\/index.php\/2026\/04\/26\/se-construira-un-baden-sobre-rio-rincon-en-saujil\/","title":{"rendered":"Se construir\u00e1 un bad\u00e9n sobre R\u00edo Rinc\u00f3n en Saujil"},"content":{"rendered":"<p>El gobernador Ra\u00fal Jalil y el intendente de Saujil, Enzo Carrizo, suscribieron un convenio de cooperaci\u00f3n para la ejecuci\u00f3n de obras en la jurisdicci\u00f3n, orientadas a mejorar la conectividad y fortalecer la seguridad vial en el departamento Pom\u00e1n.<\/p>\n<p>El acuerdo establece la construcci\u00f3n de un bad\u00e9n sobre el r\u00edo Rinc\u00f3n, en la Ruta Provincial N\u00b025, con una extensi\u00f3n aproximada de 100 metros. La intervenci\u00f3n permitir\u00e1 optimizar la circulaci\u00f3n en la zona y brindar una soluci\u00f3n a un punto clave para el tr\u00e1nsito local y regional, favoreciendo el desarrollo y la integraci\u00f3n de la comunidad.<\/p>\n<p>A partir de lo establecido, la Direcci\u00f3n Provincial de Vialidad tendr\u00e1 a su cargo la elaboraci\u00f3n del proyecto ejecutivo, la direcci\u00f3n t\u00e9cnica de la obra y la provisi\u00f3n de los materiales necesarios. En tanto, el municipio aportar\u00e1 el personal, el equipamiento y la log\u00edstica para el desarrollo de los trabajos, incluyendo la organizaci\u00f3n del tr\u00e1nsito, tareas de seguridad y coordinaci\u00f3n operativa. La obra contempla movimientos de suelo, ejecuci\u00f3n de terraplenes, fundaciones, estructuras de hormig\u00f3n, protecci\u00f3n con piedra y se\u00f1alizaci\u00f3n vial.<\/p>\n<p>Acompa\u00f1aron la firma el director de Vialidad Provincial, Fernando Castillo; el ministro de Hacienda y Obras P\u00fablica, Juan Marchetti; el ministro de Gobierno, Seguridad y Justicia, Alberto Natella; la ministra de Trabajo, Planificaci\u00f3n y Recursos Humanos, Ver\u00f3nica Soria, y el diputado nacional Sebasti\u00e1n N\u00f3blega.<\/p>\n","protected":false},"excerpt":{"rendered":"<p>El gobernador Ra\u00fal Jalil y el intendente de Saujil, Enzo Carrizo, suscribieron un convenio de cooperaci\u00f3n para la ejecuci\u00f3n de obras en la jurisdicci\u00f3n, orientadas a mejorar la conectividad y fortalecer la seguridad vial en el departamento Pom\u00e1n. El acuerdo establece la construcci\u00f3n de un bad\u00e9n sobre el r\u00edo Rinc\u00f3n, en la Ruta Provincial N\u00b025, [&hellip;]<\/p>\n","protected":false},"author":2,"featured_media":5694,"comment_status":"open","ping_status":"open","sticky":false,"template":"","format":"standard","meta":{"footnotes":""},"categories":[23,21],"tags":[],"class_list":{"0":"post-5693","1":"post","2":"type-post","3":"status-publish","4":"format-standard","5":"has-post-thumbnail","7":"category-destacados","8":"category-politica"},"aioseo_notices":[],"_links":{"self":[{"href":"https:\/\/elfaroonline.com.ar\/index.php\/wp-json\/wp\/v2\/posts\/5693","targetHints":{"allow":["GET"]}}],"collection":[{"href":"https:\/\/elfaroonline.com.ar\/index.php\/wp-json\/wp\/v2\/posts"}],"about":[{"href":"https:\/\/elfaroonline.com.ar\/index.php\/wp-json\/wp\/v2\/types\/post"}],"author":[{"embeddable":true,"href":"https:\/\/elfaroonline.com.ar\/index.php\/wp-json\/wp\/v2\/users\/2"}],"replies":[{"embeddable":true,"href":"https:\/\/elfaroonline.com.ar\/index.php\/wp-json\/wp\/v2\/comments?post=5693"}],"version-history":[{"count":1,"href":"https:\/\/elfaroonline.com.ar\/index.php\/wp-json\/wp\/v2\/posts\/5693\/revisions"}],"predecessor-version":[{"id":5695,"href":"https:\/\/elfaroonline.com.ar\/index.php\/wp-json\/wp\/v2\/posts\/5693\/revisions\/5695"}],"wp:featuredmedia":[{"embeddable":true,"href":"https:\/\/elfaroonline.com.ar\/index.php\/wp-json\/wp\/v2\/media\/5694"}],"wp:attachment":[{"href":"https:\/\/elfaroonline.com.ar\/index.php\/wp-json\/wp\/v2\/media?parent=5693"}],"wp:term":[{"taxonomy":"category","embeddable":true,"href":"https:\/\/elfaroonline.com.ar\/index.php\/wp-json\/wp\/v2\/categories?post=5693"},{"taxonomy":"post_tag","embeddable":true,"href":"https:\/\/elfaroonline.com.ar\/index.php\/wp-json\/wp\/v2\/tags?post=5693"}],"curies":[{"name":"wp","href":"https:\/\/api.w.org\/{rel}","templated":true}]}}