{"id":5696,"date":"2026-04-26T21:12:37","date_gmt":"2026-04-27T00:12:37","guid":{"rendered":"https:\/\/elfaroonline.com.ar\/?p=5696"},"modified":"2026-04-26T21:12:37","modified_gmt":"2026-04-27T00:12:37","slug":"saleme-gestiono-en-nacion-nuevas-herramientas-para-fortalecer-la-justicia-en-catamarca","status":"publish","type":"post","link":"https:\/\/elfaroonline.com.ar\/index.php\/2026\/04\/26\/saleme-gestiono-en-nacion-nuevas-herramientas-para-fortalecer-la-justicia-en-catamarca\/","title":{"rendered":"Saleme gestion\u00f3 en Naci\u00f3n nuevas herramientas para fortalecer la justicia en Catamarca"},"content":{"rendered":"<p style=\"font-weight: 400;\">En el marco de una agenda de trabajo en la Ciudad Aut\u00f3noma de Buenos Aires, la Secretaria de Justicia y Participaci\u00f3n Ciudadana de la Provincia de Catamarca, Laila Saleme, mantuvo reuniones con autoridades del Ministerio de Justicia de la Naci\u00f3n.<\/p>\n<p style=\"font-weight: 400;\">Durante el encuentro con Mart\u00edn Cardone, Director Nacional de Asistencia T\u00e9cnica a las Justicias Provinciales y CABA, se avanz\u00f3 en l\u00edneas de articulaci\u00f3n institucional orientadas a fortalecer el acceso a la justicia en la provincia.<\/p>\n<p style=\"font-weight: 400;\">En ese sentido, se abordaron l\u00edneas de cooperaci\u00f3n t\u00e9cnica vinculadas a mediaci\u00f3n comunitaria, resoluci\u00f3n de conflictos y fortalecimiento de capacidades locales, con el objetivo de mejorar la cercan\u00eda del sistema de justicia con la ciudadan\u00eda.<\/p>\n<p style=\"font-weight: 400;\">Asimismo, se acord\u00f3 continuar trabajando de manera coordinada en el desarrollo de iniciativas conjuntas, promoviendo herramientas que contribuyan a una justicia m\u00e1s accesible, eficiente y territorialmente integrada.<\/p>\n<p style=\"font-weight: 400;\">La agenda incluy\u00f3 tambi\u00e9n el intercambio sobre futuras instancias de trabajo en el marco del Consejo Federal de Justicia (COFEJUS), con el prop\u00f3sito de fortalecer la cooperaci\u00f3n entre Naci\u00f3n y las provincias.<\/p>\n","protected":false},"excerpt":{"rendered":"<p>En el marco de una agenda de trabajo en la Ciudad Aut\u00f3noma de Buenos Aires, la Secretaria de Justicia y Participaci\u00f3n Ciudadana de la Provincia de Catamarca, Laila Saleme, mantuvo reuniones con autoridades del Ministerio de Justicia de la Naci\u00f3n. Durante el encuentro con Mart\u00edn Cardone, Director Nacional de Asistencia T\u00e9cnica a las Justicias Provinciales [&hellip;]<\/p>\n","protected":false},"author":2,"featured_media":5697,"comment_status":"open","ping_status":"open","sticky":false,"template":"","format":"standard","meta":{"footnotes":""},"categories":[23,20],"tags":[],"class_list":{"0":"post-5696","1":"post","2":"type-post","3":"status-publish","4":"format-standard","5":"has-post-thumbnail","7":"category-destacados","8":"category-sociedad"},"aioseo_notices":[],"_links":{"self":[{"href":"https:\/\/elfaroonline.com.ar\/index.php\/wp-json\/wp\/v2\/posts\/5696","targetHints":{"allow":["GET"]}}],"collection":[{"href":"https:\/\/elfaroonline.com.ar\/index.php\/wp-json\/wp\/v2\/posts"}],"about":[{"href":"https:\/\/elfaroonline.com.ar\/index.php\/wp-json\/wp\/v2\/types\/post"}],"author":[{"embeddable":true,"href":"https:\/\/elfaroonline.com.ar\/index.php\/wp-json\/wp\/v2\/users\/2"}],"replies":[{"embeddable":true,"href":"https:\/\/elfaroonline.com.ar\/index.php\/wp-json\/wp\/v2\/comments?post=5696"}],"version-history":[{"count":1,"href":"https:\/\/elfaroonline.com.ar\/index.php\/wp-json\/wp\/v2\/posts\/5696\/revisions"}],"predecessor-version":[{"id":5698,"href":"https:\/\/elfaroonline.com.ar\/index.php\/wp-json\/wp\/v2\/posts\/5696\/revisions\/5698"}],"wp:featuredmedia":[{"embeddable":true,"href":"https:\/\/elfaroonline.com.ar\/index.php\/wp-json\/wp\/v2\/media\/5697"}],"wp:attachment":[{"href":"https:\/\/elfaroonline.com.ar\/index.php\/wp-json\/wp\/v2\/media?parent=5696"}],"wp:term":[{"taxonomy":"category","embeddable":true,"href":"https:\/\/elfaroonline.com.ar\/index.php\/wp-json\/wp\/v2\/categories?post=5696"},{"taxonomy":"post_tag","embeddable":true,"href":"https:\/\/elfaroonline.com.ar\/index.php\/wp-json\/wp\/v2\/tags?post=5696"}],"curies":[{"name":"wp","href":"https:\/\/api.w.org\/{rel}","templated":true}]}}